{"id":10028,"date":"2022-12-15T12:05:12","date_gmt":"2022-12-15T15:05:12","guid":{"rendered":"https:\/\/blog.alice.com.br\/?p=10028"},"modified":"2026-02-06T12:05:56","modified_gmt":"2026-02-06T15:05:56","slug":"o-que-e-deficit-calorico-como-calcular","status":"publish","type":"post","link":"https:\/\/alice.com.br\/blog\/sua-saude\/o-que-e-deficit-calorico-como-calcular\/","title":{"rendered":"O que \u00e9 d\u00e9ficit cal\u00f3rico e como calcular?"},"content":{"rendered":"<html><body><html><body><div class=\"cta cta--post--slim_withlogo\">\n\t\t\t\t\t\t\t\t\t<a href=\"https:\/\/alice.com.br\/\">\n\t\t\t\t\t\t\t\t\t<div class=\"logo\">\n\t\t\t\t\t\t\t\t\t\t<img src=\"https:\/\/alice.com.br\/blog\/wp-content\/themes\/arada\/dist\/images\/alice.svg\" width=\"288\" height=\"150\" aria-label=\"hidden\">\n\t\t\t\t\t\t\t\t\t<\/div>\n\t\t\t\t\t\t\t\t\t<span class=\"title\">Conhe&ccedil;a a Alice<\/span><span class=\"icon icon--arrow_right\"><\/span><\/a>\n\t\t\t\t\t\t\t\t<\/div><\/body><\/html><p>Quem j&aacute; planejou emagrecer deve ter ouvido falar em &ldquo;d&eacute;ficit cal&oacute;rico&rdquo;. Embora o d&eacute;ficit seja uma condi&ccedil;&atilde;o horr&iacute;vel para a conta banc&aacute;ria, ele n&atilde;o &eacute; t&atilde;o ruim quando pensamos em calorias consumidas &ndash; e &eacute; quase uma regra para quem deseja perder peso.&nbsp;<\/p>\r\n\r\n\r\n\r\n<p>Antes de detalhar o que exatamente significa o termo, vale uma explica&ccedil;&atilde;o importante sobre o organismo. Come&ccedil;ando pelas calorias.<\/p>\r\n<h2>O que &eacute; uma caloria?<\/h2>\r\n<p>Cada vez que comemos ou bebemos algo, o corpo recebe unidades de energia, ou as chamadas calorias. Alguns alimentos garantem mais calorias, especialmente aqueles com uma grande quantidade de gordura e <a href=\"https:\/\/alice.com.br\/blog\/sua-saude\/acucar-faz-mal-como-consumir-alimento\/\" target=\"_blank\" rel=\"noreferrer noopener\">a&ccedil;&uacute;car.<\/a> Outros, menos.&nbsp;<\/p>\r\n\r\n\r\n\r\n<p>Mas o que nem todo mundo sabe &eacute; que o corpo tamb&eacute;m consome {ou queima} calorias em diversas situa&ccedil;&otilde;es. A mais cl&aacute;ssica &eacute; com a pr&aacute;tica de <a href=\"https:\/\/alice.com.br\/blog\/sua-saude\/como-acelerar-metabolismo\/\" target=\"_blank\" rel=\"noreferrer noopener\">exerc&iacute;cios f&iacute;sicos<\/a>, mas mesmo quando o organismo est&aacute; em repouso e, pasme, comendo, ele consome energia. Trata-se do efeito t&eacute;rmico dos alimentos, ou a termog&ecirc;nese induzida pela dieta, que representa a energia gasta pelo corpo para que as refei&ccedil;&otilde;es sejam digeridas {e voc&ecirc; achando que era f&aacute;cil processar todo aquele <a href=\"https:\/\/alice.com.br\/blog\/sua-saude\/cardapio-ceia-ano-novo\/\" target=\"_blank\" rel=\"noreferrer noopener\">almo&ccedil;o de domingo<\/a>, n&eacute;?}.&nbsp;<\/p>\r\n\r\n\r\n\r\n<p>Seja em repouso ou durante a digest&atilde;o, o organismo n&atilde;o gasta grandes quantidades de energia, como &eacute; poss&iacute;vel imaginar. Caso o objetivo seja perder peso, o corpo depende de uma a&ccedil;&atilde;o mais concreta. Entram em cena, ent&atilde;o, os exerc&iacute;cios e a alimenta&ccedil;&atilde;o saud&aacute;vel &ndash; com foco no d&eacute;ficit cal&oacute;rico.<\/p>\r\n\r\n\r\n\r\n<h2 class=\"wp-block-heading\">O que significa d&eacute;ficit cal&oacute;rico?<\/h2>\r\n\r\n\r\n\r\n<p>D&eacute;ficit cal&oacute;rico nada mais &eacute; do que diminuir a quantidade de energia consumida por meio da alimenta&ccedil;&atilde;o em compara&ccedil;&atilde;o com a energia gasta pelo corpo no dia a dia, conforme explica Marina Pilotto, nutricionista do Time de Sa&uacute;de da Alice, que atende na &aacute;rea cl&iacute;nica e esportiva.&nbsp;&nbsp;<\/p>\r\n<p>Antes de ajustar as calorias, &eacute; fundamental entender seu ponto de partida. Uma das formas mais comuns de avaliar se o seu peso atual est&aacute; dentro da faixa esperada pela medicina &eacute; <b><a class=\"ng-star-inserted\" href=\"https:\/\/alice.com.br\/blog\/sua-saude\/como-calcular-imc\/\" target=\"_blank\" rel=\"noopener\">aprender como calcular o IMC<\/a><\/b>, que serve como par&acirc;metro inicial para o seu plano alimentar.<\/p>\r\n\r\n\r\n\r\n<p>E, embora haja uma redu&ccedil;&atilde;o na quantidade de calorias ingeridas, o d&eacute;ficit cal&oacute;rico n&atilde;o pode gerar uma desnutri&ccedil;&atilde;o, alerta Pilotto. &ldquo;Continuar nutrindo o corpo, mesmo em d&eacute;ficit cal&oacute;rico, significa priorizar alimentos in natura e minimamente processados, e despriorizar os <a href=\"https:\/\/alice.com.br\/blog\/sua-saude\/alimentos-ultraprocessados-o-que-sao-riscos\/\" target=\"_blank\" rel=\"noreferrer noopener\">ultraprocessados<\/a>&rdquo;, explica.&nbsp;<\/p>\r\n<p>Estar em d&eacute;ficit n&atilde;o significa comer sem prazer. &Eacute; poss&iacute;vel incluir vers&otilde;es mais leves de sobremesas no dia a dia, como a <b><a class=\"ng-star-inserted\" href=\"https:\/\/alice.com.br\/blog\/sua-saude\/panqueca-de-cacau\/\" target=\"_blank\" rel=\"noopener\">panqueca de cacau<\/a><\/b>, que ajuda a controlar a compuls&atilde;o por doces com poucas calorias.<\/p>\r\n<h2>O d&eacute;ficit cal&oacute;rico funciona para emagrecer?<\/h2>\r\n<p>Para emagrecer, o corpo precisa ficar em d&eacute;ficit cal&oacute;rico. Ou seja, &eacute; preciso ter uma diferen&ccedil;a no consumo de energia (ou em quanto comemos) em rela&ccedil;&atilde;o ao gasto de energia (os exerc&iacute;cios que praticamos).<\/p>\r\n<p>Sendo assim, se h&aacute; menos energia sendo gasta do que aquela consumida, o organismo n&atilde;o entra em d&eacute;ficit cal&oacute;rico e n&atilde;o h&aacute; um processo de emagrecimento.&nbsp;<\/p>\r\n<p>E a forma como se faz o d&eacute;ficit cal&oacute;rico pode variar de pessoa para pessoa, com op&ccedil;&otilde;es que v&atilde;o de contar calorias, card&aacute;pio tradicional ou com orienta&ccedil;&otilde;es e metas a seguir.&nbsp;<\/p>\r\n\r\n\r\n<div class=\"wp-block-image\">\r\n<figure class=\"aligncenter size-large is-resized\"><a href=\"https:\/\/alice.com.br\/blog\/sua-saude\/como-montar-plano-alimentar\/?utm_source=referral&amp;utm_medium=blog&amp;utm_campaign=montar-plano-alimentar\" target=\"_blank\" rel=\"noreferrer noopener\"><figure class=\"wp-attachment-8541\" ><img loading=\"lazy\" decoding=\"async\" class=\"wp-image-8541\" src=\"https:\/\/alice.com.br\/blog\/wp-content\/uploads\/2022\/08\/plano-alimentar-semanal-banner-1024x731.jpg\" alt=\"planner plano alimentar semanal\" width=\"512\" height=\"366\" srcset=\"https:\/\/alice.com.br\/blog\/wp-content\/uploads\/2022\/08\/plano-alimentar-semanal-banner-1024x731.jpg 1024w, https:\/\/alice.com.br\/blog\/wp-content\/uploads\/2022\/08\/plano-alimentar-semanal-banner-300x214.jpg 300w, https:\/\/alice.com.br\/blog\/wp-content\/uploads\/2022\/08\/plano-alimentar-semanal-banner-768x548.jpg 768w, https:\/\/alice.com.br\/blog\/wp-content\/uploads\/2022\/08\/plano-alimentar-semanal-banner-100x71.jpg 100w, https:\/\/alice.com.br\/blog\/wp-content\/uploads\/2022\/08\/plano-alimentar-semanal-banner-150x107.jpg 150w, https:\/\/alice.com.br\/blog\/wp-content\/uploads\/2022\/08\/plano-alimentar-semanal-banner.jpg 1080w\" sizes=\"auto, (max-width: 512px) 100vw, 512px\"><\/figure><\/a><\/figure>\r\n<\/div>\r\n\r\n\r\n<h2 class=\"wp-block-heading\">Existe um valor m&iacute;nimo para o d&eacute;ficit cal&oacute;rico?<\/h2>\r\n\r\n\r\n\r\n<p>Cada corpo &eacute; &uacute;nico, mas existe uma m&eacute;dia que os profissionais da sa&uacute;de costumam usar, especialmente com pessoas com sobrepeso e obesidade: em m&eacute;dia, 500 calorias.&nbsp;<\/p>\r\n\r\n\r\n\r\n<p>Para entender o que isso representa no dia a dia de cada pessoa, os profissionais verificam qual &eacute; o consumo di&aacute;rio, quais alimentos fazem parte das refei&ccedil;&otilde;es e, ent&atilde;o, subtraem 500 calorias. &ldquo;H&aacute; perfis diferentes de pessoas que desejam perder peso. Para quem consome alimentos ultraprocessados com frequ&ecirc;ncia, o alvo ser&aacute; reduzir a presen&ccedil;a desse grupo para diminuir as calorias da alimenta&ccedil;&atilde;o&rdquo;, explica.<\/p>\r\n\r\n\r\n\r\n<p>E quem j&aacute; tiver uma alimenta&ccedil;&atilde;o rica em in natura e minimamente processados? &ldquo;Avaliamos o consumo e tentamos entender qual &eacute; o grupo de alimentos que pode estar em excesso. &Agrave;s vezes as pessoas acham que, para emagrecer, precisam consumir muita <a href=\"https:\/\/alice.com.br\/blog\/sua-saude\/alimentos-ricos-proteina\/\" target=\"_blank\" rel=\"noreferrer noopener\">prote&iacute;na <\/a>e isso pode ser excessivo&rdquo;, detalha Pilotto.&nbsp;<\/p>\r\n\r\n\r\n\r\n<p>Outro exemplo &eacute; o suco de laranja. Apesar de ser natural e saud&aacute;vel, tomar um copo de suco de laranja em toda refei&ccedil;&atilde;o n&atilde;o vai necessariamente reduzir o consumo cal&oacute;rico. De acordo com dados da<a href=\"https:\/\/www.cfn.org.br\/wp-content\/uploads\/2017\/03\/taco_4_edicao_ampliada_e_revisada.pdf\" target=\"_blank\" rel=\"noreferrer noopener nofollow\"> Tabela Brasileira de Composi&ccedil;&atilde;o dos Alimentos<\/a>, a laranja-ba&iacute;a, na vers&atilde;o suco, oferece 37 kcal (quilocaloria). No geral, 1 suco de laranja &eacute; feito com 4 laranjas {e quem &eacute; que come 4 laranjas depois do almo&ccedil;o, n&eacute;?}<\/p>\r\n\r\n\r\n\r\n<h2 class=\"wp-block-heading\">D&eacute;ficit cal&oacute;rico versus contar calorias<\/h2>\r\n\r\n\r\n\r\n<p>H&aacute; quem prefira manter uma vigil&acirc;ncia da alimenta&ccedil;&atilde;o e opte por contar as calorias de tudo o que consome &ndash; e essa &eacute; uma das estrat&eacute;gias para atingir o d&eacute;ficit cal&oacute;rico. Mas, segundo Pilotto, n&atilde;o &eacute; absolutamente necess&aacute;rio.&nbsp;<\/p>\r\n\r\n\r\n\r\n<p>&ldquo;Tem quem goste de fazer esse c&aacute;lculo e acompanhe por meio de aplicativos se est&aacute; dentro dos par&acirc;metros, mas outras pessoas apenas seguem o plano alimentar, de olho nas quantidades e nas propor&ccedil;&otilde;es. E isso funciona da mesma forma, porque os c&aacute;lculos do d&eacute;ficit cal&oacute;rico s&atilde;o contemplados nos planos alimentares, ent&atilde;o n&atilde;o &eacute; preciso se preocupar&rdquo;, detalha.&nbsp;<\/p>\r\n\r\n\r\n\r\n<h2 class=\"wp-block-heading\">Por quanto tempo devo manter um d&eacute;ficit cal&oacute;rico?<\/h2>\r\n\r\n\r\n\r\n<p>Tr&ecirc;s a seis meses &eacute; o tempo m&eacute;dio para manter a alimenta&ccedil;&atilde;o em um d&eacute;ficit cal&oacute;rico e obter resultados que variam de 5% a 10% do peso para pessoas que est&atilde;o com sobrepeso ou obesidade, segundo Pilotto. Esses dados, inclusive o tempo, variam conforme o organismo e, passado o tempo, &eacute; preciso reavaliar a estrat&eacute;gia.&nbsp;<\/p>\r\n\r\n\r\n\r\n<p>&ldquo;Pode ser que, para algumas pessoas, sejam necess&aacute;rios mais alguns meses. O corpo n&atilde;o &eacute; el&aacute;stico ou supermold&aacute;vel e leva alguns meses at&eacute; ter resultados. Para outras, talvez seja tempo suficiente e, se for o caso, fazemos o reajuste da alimenta&ccedil;&atilde;o para que ela n&atilde;o fique mais em d&eacute;ficit, ou em super&aacute;vit cal&oacute;rico&rdquo;, explica a nutricionista.&nbsp;<\/p>\r\n<h2>Cuidados necess&aacute;rios e riscos de fazer d&eacute;ficit cal&oacute;rico<\/h2>\r\n\r\n\r\n\r\n<p>Se ficar em d&eacute;ficit cal&oacute;rico por mais tempo que o necess&aacute;rio, h&aacute; riscos? Pilotto explica que, nessa situa&ccedil;&atilde;o, alguns sintomas podem surgir, como:<\/p>\r\n\r\n\r\n\r\n<ul class=\"wp-block-list\">\r\n<li>Fraqueza;<\/li>\r\n\r\n\r\n\r\n<li>Dificuldade em render bem nos exerc&iacute;cios f&iacute;sicos;<\/li>\r\n\r\n\r\n\r\n<li>Falta de energia e disposi&ccedil;&atilde;o.&nbsp;<\/li>\r\n<\/ul>\r\n\r\n\r\n\r\n<p>&ldquo;O corpo cobra a conta de se expor demais a um d&eacute;ficit que n&atilde;o &eacute; necess&aacute;rio&rdquo;, alerta. Para quem deseja aliar o d&eacute;ficit cal&oacute;rico ao jejum intermitente, na tentativa de emagrecer mais r&aacute;pido, Pilotto desaconselha. &ldquo;O jejum n&atilde;o &eacute; superior a nenhuma estrat&eacute;gia e ele n&atilde;o faz parte, necessariamente, do d&eacute;ficit cal&oacute;rico. Uma pessoa pode estar em d&eacute;ficit mesmo se ela se alimentar seis vezes ao dia, a cada duas horas. O importante &eacute; se nutrir bem porque, quanto mais radical, menos sustent&aacute;vel vai ser&rdquo;, afirma.<\/p>\r\n<h2>Existem benef&iacute;cios em fazer o d&eacute;ficit cal&oacute;rico?<\/h2>\r\n<p>Sim, especialmente para quem est&aacute; pensando em emagrecer ou ter uma alimenta&ccedil;&atilde;o mais saud&aacute;vel.<\/p>\r\n<p>Isso porque uma das medidas para diminuir as calorias consumidas &eacute; avaliar o consumo di&aacute;rio e entender onde pode estar o excesso. Um dos campe&otilde;es s&atilde;o {imagine s&oacute;} os <a href=\"https:\/\/alice.com.br\/blog\/sua-saude\/alimentos-ultraprocessados-o-que-sao-riscos\/\" target=\"_blank\" rel=\"noopener\">alimentos ultraprocessados<\/a>, como refrigerantes, biscoitos, sorvetes, macarr&atilde;o instant&acirc;neo, salgadinhos, entre v&aacute;rios outros exemplos.&nbsp;<\/p>\r\n<p>&ldquo;Melhor forma de sucesso para ter o d&eacute;ficit cal&oacute;rico &eacute; juntar duas estrat&eacute;gias: alimenta&ccedil;&atilde;o e exerc&iacute;cios. Estes ajudam porque aumentam o gasto de energia e, dependendo do perfil da pr&aacute;tica, o corpo gasta energia para executar os movimentos, mas tamb&eacute;m para recuperar o corpo depois do treino. &Eacute; muito relevante quando a alimenta&ccedil;&atilde;o e os exerc&iacute;cios est&atilde;o juntos&rdquo;, explica Pilotto.&nbsp;<\/p>\r\n<h2>Como calcular o d&eacute;ficit cal&oacute;rico? Passo a passo<\/h2>\r\n<h3>Primeiro passo: descubra qual &eacute; o seu gasto cal&oacute;rico<\/h3>\r\n<p>Para isso, vale buscar um profissional de sa&uacute;de que auxilie no c&aacute;lculo, determinando quanto de energia &eacute; consumida e quanto &eacute; gasta por dia.&nbsp;<\/p>\r\n<p>S&oacute; assim ser&aacute; poss&iacute;vel verificar se um d&eacute;ficit cal&oacute;rico faz sentido mesmo para cada caso.&nbsp;<\/p>\r\n<h3>Segundo passo: mantenha uma rotina fisicamente ativa<\/h3>\r\n<p>Al&eacute;m da alimenta&ccedil;&atilde;o, os exerc&iacute;cios f&iacute;sicos podem contribuir com o d&eacute;ficit cal&oacute;rico. Afinal, neste processo queremos aumentar a quantidade de energia gasta pelo corpo &mdash; e os exerc&iacute;cios f&iacute;sicos s&atilde;o uma maneira de atingir isso.&nbsp;<\/p>\r\n<p>Agora, n&atilde;o caia no papo de que s&oacute; fazendo exerc&iacute;cios que voc&ecirc; pode se permitir comer um docinho favorito, t&aacute;? &ldquo;Essa ideia de se exercitar para comer n&atilde;o &eacute; legal, porque traz uma ideia de compensa&ccedil;&atilde;o, que n&atilde;o precisa existir. D&aacute; para conciliar o exerc&iacute;cio com a alimenta&ccedil;&atilde;o, sem essa ideia de ficar &lsquo;devendo'&rdquo;, orienta a nutricionista.<\/p>\r\n<h3>Terceiro passo: identifique os ultraprocessados da alimenta&ccedil;&atilde;o e reduza<\/h3>\r\n<p>Ser&aacute; que aquele macarr&atilde;o instant&acirc;neo &eacute; realmente necess&aacute;rio no seu dia a dia? Ou o biscoito {ou a bolacha}? E o refrigerante? Substituindo esses alimentos da alimenta&ccedil;&atilde;o por vers&otilde;es in natura ou minimamente processadas j&aacute; ajuda a come&ccedil;ar um d&eacute;ficit cal&oacute;rico.<\/p>\r\n<h2>Entenda o conceito de balan&ccedil;o energ&eacute;tico<\/h2>\r\n<p>Se d&eacute;ficit energ&eacute;tico significa um desequil&iacute;brio entre a energia que se consome em compara&ccedil;&atilde;o com a energia que o corpo gasta, balan&ccedil;o energ&eacute;tico se refere ao equil&iacute;brio dessas duas medidas.<\/p>\r\n<p>Ou seja, o balan&ccedil;o energ&eacute;tico est&aacute; na rela&ccedil;&atilde;o entre as calorias que foram absorvidas por meio da alimenta&ccedil;&atilde;o e as calorias usadas pelo organismo para as atividades.&nbsp;<\/p>\r\n<h3>Taxa metab&oacute;lica basal<\/h3>\r\n<p>E a taxa metab&oacute;lica basal? Para entend&ecirc;-la, &eacute; preciso relembrar um conceito importante: mesmo quando est&aacute; parado ou dormindo, o corpo est&aacute; gastando energia tamb&eacute;m.&nbsp;<\/p>\r\n<p>Afinal, processos vitais como a respira&ccedil;&atilde;o, o batimento card&iacute;aco e a manuten&ccedil;&atilde;o dos &oacute;rg&atilde;os e sistemas demandam energia. &Eacute; esse gasto energ&eacute;tico que &eacute; conhecido por gasto cal&oacute;rico em repouso ou metabolismo basal. O valor total desse gasto &eacute; conhecido pela taxa metab&oacute;lica basal.&nbsp;<\/p>\r\n<p>No final de um dia, ao somarmos todas as energias gastas com o corpo parado + em movimento, calculamos o gasto energ&eacute;tico di&aacute;rio total.&nbsp;<\/p>\r\n<h2>Como calcular a quantidade de calorias necess&aacute;rias por dia?<\/h2>\r\n<p>Cada corpo &eacute; &uacute;nico e v&aacute;rios fatores influenciam no c&aacute;lculo de quantas calorias s&atilde;o necess&aacute;rias por dia. Entre eles:<\/p>\r\n<ul>\r\n<li>Idade;<\/li>\r\n<li>Metabolismo;<\/li>\r\n<li>Exerc&iacute;cios f&iacute;sicos;<\/li>\r\n<li>Atividades f&iacute;sicas;<\/li>\r\n<li>G&ecirc;nero;<\/li>\r\n<li>Alimenta&ccedil;&atilde;o.<\/li>\r\n<\/ul>\r\n<p>Em geral, a recomenda&ccedil;&atilde;o m&eacute;dia de calorias ingeridas por dia &eacute; de 2000 para mulheres e 2.500 para homens, de acordo com dados do <a href=\"https:\/\/www.nhs.uk\/common-health-questions\/food-and-diet\/what-should-my-daily-intake-of-calories-be\/\" target=\"_blank\" rel=\"nofollow noopener\">sistema de sa&uacute;de brit&acirc;nico<\/a> (conhecido pela sigla NHS). Esses dados se referem a pessoas adultas e saud&aacute;veis, j&aacute; que outras idades ou condi&ccedil;&otilde;es podem interferir nas calorias necess&aacute;rias.&nbsp;<\/p>\r\n<p>Por exemplo, uma crian&ccedil;a ou adolescente precisam de mais energia que um adulto e podem consumir mais calorias. Isso tamb&eacute;m acontece entre atletas ou pessoas que praticam exerc&iacute;cios f&iacute;sicos de alta performance. Para calcular o quanto de calorias uma pessoa precisa consumir por dia, o melhor caminho &eacute; buscar profissionais da sa&uacute;de que orientem e auxiliem nesse processo.&nbsp;<\/p>\r\n\r\n\r\n\r\n<h2 class=\"wp-block-heading\">Como a Alice te ajuda a ter refei&ccedil;&otilde;es mais saud&aacute;veis?<\/h2>\r\n\r\n\r\n\r\n<p>A <a href=\"https:\/\/alice.com.br\/\" target=\"_blank\" rel=\"noreferrer noopener\">Alice&nbsp;<\/a>&eacute; uma gestora de sa&uacute;de, que tem tudo que um plano de sa&uacute;de tem {hospitais, laborat&oacute;rios e m&eacute;dicos credenciados}, mas vai al&eacute;m.&nbsp;<\/p>\r\n\r\n\r\n\r\n<p>A gestora de sa&uacute;de Alice acompanha a sa&uacute;de de cada membro de pertinho, de forma personalizada e coordenada, com foco na promo&ccedil;&atilde;o de h&aacute;bitos saud&aacute;veis.&nbsp;<\/p>\r\n\r\n\r\n\r\n<p>Assim como uma gestora de investimento te auxilia na hora de investir seu dinheiro, uma gestora de sa&uacute;de &eacute; respons&aacute;vel por ajudar voc&ecirc; a definir suas metas de sa&uacute;de e dar todo o apoio que voc&ecirc; precisa para se manter saud&aacute;vel.<\/p>\r\n\r\n\r\n\r\n<p>Se ter uma alimenta&ccedil;&atilde;o melhor ou uma rela&ccedil;&atilde;o diferente com a comida est&aacute; entre as suas metas, a Alice te ajuda a alcan&ccedil;ar esse objetivo, seja com conte&uacute;dos explicativos, receitas {voc&ecirc; j&aacute; conhece o nosso&nbsp;<a href=\"https:\/\/alice.com.br\/ebook-alice-na-cozinha\" target=\"_blank\" rel=\"noreferrer noopener\">ebook de receitas saud&aacute;veis Alice na Cozinha?<\/a>} ou com orienta&ccedil;&otilde;es personalizadas.<\/p>\r\n\r\n\r\n\r\n<p>A Alice tamb&eacute;m promove os Encontros de Nutri&ccedil;&atilde;o, que s&atilde;o espa&ccedil;os de trocas {livre de julgamentos!} onde os membros da Alice compartilham suas d&uacute;vidas e aprendem diferentes aspectos da alimenta&ccedil;&atilde;o. Olha s&oacute; a lista completa:<\/p>\r\n\r\n\r\n\r\n<ul class=\"wp-block-list\">\r\n<li>Encontro de Comportamento Alimentar, ou como melhorar a sua rela&ccedil;&atilde;o com a comida;<\/li>\r\n\r\n\r\n\r\n<li>Encontro de Alimenta&ccedil;&atilde;o Vegetariana, para quem &eacute; vegetariano, vegano ou apenas quer saber um pouco mais;<\/li>\r\n\r\n\r\n\r\n<li>Encontro de Planejamento Alimentar, para quem sabe o que quer comer, mas n&atilde;o consegue colocar em pr&aacute;tica;<\/li>\r\n\r\n\r\n\r\n<li>Encontro de Nutri&ccedil;&atilde;o e Esporte, com orienta&ccedil;&otilde;es sobre os diferentes tipos de suplementos dispon&iacute;veis hoje;<\/li>\r\n\r\n\r\n\r\n<li>Encontro de Alimenta&ccedil;&atilde;o Equilibrada, para quem se sente um pouco perdido e quer fazer boas escolhas;<\/li>\r\n\r\n\r\n\r\n<li>Encontro de Introdu&ccedil;&atilde;o Alimentar, voltado aos cuidadores dos membrinhos entre os 6 e 12 meses.<\/li>\r\n<\/ul>\r\n\r\n\r\n\r\n<p>A Alice tem sempre o foco de te deixar mais saud&aacute;vel, incluindo a ado&ccedil;&atilde;o de novos h&aacute;bitos alimentares que fa&ccedil;am sentido para voc&ecirc;.<\/p>\r\n\r\n<html><body><div class=\"cta cta--post--slim_withlogo\">\n\t\t\t\t\t\t\t\t\t<a href=\"https:\/\/alice.com.br\/\">\n\t\t\t\t\t\t\t\t\t<div class=\"logo\">\n\t\t\t\t\t\t\t\t\t\t<img src=\"https:\/\/alice.com.br\/blog\/wp-content\/themes\/arada\/dist\/images\/alice.svg\" width=\"288\" height=\"150\" aria-label=\"hidden\">\n\t\t\t\t\t\t\t\t\t<\/div>\n\t\t\t\t\t\t\t\t\t<span class=\"title\">Conhe&ccedil;a a Alice<\/span><span class=\"icon icon--arrow_right\"><\/span><\/a>\n\t\t\t\t\t\t\t\t<\/div><\/body><\/html><\/body><\/html>\n","protected":false},"excerpt":{"rendered":"Manter a diferen\u00e7a entre o que se consome na alimenta\u00e7\u00e3o e o que se gasta em energia \u00e9 o c\u00e1lculo do d\u00e9ficit cal\u00f3rico.","protected":false},"author":21,"featured_media":10043,"comment_status":"closed","ping_status":"closed","sticky":false,"template":"","format":"standard","meta":{"_acf_changed":false,"footnotes":""},"categories":[5],"tags":[75,92,131],"class_list":["post-10028","post","type-post","status-publish","format-standard","has-post-thumbnail","hentry","category-sua-saude","tag-alimentacao","tag-bem-estar","tag-qualidade-de-vida"],"acf":[],"_links":{"self":[{"href":"https:\/\/alice.com.br\/blog\/wp-json\/wp\/v2\/posts\/10028","targetHints":{"allow":["GET"]}}],"collection":[{"href":"https:\/\/alice.com.br\/blog\/wp-json\/wp\/v2\/posts"}],"about":[{"href":"https:\/\/alice.com.br\/blog\/wp-json\/wp\/v2\/types\/post"}],"author":[{"embeddable":true,"href":"https:\/\/alice.com.br\/blog\/wp-json\/wp\/v2\/users\/21"}],"replies":[{"embeddable":true,"href":"https:\/\/alice.com.br\/blog\/wp-json\/wp\/v2\/comments?post=10028"}],"version-history":[{"count":19,"href":"https:\/\/alice.com.br\/blog\/wp-json\/wp\/v2\/posts\/10028\/revisions"}],"predecessor-version":[{"id":20329,"href":"https:\/\/alice.com.br\/blog\/wp-json\/wp\/v2\/posts\/10028\/revisions\/20329"}],"wp:featuredmedia":[{"embeddable":true,"href":"https:\/\/alice.com.br\/blog\/wp-json\/wp\/v2\/media\/10043"}],"wp:attachment":[{"href":"https:\/\/alice.com.br\/blog\/wp-json\/wp\/v2\/media?parent=10028"}],"wp:term":[{"taxonomy":"category","embeddable":true,"href":"https:\/\/alice.com.br\/blog\/wp-json\/wp\/v2\/categories?post=10028"},{"taxonomy":"post_tag","embeddable":true,"href":"https:\/\/alice.com.br\/blog\/wp-json\/wp\/v2\/tags?post=10028"}],"curies":[{"name":"wp","href":"https:\/\/api.w.org\/{rel}","templated":true}]}}