{"id":11556,"date":"2023-02-17T17:58:55","date_gmt":"2023-02-17T20:58:55","guid":{"rendered":"https:\/\/blog.alice.com.br\/?p=11556"},"modified":"2026-03-03T11:56:39","modified_gmt":"2026-03-03T14:56:39","slug":"carencia-plano-saude-como-funciona","status":"publish","type":"post","link":"https:\/\/alice.com.br\/blog\/plano-de-saude\/carencia-plano-saude-como-funciona\/","title":{"rendered":"Tudo o que voc\u00ea precisa saber sobre a car\u00eancia do plano de sa\u00fade"},"content":{"rendered":"<html><body><html><body><div class=\"cta cta--post--slim_withlogo\">\n\t\t\t\t\t\t\t\t\t<a href=\"https:\/\/alice.com.br\/precos-e-tipos-de-planos-empresariais-alice\">\n\t\t\t\t\t\t\t\t\t<div class=\"logo\">\n\t\t\t\t\t\t\t\t\t\t<img src=\"https:\/\/alice.com.br\/blog\/wp-content\/themes\/arada\/dist\/images\/alice.svg\" width=\"288\" height=\"150\" aria-label=\"hidden\">\n\t\t\t\t\t\t\t\t\t<\/div>\n\t\t\t\t\t\t\t\t\t<span class=\"title\">Ver pre&ccedil;os e planos<\/span><span class=\"icon icon--arrow_right\"><\/span><\/a>\n\t\t\t\t\t\t\t\t<\/div><\/body><\/html><p><span>A car&ecirc;ncia do plano de sa&uacute;de &eacute; o<\/span><b> per&iacute;odo contado a partir da vig&ecirc;ncia do contrato<\/b><span> durante o qual o benefici&aacute;rio ainda n&atilde;o pode utilizar algumas coberturas.&nbsp;<\/span><\/p>\n<p><span>Esse prazo n&atilde;o &eacute; definido livremente pelas operadoras: <\/span><b>ele &eacute; regulado pela <\/b><a href=\"https:\/\/alice.com.br\/blog\/plano-de-saude\/qual-a-funcao-da-ans\/\"><b>Ag&ecirc;ncia Nacional de Sa&uacute;de Suplementar (ANS)<\/b><\/a><span>, que estabelece limites m&aacute;ximos para a car&ecirc;ncia de cada tipo de procedimento.<\/span><\/p>\n<p><span>Por isso, neste artigo, voc&ecirc; vai entender que o <\/span><b>per&iacute;odo de car&ecirc;ncia &eacute; fundamental<\/b><span> antes de contratar um plano, como um plano empresarial.&nbsp;<\/span><\/p><html><body><div class=\"cta cta--post--slim_withlogo\">\n\t\t\t\t\t\t\t\t\t<a href=\"https:\/\/alice.com.br\/\">\n\t\t\t\t\t\t\t\t\t<div class=\"logo\">\n\t\t\t\t\t\t\t\t\t\t<img src=\"https:\/\/alice.com.br\/blog\/wp-content\/themes\/arada\/dist\/images\/alice.svg\" width=\"288\" height=\"150\" aria-label=\"hidden\">\n\t\t\t\t\t\t\t\t\t<\/div>\n\t\t\t\t\t\t\t\t\t<span class=\"title\">Conhe&ccedil;a a Alice<\/span><span class=\"icon icon--arrow_right\"><\/span><\/a>\n\t\t\t\t\t\t\t\t<\/div><\/body><\/html>\n<h2><b>O que &eacute; car&ecirc;ncia no plano de sa&uacute;de?<\/b><\/h2>\n<p><span>Car&ecirc;ncia no plano de sa&uacute;de &eacute; o prazo determinado em contrato durante o qual o benefici&aacute;rio ainda <\/span><b>n&atilde;o pode utilizar determinadas coberturas do plano.<\/b><\/p>\n<p><span>Ela existe para assegurar e evitar que pessoas contratem o plano apenas para realizar um<\/span><b> procedimento imediato e depois cancelem.<\/b><\/p>\n<p><span>Esse per&iacute;odo &eacute; regulamentado pela ANS (Ag&ecirc;ncia Nacional de Sa&uacute;de Suplementar), que <\/span><b>define os prazos m&aacute;ximos<\/b><span> que podem ser exigidos pelas operadoras.&nbsp;<\/span><\/p>\n<p><span>E tudo precisa estar <\/span><b>descrito com clareza no contrato.<\/b><\/p>\n<p><span>Se voc&ecirc; quiser compreender o contexto jur&iacute;dico completo, vale a leitura do conte&uacute;do sobre a <\/span><a href=\"https:\/\/alice.com.br\/blog\/lei-dos-planos-de-saude\" target=\"_blank\" rel=\"noopener\"><b>Lei dos Planos de Sa&uacute;de<\/b><\/a><span>, que explica os direitos e deveres previstos em contrato.<\/span><\/p>\n<h2><b>Quais s&atilde;o os principais prazos de car&ecirc;ncia para planos de sa&uacute;de?<\/b><\/h2>\n<p><span>A ANS estabelece <\/span><b>prazos m&aacute;ximos<\/b><span> que as operadoras podem exigir.<\/span><\/p>\n<h3><b>Prazos m&aacute;ximos permitidos s&atilde;o<\/b><\/h3>\n<table>\n<tbody>\n<tr>\n<td>\n<p><b>Categoria de Procedimento<\/b><\/p>\n<\/td>\n<td>\n<p><b>Prazo M&aacute;ximo Permitido<\/b><\/p>\n<\/td>\n<\/tr>\n<tr>\n<td><span>Urg&ecirc;ncia e emerg&ecirc;ncia<\/span><\/td>\n<td>\n<p><span>at&eacute; 24 horas<\/span><\/p>\n<\/td>\n<\/tr>\n<tr>\n<td><span>Consultas e exames simples<\/span><\/td>\n<td>\n<p><span>at&eacute; 30 dias<\/span><\/p>\n<\/td>\n<\/tr>\n<tr>\n<td><span>Procedimentos de m&eacute;dia e alta complexidade (interna&ccedil;&otilde;es, cirurgias eletivas e exames como tomografia, por exemplo)<\/span><\/td>\n<td>\n<p><span>at&eacute; 180 dias<\/span><\/p>\n<\/td>\n<\/tr>\n<tr>\n<td><span>Interna&ccedil;&otilde;es e cirurgias<\/span><\/td>\n<td>\n<p><span>at&eacute; 180 dias<\/span><\/p>\n<\/td>\n<\/tr>\n<tr>\n<td><span>Parto a termo (que acontecem dentro do per&iacute;odo considerado ideal da gesta&ccedil;&atilde;o, entre a 37&ordf; e a 41&ordf; semana)<\/span><\/td>\n<td>\n<p><span>at&eacute; 300 dias<\/span><\/p>\n<\/td>\n<\/tr>\n<tr>\n<td><span>Doen&ccedil;as ou les&otilde;es preexistentes (CPT)<\/span><\/td>\n<td>\n<p><span>at&eacute; 24 meses<\/span><\/p>\n<\/td>\n<\/tr>\n<\/tbody>\n<\/table>\n<h3><b>Entendendo a l&oacute;gica por tr&aacute;s dos prazos<\/b><\/h3>\n<p><span>A regra das <\/span><b>24 horas para urg&ecirc;ncia e emerg&ecirc;ncia<\/b><span> garante que o benefici&aacute;rio n&atilde;o fique sem cuidado em situa&ccedil;&otilde;es cr&iacute;ticas.&nbsp;<\/span><\/p>\n<p><span>Ap&oacute;s esse per&iacute;odo, o <\/span><b>plano deve cobrir o atendimento necess&aacute;rio <\/b><span>para estabilizar o quadro.<\/span><\/p>\n<p><span>J&aacute; os <\/span><b>30 dias para consultas e exames simples<\/b>, os <b>180 dias para cirurgias e exames complexos<\/b><span> e o<\/span><span>&nbsp;<\/span><b>prazo de 300 dias para parto<\/b><span> existem porque:<\/span><\/p>\n<ul>\n<li><b>Garantem o uso respons&aacute;vel <\/b><span>do plano de sa&uacute;de, evitando ades&otilde;es apenas para procedimentos pontuais.<\/span><\/li>\n<li><b>Contribuem para a sustentabilidade<\/b><span> do sistema, permitindo que os custos sejam compartilhados de maneira justa entre todas as pessoas.<\/span><\/li>\n<li><b>Asseguram previsibilidade <\/b><span>para as operadoras, evitando desequil&iacute;brios financeiros e mantendo a qualidade do atendimento.<\/span><\/li>\n<\/ul>\n<p><span>Por fim, os <\/span><b>24 meses relacionados a doen&ccedil;as preexistentes<\/b><span> n&atilde;o s&atilde;o exatamente uma car&ecirc;ncia tradicional, mas uma poss&iacute;vel aplica&ccedil;&atilde;o de Cobertura Parcial Tempor&aacute;ria (CPT).<\/span><\/p>\n<h2><b>O que s&atilde;o doen&ccedil;as preexistentes e como funciona a CPT?<\/b><\/h2>\n<p><a href=\"https:\/\/alice.com.br\/blog\/plano-de-saude\/doenca-ou-lesao-preexistente-quais-sao\/\"><span>Doen&ccedil;a ou les&atilde;o preexistente<\/span><\/a><span> &eacute; aquela que o benefici&aacute;rio j&aacute; sabia possuir no momento da contrata&ccedil;&atilde;o do plano.<\/span><\/p>\n<p><span>Nesses casos, pode ser aplicada a CPT (Cobertura Parcial Tempor&aacute;ria), que restringe por at&eacute;<\/span><b> 24 meses<\/b> o acesso aos<b>&nbsp;procedimentos de alta complexidade<\/b><span>, leitos de alta tecnologia e cirurgias diretamente relacionadas &agrave; condi&ccedil;&atilde;o declarada.&nbsp;<\/span><\/p>\n<p><span>Ou seja: a restri&ccedil;&atilde;o &eacute; apenas para alguns procedimentos, mas o <\/span><b>atendimento n&atilde;o &eacute; totalmente negado<\/b><span>.<\/span><\/p>\n<p><span>Esse ponto costuma gerar d&uacute;vidas e merece aten&ccedil;&atilde;o especial na an&aacute;lise contratual.&nbsp;<\/span><\/p>\n<p><span>Para aprofundar o tema, o conte&uacute;do sobre <\/span><a href=\"https:\/\/alice.com.br\/blog\/plano-de-saude\/cobertura-parcial-temporaria-plano-saude\/\"><span>cobertura parcial tempor&aacute;ria do plano de sa&uacute;de<\/span><\/a><span> detalha <\/span><b>como a regra funciona e quais s&atilde;o seus impactos pr&aacute;ticos.<\/b><\/p>\n<h2><b>Como funciona a car&ecirc;ncia no plano de sa&uacute;de?<\/b><\/h2>\n<p><span>A contagem do prazo come&ccedil;a na<\/span><b> data de vig&ecirc;ncia do contrato<\/b><span>, que pode ou n&atilde;o coincidir com a data de assinatura.<\/span><\/p>\n<p><span>Durante esse per&iacute;odo:<\/span><\/p>\n<ul>\n<li><b>Procedimentos sem car&ecirc;ncia<\/b><span> podem ser utilizados normalmente;<\/span><\/li>\n<li><b>Procedimentos com car&ecirc;ncia<\/b><span> s&oacute; ficam dispon&iacute;veis ap&oacute;s o t&eacute;rmino do prazo correspondente;<\/span><\/li>\n<li><b>Urg&ecirc;ncia e emerg&ecirc;ncia <\/b><span>seguem a regra das 24 horas.<\/span><\/li>\n<\/ul>\n<p><span>&Eacute; fundamental <\/span><b>verificar se o contrato prev&ecirc; car&ecirc;ncia padr&atilde;o da ANS<\/b><span> ou condi&ccedil;&otilde;es diferenciadas, especialmente em <\/span><a href=\"https:\/\/alice.com.br\/blog\/empresas\/plano-de-saude-corporativo\"><span>planos empresariais<\/span><\/a><span>.<\/span><\/p>\n<h2><b>Car&ecirc;ncia no plano empresarial: como funciona?<\/b><\/h2>\n<p><span>Nos planos empresariais, a aplica&ccedil;&atilde;o das car&ecirc;ncias depende do<\/span><b> n&uacute;mero de benefici&aacute;rios<\/b><span> e do modelo de contrata&ccedil;&atilde;o do plano. Assim, empresas podem ter:<\/span><\/p>\n<ul>\n<li><span>Redu&ccedil;&atilde;o de prazos de car&ecirc;ncia;<\/span><\/li>\n<li><span>Isen&ccedil;&atilde;o total de determinadas car&ecirc;ncias;<\/span><\/li>\n<li><span>Condi&ccedil;&otilde;es personalizadas negociadas contratualmente.<\/span><\/li>\n<\/ul>\n<p><span>Em <\/span><b>contratos com 30 ou mais vida<\/b><span>s, por exemplo, &eacute; comum que as operadoras flexibilizem as regras.<\/span><\/p>\n<p><span>Para empreendedores, h&aacute; tamb&eacute;m op&ccedil;&otilde;es de <\/span><a href=\"https:\/\/alice.com.br\/blog\/plano-de-saude\/tudo-sobre-planos-de-saude-me\/\"><span>planos de sa&uacute;de para ME<\/span><\/a><span> com regras espec&iacute;ficas.<\/span><\/p>\n<p><span>Por isso, para empresas, <\/span><b>a car&ecirc;ncia deixa de ser apenas uma regra regulat&oacute;ria<\/b><span> e passa a ser tamb&eacute;m um elemento estrat&eacute;gico de negocia&ccedil;&atilde;o.<\/span><\/p>\n<h2><b>Dependentes precisam cumprir car&ecirc;ncia?<\/b><\/h2>\n<p><span>Depende do momento da inclus&atilde;o.<\/span><\/p>\n<p><span>Quando o dependente entra com o titular na contrata&ccedil;&atilde;o inicial, ele<\/span><b> segue as mesmas regras contratuais.<\/b><\/p>\n<p><span>Se for inclu&iacute;do posteriormente, a operadora pode aplicar<\/span><b> car&ecirc;ncia espec&iacute;fica<\/b><span>.<\/span><\/p>\n<p><span>No caso de rec&eacute;m-nascidos inclu&iacute;dos dentro do prazo legal ap&oacute;s o nascimento, a legisla&ccedil;&atilde;o prev&ecirc; regras pr&oacute;prias que podem garantir <\/span><b>cobertura sem novas car&ecirc;ncias<\/b><span>, desde que observadas as condi&ccedil;&otilde;es contratuais.<\/span><\/p>\n<h2><b>Existe plano de sa&uacute;de sem car&ecirc;ncia?<\/b><\/h2>\n<p><span>Sim, mas isso<\/span><b> depende da modalidade<\/b><span> e das condi&ccedil;&otilde;es de contrata&ccedil;&atilde;o.<\/span><\/p>\n<p><span>Planos de sa&uacute;de sem car&ecirc;ncia costumam ocorrer em tr&ecirc;s situa&ccedil;&otilde;es principais:<\/span><\/p>\n<ul>\n<li><b>Contratos empresariais<\/b><span> com grande n&uacute;mero de benefici&aacute;rios;<\/span><\/li>\n<li><b>Portabilidade de plano<\/b><span>, quando o benefici&aacute;rio j&aacute; cumpriu car&ecirc;ncia anteriormente;<\/span><\/li>\n<li><b>Campanhas promocionais<\/b><span> espec&iacute;ficas.<\/span><\/li>\n<\/ul>\n<p><span>Mesmo nesses casos, &eacute; fundamental analisar o contrato para <\/span><b>entender se a isen&ccedil;&atilde;o &eacute; total ou parcial.<\/b><\/p>\n<h3><b>O que &eacute; a portabilidade de car&ecirc;ncia de plano de sa&uacute;de?<\/b><\/h3>\n<p><span>Portabilidade &eacute; o <\/span><b>direito de mudar de plano de sa&uacute;de<\/b><span> sem precisar cumprir novos prazos de car&ecirc;ncia, desde que sejam atendidos os crit&eacute;rios definidos pela ANS.<\/span><\/p>\n<p><span>Entre os requisitos est&atilde;o:<\/span><\/p>\n<ul>\n<li><b>Perman&ecirc;ncia m&iacute;nima<\/b><span> no plano anterior;<\/span><\/li>\n<li><b>Pagamentos em dia<\/b><span>;<\/span><\/li>\n<li><b>Compatibilidade<\/b><span> entre os planos;<\/span><\/li>\n<\/ul>\n<p><span>A portabilidade permite que o benefici&aacute;rio <\/span><b>preserve o tempo j&aacute; cumprido<\/b><span>, evitando recome&ccedil;ar do zero ao trocar de operadora.<\/span><\/p>\n<h2><b>Qual &eacute; a diferen&ccedil;a entre car&ecirc;ncia e CPT (cobertura parcial tempor&aacute;ria)?<\/b><\/h2>\n<p><span>Car&ecirc;ncia &eacute; o <\/span><b>prazo geral para utiliza&ccedil;&atilde;o de procedimentos<\/b><span>.<\/span><\/p>\n<p><span>CPT (Cobertura Parcial Tempor&aacute;ria) &eacute; uma <\/span><b>restri&ccedil;&atilde;o espec&iacute;fica aplicada a doen&ccedil;as preexistentes.<\/b><\/p>\n<p><span>Enquanto a car&ecirc;ncia afeta todos os benefici&aacute;rios rec&eacute;m-contratados, a CPT s&oacute; se aplica a quem declarou uma doen&ccedil;a ou les&atilde;o anterior.<\/span><\/p>\n<h2><b>Posso pagar para eliminar a car&ecirc;ncia do plano?<\/b><\/h2>\n<p><span>Nos planos empresariais, a negocia&ccedil;&atilde;o pode ocorrer conforme o porte da empresa, o <\/span><b>n&uacute;mero de vidas inclu&iacute;das e o modelo contratual.<\/b><\/p>\n<p><span>Nesse contexto, <\/span><b>a car&ecirc;ncia deixa de ser apenas uma regra padr&atilde;o<\/b><span> e passa a integrar a estrat&eacute;gia de contrata&ccedil;&atilde;o do benef&iacute;cio corporativo.<\/span><\/p>\n<p><span>Por isso, ao avaliar um plano corporativo, &eacute; importante analisar n&atilde;o apenas os prazos de car&ecirc;ncia, mas tamb&eacute;m o modelo assistencial, a previsibilidade financeira e a <\/span><a href=\"https:\/\/alice.com.br\/blog\/plano-de-saude\/reembolso-plano-saude-como-funciona-alice\/\"><span>pol&iacute;tica de reembolso<\/span><\/a><span>.&nbsp;<\/span><\/p>\n<h2><b>Alice tem o plano de sa&uacute;de certo para a sua empresa<\/b><\/h2>\n<p><span>Ao <\/span><b>avaliar a car&ecirc;ncia do plano de sa&uacute;de<\/b><span>, &eacute; fundamental ir al&eacute;m dos prazos previstos em contrato.&nbsp;<\/span><\/p>\n<p><span>A decis&atilde;o envolve <\/span><b>modelo assistencial, previsibilidade financeira, clareza nas regras<\/b><span> e a forma como o cuidado ser&aacute; coordenado ao longo do tempo.<\/span><\/p>\n<p><span>Mais do que cumprir exig&ecirc;ncias regulat&oacute;rias, o diferencial est&aacute; na<\/span><b> experi&ecirc;ncia de acompanhamento desde o in&iacute;cio da jornada<\/b><span>, inclusive na contrata&ccedil;&atilde;o e no entendimento das coberturas.<\/span><\/p>\n<p><span>Escolher um plano de sa&uacute;de &eacute; definir<\/span><b> como a sa&uacute;de da sua empresa ser&aacute; gerida no longo prazo<\/b><span>, com organiza&ccedil;&atilde;o, transpar&ecirc;ncia e suporte cont&iacute;nuo.<\/span><\/p>\n<html><body><div class=\"cta cta--post--slim_withlogo\">\n\t\t\t\t\t\t\t\t\t<a href=\"https:\/\/alice.com.br\/simulador\">\n\t\t\t\t\t\t\t\t\t<div class=\"logo\">\n\t\t\t\t\t\t\t\t\t\t<img src=\"https:\/\/alice.com.br\/blog\/wp-content\/themes\/arada\/dist\/images\/alice.svg\" width=\"288\" height=\"150\" aria-label=\"hidden\">\n\t\t\t\t\t\t\t\t\t<\/div>\n\t\t\t\t\t\t\t\t\t<span class=\"title\">Simule seu plano<\/span><span class=\"icon icon--arrow_right\"><\/span><\/a>\n\t\t\t\t\t\t\t\t<\/div><\/body><\/html><html><body><h2>Alice tem o plano de sa&uacute;de certo para a sua empresa!<\/h2>\n<p>Alice &eacute; uma empresa de tecnologia que oferece planos de sa&uacute;de empresarial e tem a miss&atilde;o de tornar o mundo mais saud&aacute;vel. Nossa plataforma de cuidado cont&iacute;nuo garante que os nossos membros recebam o cuidado certo, na hora certa e no lugar certo, proporcionando uma experi&ecirc;ncia excepcional para eles.<\/p>\n<p>Nossos planos t&ecirc;m cobertura nacional completa, assim como o atendimento e a experi&ecirc;ncia &uacute;nica do Alice Agora, parceiro de sa&uacute;de confi&aacute;vel para todas as horas, direto no app. Fale com o Time de Sa&uacute;de 24\/7, receba resposta em at&eacute; 60 segundos e, se precisar, j&aacute; fa&ccedil;a uma consulta virtual com nossa equipe m&eacute;dica.<\/p>\n<p>Alice tamb&eacute;m tem suporte completo ao seu RH, com dados estrat&eacute;gicos para sua gest&atilde;o &ndash; desde reports de sa&uacute;de populacional at&eacute; de custo de cuidado &ndash;, onboarding exclusivo e account manager dedicado.<\/p>\n<p>Veja como Alice cuida do seu time e do seu or&ccedil;amento.<\/p>\n<html><body><div class=\"cta cta--post--slim_withlogo\">\n\t\t\t\t\t\t\t\t\t<a href=\"https:\/\/alice.com.br\/\">\n\t\t\t\t\t\t\t\t\t<div class=\"logo\">\n\t\t\t\t\t\t\t\t\t\t<img src=\"https:\/\/alice.com.br\/blog\/wp-content\/themes\/arada\/dist\/images\/alice.svg\" width=\"288\" height=\"150\" aria-label=\"hidden\">\n\t\t\t\t\t\t\t\t\t<\/div>\n\t\t\t\t\t\t\t\t\t<span class=\"title\">Conhe&ccedil;a a Alice<\/span><span class=\"icon icon--arrow_right\"><\/span><\/a>\n\t\t\t\t\t\t\t\t<\/div><\/body><\/html><\/body><\/html><\/body><\/html>\n","protected":false},"excerpt":{"rendered":"Consultas, exames ou parto? Saiba quanto tempo voc\u00ea precisa esperar para usar o plano de sa\u00fade e veja as regras de car\u00eancia para empresas e dependentes.","protected":false},"author":5,"featured_media":1057,"comment_status":"closed","ping_status":"closed","sticky":false,"template":"","format":"standard","meta":{"_acf_changed":false,"footnotes":""},"categories":[13],"tags":[92,89,86],"class_list":["post-11556","post","type-post","status-publish","format-standard","has-post-thumbnail","hentry","category-plano-de-saude","tag-bem-estar","tag-gestora-de-saude","tag-plano-de-saude"],"acf":[],"_links":{"self":[{"href":"https:\/\/alice.com.br\/blog\/wp-json\/wp\/v2\/posts\/11556","targetHints":{"allow":["GET"]}}],"collection":[{"href":"https:\/\/alice.com.br\/blog\/wp-json\/wp\/v2\/posts"}],"about":[{"href":"https:\/\/alice.com.br\/blog\/wp-json\/wp\/v2\/types\/post"}],"author":[{"embeddable":true,"href":"https:\/\/alice.com.br\/blog\/wp-json\/wp\/v2\/users\/5"}],"replies":[{"embeddable":true,"href":"https:\/\/alice.com.br\/blog\/wp-json\/wp\/v2\/comments?post=11556"}],"version-history":[{"count":67,"href":"https:\/\/alice.com.br\/blog\/wp-json\/wp\/v2\/posts\/11556\/revisions"}],"predecessor-version":[{"id":20795,"href":"https:\/\/alice.com.br\/blog\/wp-json\/wp\/v2\/posts\/11556\/revisions\/20795"}],"wp:featuredmedia":[{"embeddable":true,"href":"https:\/\/alice.com.br\/blog\/wp-json\/wp\/v2\/media\/1057"}],"wp:attachment":[{"href":"https:\/\/alice.com.br\/blog\/wp-json\/wp\/v2\/media?parent=11556"}],"wp:term":[{"taxonomy":"category","embeddable":true,"href":"https:\/\/alice.com.br\/blog\/wp-json\/wp\/v2\/categories?post=11556"},{"taxonomy":"post_tag","embeddable":true,"href":"https:\/\/alice.com.br\/blog\/wp-json\/wp\/v2\/tags?post=11556"}],"curies":[{"name":"wp","href":"https:\/\/api.w.org\/{rel}","templated":true}]}}