{"id":15182,"date":"2023-07-13T19:12:40","date_gmt":"2023-07-13T22:12:40","guid":{"rendered":"https:\/\/blog.alice.com.br\/?p=15182"},"modified":"2026-02-09T15:32:17","modified_gmt":"2026-02-09T18:32:17","slug":"noites-mal-dormidas-quais-sao-os-efeitos-no-corpo","status":"publish","type":"post","link":"https:\/\/alice.com.br\/blog\/sua-saude\/noites-mal-dormidas-quais-sao-os-efeitos-no-corpo\/","title":{"rendered":"Noites mal dormidas: efeitos no corpo e como recuperar"},"content":{"rendered":"<html><body><p>Acordar com aquela sensa&ccedil;&atilde;o de que o sono n&atilde;o foi suficiente para descansar tudo que o corpo precisava &eacute; a defini&ccedil;&atilde;o de uma noite mal dormida. E quem j&aacute; passou por isso n&atilde;o est&aacute; sozinho.<\/p>\n<p>Cerca de 73% dos brasileiros sofrem de <a href=\"https:\/\/alice.com.br\/blog\/sua-saude\/o-que-causa-insonia-e-tratamentos\/\" target=\"_blank\" rel=\"noopener\">ins&ocirc;nia<\/a>, o dist&uacute;rbio do sono mais comum, seguido pela apneia obstrutiva do sono, segundo a Associa&ccedil;&atilde;o Brasileira do Sono.<\/p>\n<p>Os motivos que levam a noites mal dormidas s&atilde;o muitos, de acordo com <a href=\"https:\/\/alice.com.br\/rede-credenciada\/especialista\/otorrinolaringologia\/mariane-yui\" target=\"_blank\" rel=\"noopener\">Mariane Yui<\/a>, otorrinolaringologista e m&eacute;dica do sono na Alice. &ldquo;Pode ser causado por dificuldade para adormecer, por in&uacute;meros despertares durante a noite, por sono superficial, por despertar precoce, entre outros&rdquo;, explica.<\/p><html><body><div class=\"cta cta--post--slim_withlogo\">\n\t\t\t\t\t\t\t\t\t<a href=\"https:\/\/alice.com.br\/\">\n\t\t\t\t\t\t\t\t\t<div class=\"logo\">\n\t\t\t\t\t\t\t\t\t\t<img src=\"https:\/\/alice.com.br\/blog\/wp-content\/themes\/arada\/dist\/images\/alice.svg\" width=\"288\" height=\"150\" aria-label=\"hidden\">\n\t\t\t\t\t\t\t\t\t<\/div>\n\t\t\t\t\t\t\t\t\t<span class=\"title\">Conhe&ccedil;a a Alice<\/span><span class=\"icon icon--arrow_right\"><\/span><\/a>\n\t\t\t\t\t\t\t\t<\/div><\/body><\/html>\n<p>Os efeitos da priva&ccedil;&atilde;o de sono v&atilde;o desde o cansa&ccedil;o mental at&eacute; riscos cardiovasculares. Para reverter esse quadro, muitos consideram o suporte farmacol&oacute;gico, mas &eacute; preciso conhecer bem os tipos de <b><a class=\"ng-star-inserted\" href=\"https:\/\/alice.com.br\/blog\/sua-saude\/remedios-para-dormir\/\" target=\"_blank\" rel=\"noopener\">rem&eacute;dios para dormir e como eles atuam no organismo<\/a><\/b>.<\/p>\n<h2>Quais s&atilde;o os sintomas de uma noite mal dormida?<\/h2>\n<ul>\n<li>Capacidade de concentra&ccedil;&atilde;o reduzida;<\/li>\n<li>Pensamentos e reflexos mais lentos;<\/li>\n<li>Irritabilidade;<\/li>\n<li>Aumento da vontade de consumir carboidratos {tudo que o corpo quer, nesta hora, &eacute; energia, que os carboidratos oferecem};<\/li>\n<li>Sensa&ccedil;&atilde;o de que o sono n&atilde;o foi restaurador;<\/li>\n<li>Sonol&ecirc;ncia diurna;<\/li>\n<li>Cansa&ccedil;o ao longo do dia.<\/li>\n<\/ul>\n<p>O impacto de uma noite ruim vai al&eacute;m do cansa&ccedil;o, afetando diretamente o foco e o racioc&iacute;nio. Para reverter esse cen&aacute;rio, &eacute; fundamental entender como <b><a class=\"ng-star-inserted\" href=\"https:\/\/alice.com.br\/blog\/sua-saude\/aumentar-produtividade\/\" target=\"_blank\" rel=\"noopener\">ajustar sua rotina e aumentar a produtividade<\/a><\/b> mesmo nos dias mais desafiadores.<\/p>\n<h2>Dormir depois da meia-noite faz mal?<\/h2>\n<p>Mais do que a hora certa para dormir &eacute; o quanto dormimos no total. Afinal, cada um tem uma necessidade e podemos dividir as pessoas entre aqueles dormidores:<\/p>\n<ul>\n<li>Longos;<\/li>\n<li>Curtos;<\/li>\n<li>Intermedi&aacute;rios.<\/li>\n<\/ul>\n<p>A maior parte das pessoas tem a necessidade de dormir, em m&eacute;dia, entre 7 e 8 horas &ndash; s&atilde;o os chamados dormidores intermedi&aacute;rios.<\/p>\n<p>Se a necessidade de sono for inferior a 7 horas ou superior a 8 horas, a&iacute; s&atilde;o, respectivamente, o dormidor curto e o dormidor longo.<\/p><html><body><div class=\"embed--webstorie\">\n\t\t\t\t\t\t\t<iframe src=\"https:\/\/alice.com.br\/blog\/web-stories\/alimentos-que-tiram-o-sono\/\" width=\"480\" height=\"568\"><\/iframe>\n\t\t\t\t\t\t<\/div><\/body><\/html>\n<p>Isso significa que, uma pessoa que se encaixa no perfil de dormidor curto vai ter 6 horas de sono, por exemplo, e se sentir descansado, sem precisar fechar os olhos ao longo do dia.<\/p>\n<p>&ldquo;O importante &eacute; dormir respeitando as necessidades individuais, que envolve tanto tempo total de sono quanto o hor&aacute;rio em que sente sono. N&atilde;o tem problema dormir depois da meia-noite se o hor&aacute;rio habitual de sentir sono for esse e se a pessoa puder dormir pelo tempo necess&aacute;rio para se sentir descansada ao acordar. Mas, se dormir depois da meia-noite significa tempo de sono inferior &agrave;s necessidades da pessoa, a&iacute;, sim, ser&aacute; prejudicial&rdquo;, refor&ccedil;a Yui.<\/p>\n<h2>D&aacute; para recuperar o dano de uma noite mal dormida?<\/h2>\n<p>Quem j&aacute; teve que privar o sono conhece a sensa&ccedil;&atilde;o: na pr&oacute;xima oportunidade, vai tentar dormir o m&aacute;ximo que puder {e coitado de quem tentar acordar}.<\/p>\n<p>Segundo a m&eacute;dica do sono, as pessoas nesta situa&ccedil;&atilde;o podem apresentar um rebote do <a href=\"https:\/\/alice.com.br\/blog\/sua-saude\/sono-rem-que-e-importancia\/\" target=\"_blank\" rel=\"noopener\">sono REM<\/a> (aquela fase de sono mais profunda, em que h&aacute; o movimento dos olhos e os sonhos). Assim, tentam &ldquo;recuperar&rdquo; o sono perdido, mas isso n&atilde;o &eacute; muito sustent&aacute;vel.<\/p>\n<p>&ldquo;Os danos oxidativos, metab&oacute;licos e hormonais n&atilde;o ser&atilde;o neutralizados. Portanto, o ideal &eacute; buscar sempre respeitar a sua <a href=\"https:\/\/alice.com.br\/blog\/sua-saude\/qualidade-do-sono-como-ter-sono-saudavel\/\">necessidade de sono<\/a>&ldquo;, diz Yui.<\/p>\n<p>Quando interrompemos o ciclo do sono, impedimos que o c&eacute;rebro realize uma &lsquo;limpeza&rsquo; emocional. Isso acontece porque a <b><a class=\"ng-star-inserted\" href=\"https:\/\/alice.com.br\/blog\/sua-saude\/relacao-entre-sonhos-e-humor\/\" target=\"_blank\" rel=\"noopener\">rela&ccedil;&atilde;o entre sonhos e humor &eacute; fundamental para a resili&ecirc;ncia mental<\/a><\/b>, e a falta deles nos deixa mais irritadi&ccedil;os e vulner&aacute;veis.<\/p>\n<h2>Soneca est&aacute; liberada?<\/h2>\n<p>Sim, est&aacute; liberada, mas h&aacute; algumas regras, segundo Yui.<\/p>\n<p>Voc&ecirc; pode usar a soneca para lidar com uma priva&ccedil;&atilde;o do sono aguda (aquela que acontece de vez em quando) ou mesmo cr&ocirc;nica. Mas elas n&atilde;o podem ocorrer por tempo muito longo ou no final da tarde.<\/p>\n<p>Isso porque, se feitas de forma errada, as sonecas diminuem a press&atilde;o do sono, que &eacute; aquela sonol&ecirc;ncia que vamos acumulando ao longo do dia e que d&aacute; &ldquo;for&ccedil;a&rdquo; para dormirmos no hor&aacute;rio programado. Quanto mais tempo ficamos acordados, maior &eacute; a press&atilde;o do sono.<\/p>\n<p>Assim, as sonecas tamb&eacute;m podem causar o efeito contr&aacute;rio, resultando em uma nova dificuldade para adormecer &agrave; noite. &ldquo;Hor&aacute;rios irregulares para dormir podem levar a uma desregula&ccedil;&atilde;o do ritmo circadiano&rdquo;, alerta a m&eacute;dica.<\/p>\n<h2>12 dicas para dormir melhor<\/h2>\n<ol>\n<li>Hor&aacute;rio regular para acordar e dormir;<\/li>\n<li>Hor&aacute;rio regular para as refei&ccedil;&otilde;es;<\/li>\n<li>Pr&aacute;tica de atividades f&iacute;sicas diariamente;<\/li>\n<li>Exposi&ccedil;&atilde;o &agrave; luz solar;<\/li>\n<li>S&oacute; ir para a cama quando estiver com sono;<\/li>\n<li>N&atilde;o utilizar o ambiente de dormir para outras atividades al&eacute;m de dormir e sexo;<\/li>\n<li>N&atilde;o permanecer na cama sem sono;<\/li>\n<li>Evitar o consumo em excesso de<a href=\"https:\/\/alice.com.br\/blog\/sua-saude\/ressaca-sono-alimentos-causa-dor-cabeca\/\"> alimentos e bebidas estimulantes, especialmente em hor&aacute;rios muito pr&oacute;ximos de dormir;<\/a><\/li>\n<li>Evitar utilizar telas no per&iacute;odo noturno;<\/li>\n<li>Evitar refei&ccedil;&otilde;es pesadas e ingest&atilde;o de l&iacute;quidos pr&oacute;ximo ao hor&aacute;rio de dormir;<\/li>\n<li>Dormir com roupas confort&aacute;veis sempre {nada de pijama apertado ou acess&oacute;rios};<\/li>\n<li>Temperatura e luminosidade adequadas no ambiente de dormir.<\/li>\n<\/ol>\n<html><body><h2>Alice tem o plano de sa&uacute;de certo para a sua empresa!<\/h2>\n<p>Alice &eacute; uma empresa de tecnologia que oferece planos de sa&uacute;de empresarial e tem a miss&atilde;o de tornar o mundo mais saud&aacute;vel. Nossa plataforma de cuidado cont&iacute;nuo garante que os nossos membros recebam o cuidado certo, na hora certa e no lugar certo, proporcionando uma experi&ecirc;ncia excepcional para eles.<\/p>\n<p>Nossos planos t&ecirc;m cobertura nacional completa, assim como o atendimento e a experi&ecirc;ncia &uacute;nica do Alice Agora, parceiro de sa&uacute;de confi&aacute;vel para todas as horas, direto no app. Fale com o Time de Sa&uacute;de 24\/7, receba resposta em at&eacute; 60 segundos e, se precisar, j&aacute; fa&ccedil;a uma consulta virtual com nossa equipe m&eacute;dica.<\/p>\n<p>Alice tamb&eacute;m tem suporte completo ao seu RH, com dados estrat&eacute;gicos para sua gest&atilde;o &ndash; desde reports de sa&uacute;de populacional at&eacute; de custo de cuidado &ndash;, onboarding exclusivo e account manager dedicado.<\/p>\n<p>Veja como Alice cuida do seu time e do seu or&ccedil;amento.<\/p>\n<html><body><div class=\"cta cta--post--slim_withlogo\">\n\t\t\t\t\t\t\t\t\t<a href=\"https:\/\/alice.com.br\/simulador\">\n\t\t\t\t\t\t\t\t\t<div class=\"logo\">\n\t\t\t\t\t\t\t\t\t\t<img src=\"https:\/\/alice.com.br\/blog\/wp-content\/themes\/arada\/dist\/images\/alice.svg\" width=\"288\" height=\"150\" aria-label=\"hidden\">\n\t\t\t\t\t\t\t\t\t<\/div>\n\t\t\t\t\t\t\t\t\t<span class=\"title\">Fa&ccedil;a uma Cota&ccedil;&atilde;o<\/span><span class=\"icon icon--arrow_right\"><\/span><\/a>\n\t\t\t\t\t\t\t\t<\/div><\/body><\/html><\/body><\/html><\/body><\/html>\n","protected":false},"excerpt":{"rendered":"Irrita\u00e7\u00e3o e sonol\u00eancia ao longo do dia s\u00e3o algumas das consequ\u00eancias das noites mal dormidas, mas a Alice explica o que fazer para dormir melhor.","protected":false},"author":5,"featured_media":15206,"comment_status":"closed","ping_status":"closed","sticky":false,"template":"","format":"standard","meta":{"_acf_changed":false,"footnotes":""},"categories":[5],"tags":[131,123],"class_list":["post-15182","post","type-post","status-publish","format-standard","has-post-thumbnail","hentry","category-sua-saude","tag-qualidade-de-vida","tag-sono"],"acf":[],"_links":{"self":[{"href":"https:\/\/alice.com.br\/blog\/wp-json\/wp\/v2\/posts\/15182","targetHints":{"allow":["GET"]}}],"collection":[{"href":"https:\/\/alice.com.br\/blog\/wp-json\/wp\/v2\/posts"}],"about":[{"href":"https:\/\/alice.com.br\/blog\/wp-json\/wp\/v2\/types\/post"}],"author":[{"embeddable":true,"href":"https:\/\/alice.com.br\/blog\/wp-json\/wp\/v2\/users\/5"}],"replies":[{"embeddable":true,"href":"https:\/\/alice.com.br\/blog\/wp-json\/wp\/v2\/comments?post=15182"}],"version-history":[{"count":18,"href":"https:\/\/alice.com.br\/blog\/wp-json\/wp\/v2\/posts\/15182\/revisions"}],"predecessor-version":[{"id":20426,"href":"https:\/\/alice.com.br\/blog\/wp-json\/wp\/v2\/posts\/15182\/revisions\/20426"}],"wp:featuredmedia":[{"embeddable":true,"href":"https:\/\/alice.com.br\/blog\/wp-json\/wp\/v2\/media\/15206"}],"wp:attachment":[{"href":"https:\/\/alice.com.br\/blog\/wp-json\/wp\/v2\/media?parent=15182"}],"wp:term":[{"taxonomy":"category","embeddable":true,"href":"https:\/\/alice.com.br\/blog\/wp-json\/wp\/v2\/categories?post=15182"},{"taxonomy":"post_tag","embeddable":true,"href":"https:\/\/alice.com.br\/blog\/wp-json\/wp\/v2\/tags?post=15182"}],"curies":[{"name":"wp","href":"https:\/\/api.w.org\/{rel}","templated":true}]}}