{"id":15280,"date":"2023-07-19T11:40:40","date_gmt":"2023-07-19T14:40:40","guid":{"rendered":"https:\/\/blog.alice.com.br\/?p=15280"},"modified":"2023-09-18T19:10:55","modified_gmt":"2023-09-18T22:10:55","slug":"intestino-segundo-cerebro","status":"publish","type":"post","link":"https:\/\/alice.com.br\/blog\/sua-saude\/intestino-segundo-cerebro\/","title":{"rendered":"Intestino \u00e9 um segundo c\u00e9rebro? Veja o que a Ci\u00eancia diz"},"content":{"rendered":"<html><body><p>Voc&ecirc; j&aacute; deve ter ouvido falar que o intestino &eacute; como um segundo c&eacute;rebro e h&aacute; uma explica&ccedil;&atilde;o para esse apelido.<\/p>\n<p>Apesar da dist&acirc;ncia entre eles, o trato gastrointestinal e o sistema nervoso se comunicam por meio de uma rede bidirecional com v&aacute;rias vias de sinaliza&ccedil;&atilde;o, que &eacute; chamada de eixo intestino-c&eacute;rebro.<\/p>\n<p>Isso significa que mensagens podem ser enviadas de cada um dos lados usando conex&otilde;es anat&ocirc;micas, end&oacute;crinas, humorais (l&iacute;quidos do corpo), metab&oacute;licas e at&eacute; imunol&oacute;gicas.<\/p>\n<p>O que facilita essa comunica&ccedil;&atilde;o &eacute; o fato de o trato digestivo ser revestido por 100 a 600 milh&otilde;es de neur&ocirc;nios, o que o deixou conhecido como sistema nervoso ent&eacute;rico {s&atilde;o mais c&eacute;lulas nervosas do que a medula espinhal, para se ter no&ccedil;&atilde;o}.<\/p>\n<p>Isso sem falar na produ&ccedil;&atilde;o da serotonina, horm&ocirc;nio que atua regulando v&aacute;rias fun&ccedil;&otilde;es, como humor, sono, digest&atilde;o, coagula&ccedil;&atilde;o sangu&iacute;nea e at&eacute; a sexual. Sabe quem fornece 95% da serotonina total do corpo? Ele mesmo, o intestino.<\/p><html><body><div class=\"cta cta--post--slim_withlogo\">\n\t\t\t\t\t\t\t\t\t<a href=\"https:\/\/alice.com.br\/\">\n\t\t\t\t\t\t\t\t\t<div class=\"logo\">\n\t\t\t\t\t\t\t\t\t\t<img src=\"https:\/\/alice.com.br\/blog\/wp-content\/themes\/arada\/dist\/images\/alice.svg\" width=\"288\" height=\"150\" aria-label=\"hidden\">\n\t\t\t\t\t\t\t\t\t<\/div>\n\t\t\t\t\t\t\t\t\t<span class=\"title\">Conhe&ccedil;a a Alice<\/span><span class=\"icon icon--arrow_right\"><\/span><\/a>\n\t\t\t\t\t\t\t\t<\/div><\/body><\/html>\n<h2>Eixo c&eacute;rebro-intestino: o que significa no dia a dia?<\/h2>\n<p>Sabe aquela dor de barriga ou constipa&ccedil;&atilde;o inesperada em momentos de estresse? A culpa &eacute; dessa conex&atilde;o a&iacute;.<\/p>\n<p>&ldquo;O estresse pode causar altera&ccedil;&otilde;es na libera&ccedil;&atilde;o e na a&ccedil;&atilde;o dos neurotransmissores no intestino. Essas mudan&ccedil;as podem afetar diretamente a fun&ccedil;&atilde;o intestinal e resultar na constipa&ccedil;&atilde;o ou na diarreia&rdquo;, explica Lilian Hupfeld Moreno, m&eacute;dica de fam&iacute;lia e comunidade e l&iacute;der de sa&uacute;de mental da Alice.<\/p>\n<p>Doen&ccedil;as como a S&iacute;ndrome do Intestino Irrit&aacute;vel (SII) tamb&eacute;m sofrem influ&ecirc;ncia do eixo intestino-c&eacute;rebro.<\/p>\n<p>Em um estudo publicado na <a href=\"https:\/\/www.nature.com\/articles\/s41588-021-00950-8\" target=\"_blank\" rel=\"nofollow noopener\">revista cient&iacute;fica Nature Genetics<\/a>, pesquisadores analisaram dados dos genes de 53,4 mil pessoas com SII e de 433,2 mil sem o mesmo diagn&oacute;stico.<\/p>\n<p>Descobriram que dos 6 genes que aumentam a susceptibilidade &agrave; doen&ccedil;a, 4 tamb&eacute;m estavam associados a transtornos de humor e ansiedade.<\/p>\n<p>Isso n&atilde;o significa que uma coisa, necessariamente, puxe a outra. Mas o caminho gen&eacute;tico que as duas condi&ccedil;&otilde;es percorrem pode ser o mesmo.<\/p><html><body><div class=\"embed--webstorie\">\n\t\t\t\t\t\t\t<iframe src=\"https:\/\/alice.com.br\/blog\/web-stories\/alimentos-que-soltam-o-intestino\/\" width=\"480\" height=\"568\"><\/iframe>\n\t\t\t\t\t\t<\/div><\/body><\/html>\n<h2>Intestino e sa&uacute;de mental: o que se sabe?<\/h2>\n<p>Ter uma dor de barriga em momentos de estresse ou falar que est&aacute; &ldquo;enfezado&rdquo; quando se est&aacute; irritado s&atilde;o exemplos da conex&atilde;o entre o intestino e o c&eacute;rebro.<\/p>\n<p>Mas n&atilde;o podemos extrapolar os exemplos e achar que a sa&uacute;de mental se resume a ter um bom tr&acirc;nsito intestinal ou uma microbiota bem colonizada, ok? Essa rela&ccedil;&atilde;o ainda est&aacute; sendo estudada pela Ci&ecirc;ncia.<\/p>\n<p>Antes de entrar nessa discuss&atilde;o, vale lembrar que microbiota &eacute; o nome dado ao conjunto de microrganismos que ocupam o nosso trato gastrointestinal e que criam uma rela&ccedil;&atilde;o simbi&oacute;tica, garantindo vantagens para n&oacute;s e para eles {al&ocirc;, lactobacilos vivos!}.<\/p>\n<p>&ldquo;Evid&ecirc;ncias crescentes sugerem o envolvimento da microbiota no sistema de intercomunica&ccedil;&atilde;o entre intestino e c&eacute;rebro. Algumas delas sugerem que haveria envolvimento na regula&ccedil;&atilde;o das fun&ccedil;&otilde;es do sistema nervoso central, comportamento, humor e, portanto, na sa&uacute;de mental. Mas ainda n&atilde;o se sabe exatamente quais mecanismos e qual &eacute; a rela&ccedil;&atilde;o de causalidade entre a microbiota e as doen&ccedil;as cr&ocirc;nicas em geral&rdquo;, explica Moreno.<\/p>\n<p>Se olharmos s&oacute; para a sa&uacute;de mental, n&atilde;o &eacute; poss&iacute;vel reduzir uma situa&ccedil;&atilde;o t&atilde;o complexa quanto a depress&atilde;o &agrave; sa&uacute;de do intestino apenas, segundo explica Cintia Baule, m&eacute;dica de fam&iacute;lia e comunidade da Alice.<\/p>\n<p>&ldquo;As nossas emo&ccedil;&otilde;es n&atilde;o t&ecirc;m uma sede exclusiva. Somos inteiros e as emo&ccedil;&otilde;es s&atilde;o influenciadas por v&aacute;rios fatores, sejam culturais, h&aacute;bitos de vida, rela&ccedil;&otilde;es sociais, contextos sociais e macroecon&ocirc;micos, entre outros&rdquo;, explica.<\/p>\n<p>E mesmo os cuidados com a sa&uacute;de mental s&atilde;o multifatoriais. &ldquo;O tratamento da depress&atilde;o, por exemplo, n&atilde;o &eacute; feito exclusivamente com medicamentos antidepressivos. Os profissionais de sa&uacute;de sempre refor&ccedil;am todos os fatores que v&atilde;o gerar a sa&uacute;de como um todo, porque somos uma pessoa por inteiro&rdquo;, afirma.<\/p>\n<h2>Como cuidar da sa&uacute;de mental?<\/h2>\n<p>Confira um checklist dos itens de autocuidado que n&atilde;o podem faltar quando o assunto &eacute; sa&uacute;de mental {e f&iacute;sica tamb&eacute;m}:<\/p>\n<h3>Sono<\/h3>\n<p>e tivesse que dar uma nota, qual voc&ecirc; daria para suas noites de sono? Sente-se recuperado e pleno para come&ccedil;ar um novo dia a cada manh&atilde;? Se precisar de ajuda, a Alice tem um <a href=\"https:\/\/alice.com.br\/blog\/conteudos-especiais\/tecnicas-para-dormir-melhor-ebook-gratuito\/\" target=\"_blank\" rel=\"noopener\">ebook completo<\/a> com dicas e t&eacute;cnicas que podem ajudar no relaxamento &agrave; noite.<\/p>\n<h3>Alimenta&ccedil;&atilde;o<\/h3>\n<p>Calcule quantas vezes voc&ecirc; desembalou alimentos em vez de descasc&aacute;-los nas &uacute;ltimas semanas. Foram muitas? Vem aprender sobre a <a href=\"https:\/\/alice.com.br\/blog\/sua-saude\/alimentacao-intuitiva-sinais-fome-e-saciedade\/\" target=\"_blank\" rel=\"noopener\">alimenta&ccedil;&atilde;o intuitiva<\/a> e, se for o caso, confira dicas sobre <a href=\"https:\/\/alice.com.br\/blog\/sua-saude\/como-emagrecer-com-saude\/\" target=\"_blank\" rel=\"noopener\">como emagrecer com sa&uacute;de<\/a>.<\/p>\n<h3>Exerc&iacute;cios f&iacute;sicos<\/h3>\n<p>Al&eacute;m de liberar neurotransmissores relacionados ao prazer, praticar exerc&iacute;cios f&iacute;sicos com regularidade reduz o risco de desenvolver <a href=\"https:\/\/alice.com.br\/blog\/sua-saude\/crise-de-ansiedade-sinais-e-como-lidar\/#:~:text=9)%20Pratique%20atividade%20f%C3%ADsica%20regularmente\" target=\"_blank\" rel=\"noopener\">transtornos mentais<\/a> em at&eacute; 60%.<\/p>\n<h3>Rela&ccedil;&otilde;es sociais<\/h3>\n<p>Lembra aqueles amigos que voc&ecirc; sempre diz &ldquo;vamos marcar&rdquo; e nunca marcam nada? Manda um &ldquo;al&ocirc;, sumido&rdquo; e bora reviver essa amizade!<\/p>\n<h3>Trabalho<\/h3>\n<p>A rotina profissional pode ser uma fonte significativa de estresse, mas alguns cuidados podem ajudar. Algumas ideias sobre <a href=\"https:\/\/alice.com.br\/blog\/empresas\/saude-mental-empresas-ideias\/\" target=\"_blank\" rel=\"noopener\">como colocar a sa&uacute;de mental em pr&aacute;tica nas empresas<\/a> s&atilde;o: propor espa&ccedil;os de escuta e acolhimento, tirar o time da cadeira {literalmente} e incentivar a pr&aacute;tica de exerc&iacute;cios, al&eacute;m de monitorar o que causa o estresse, entre outras medidas.<\/p>\n<html><body><h2>Alice tem o plano de sa&uacute;de certo para a sua empresa!<\/h2>\n<p>Alice &eacute; uma empresa de tecnologia que oferece planos de sa&uacute;de empresarial e tem a miss&atilde;o de tornar o mundo mais saud&aacute;vel. Nossa plataforma de cuidado cont&iacute;nuo garante que os nossos membros recebam o cuidado certo, na hora certa e no lugar certo, proporcionando uma experi&ecirc;ncia excepcional para eles.<\/p>\n<p>Nossos planos t&ecirc;m cobertura nacional completa, assim como o atendimento e a experi&ecirc;ncia &uacute;nica do Alice Agora, parceiro de sa&uacute;de confi&aacute;vel para todas as horas, direto no app. Fale com o Time de Sa&uacute;de 24\/7, receba resposta em at&eacute; 60 segundos e, se precisar, j&aacute; fa&ccedil;a uma consulta virtual com nossa equipe m&eacute;dica.<\/p>\n<p>Alice tamb&eacute;m tem suporte completo ao seu RH, com dados estrat&eacute;gicos para sua gest&atilde;o &ndash; desde reports de sa&uacute;de populacional at&eacute; de custo de cuidado &ndash;, onboarding exclusivo e account manager dedicado.<\/p>\n<p>Veja como Alice cuida do seu time e do seu or&ccedil;amento.<\/p>\n<html><body><div class=\"cta cta--post--slim_withlogo\">\n\t\t\t\t\t\t\t\t\t<a href=\"https:\/\/alice.com.br\/simulador\">\n\t\t\t\t\t\t\t\t\t<div class=\"logo\">\n\t\t\t\t\t\t\t\t\t\t<img src=\"https:\/\/alice.com.br\/blog\/wp-content\/themes\/arada\/dist\/images\/alice.svg\" width=\"288\" height=\"150\" aria-label=\"hidden\">\n\t\t\t\t\t\t\t\t\t<\/div>\n\t\t\t\t\t\t\t\t\t<span class=\"title\">Fa&ccedil;a uma Cota&ccedil;&atilde;o<\/span><span class=\"icon icon--arrow_right\"><\/span><\/a>\n\t\t\t\t\t\t\t\t<\/div><\/body><\/html><\/body><\/html><\/body><\/html>\n","protected":false},"excerpt":{"rendered":"Intestino re\u00fane neur\u00f4nios e neurotransmissores, mas sa\u00fade mental exige cuidados al\u00e9m do trato gastrointestinal.","protected":false},"author":21,"featured_media":15282,"comment_status":"closed","ping_status":"closed","sticky":false,"template":"","format":"standard","meta":{"_acf_changed":false,"footnotes":""},"categories":[5],"tags":[75,92,79],"class_list":["post-15280","post","type-post","status-publish","format-standard","has-post-thumbnail","hentry","category-sua-saude","tag-alimentacao","tag-bem-estar","tag-saude-mental"],"acf":[],"_links":{"self":[{"href":"https:\/\/alice.com.br\/blog\/wp-json\/wp\/v2\/posts\/15280","targetHints":{"allow":["GET"]}}],"collection":[{"href":"https:\/\/alice.com.br\/blog\/wp-json\/wp\/v2\/posts"}],"about":[{"href":"https:\/\/alice.com.br\/blog\/wp-json\/wp\/v2\/types\/post"}],"author":[{"embeddable":true,"href":"https:\/\/alice.com.br\/blog\/wp-json\/wp\/v2\/users\/21"}],"replies":[{"embeddable":true,"href":"https:\/\/alice.com.br\/blog\/wp-json\/wp\/v2\/comments?post=15280"}],"version-history":[{"count":5,"href":"https:\/\/alice.com.br\/blog\/wp-json\/wp\/v2\/posts\/15280\/revisions"}],"predecessor-version":[{"id":16054,"href":"https:\/\/alice.com.br\/blog\/wp-json\/wp\/v2\/posts\/15280\/revisions\/16054"}],"wp:featuredmedia":[{"embeddable":true,"href":"https:\/\/alice.com.br\/blog\/wp-json\/wp\/v2\/media\/15282"}],"wp:attachment":[{"href":"https:\/\/alice.com.br\/blog\/wp-json\/wp\/v2\/media?parent=15280"}],"wp:term":[{"taxonomy":"category","embeddable":true,"href":"https:\/\/alice.com.br\/blog\/wp-json\/wp\/v2\/categories?post=15280"},{"taxonomy":"post_tag","embeddable":true,"href":"https:\/\/alice.com.br\/blog\/wp-json\/wp\/v2\/tags?post=15280"}],"curies":[{"name":"wp","href":"https:\/\/api.w.org\/{rel}","templated":true}]}}