{"id":1575,"date":"2022-04-29T09:18:47","date_gmt":"2022-04-29T12:18:47","guid":{"rendered":"https:\/\/blog.alice.com.br\/?p=1575"},"modified":"2024-03-05T15:39:17","modified_gmt":"2024-03-05T18:39:17","slug":"dancar-atividade-fisica","status":"publish","type":"post","link":"https:\/\/alice.com.br\/blog\/pessoas\/dancar-atividade-fisica\/","title":{"rendered":"Como a dan\u00e7a e a Alice trouxeram bem-estar para essa bailarina"},"content":{"rendered":"<html><body><p>Quem canta seus males espanta, mas quem dan&ccedil;a {n&atilde;o importa o ritmo} tamb&eacute;m.<\/p>\r\n\r\n\r\n\r\n<p>Roberta Wagner Machado de Carvalho, membra da Alice, sabe bem disso. Ela teve o primeiro contato com os palcos por meio de aulas de bal&eacute;. &ldquo;Eu sempre fui muito alta, ent&atilde;o havia exerc&iacute;cios no bal&eacute; que eu n&atilde;o conseguia fazer&rdquo;, conta Roberta.<\/p>\r\n\r\n\r\n\r\n<p>Com o passar do tempo, por&eacute;m, ela foi entendendo que a anatomia do seu corpo possibilitava outros tantos movimentos. Agora, j&aacute; na vida adulta, ela retomou a paix&atilde;o pela dan&ccedil;a e explora o universo das rodas de dan&ccedil;a brasileiras.<\/p>\r\n\r\n\r\n\r\n<h2 class=\"wp-block-heading\">Dan&ccedil;ando com o apoio da Alice<\/h2>\r\n\r\n\r\n\r\n<p>Com apoio da Alice, Roberta se v&ecirc; hoje como uma &ldquo;artista do corpo&rdquo; e conta com o aux&iacute;lio da Alice para melhorar a sua rela&ccedil;&atilde;o f&iacute;sica e emocional com a dan&ccedil;a.<\/p>\r\n\r\n\r\n\r\n<p>&ldquo;A dan&ccedil;a mudou a forma como eu me sinto e como eu me vejo, e isso mudou como eu me relaciono com o mundo ao meu redor. Por meio dos movimentos, eu tenho a consci&ecirc;ncia do meu corpo, do quanto eu consigo expressar a minha pr&oacute;pria hist&oacute;ria. E isso constr&oacute;i uma rela&ccedil;&atilde;o de amor pr&oacute;prio, de autocuidado, sabe? N&atilde;o &eacute; sobre se comparar com o outro, seja o professor ou outro bailarino&rdquo;, explica Roberta.<\/p>\r\n\r\n\r\n\r\n<p>&ldquo;Na Alice, recebi recomenda&ccedil;&otilde;es de exerc&iacute;cios espec&iacute;ficos para as dores que eu sentia e para os movimentos que eu queria desenvolver.&rdquo;&nbsp;<\/p>\r\n\r\n\r\n\r\n<p>Com esse cuidado personalizado, Roberta viu como &eacute; <a href=\"https:\/\/alice.com.br\/blog\/gestora-de-saude\/time-de-saude\/\" target=\"_blank\" rel=\"noreferrer noopener\">essencial ter o Time de Sa&uacute;de<\/a> da Alice. Ele &eacute; formado por enfermeiros e m&eacute;dicos da Alice que est&atilde;o dispon&iacute;veis para voc&ecirc; 24 horas por dia, 7 dias por semana pelo app. Nesse time, temos tanto profissionais capacitados para atendimento de queixas agudas e urg&ecirc;ncias quanto enfermeiros e m&eacute;dicos especialistas em medicina da fam&iacute;lia e comunidade, al&eacute;m de pediatras. <strong>&nbsp;<\/strong><\/p>\r\n\r\n\r\n\r\n<p>O time est&aacute; &agrave; disposi&ccedil;&atilde;o para atender as demandas no dia a dia e queixas espec&iacute;ficas de sa&uacute;de. Vale falar sobre tudo mesmo; o time quer atender todos os membros por inteiro.<\/p>\r\n\r\n\r\n\r\n<p>&ldquo;Tem sido essencial para mim cuidar das minhas dores corporais de um jeito que eu acredito. E isso faz parte de uma rela&ccedil;&atilde;o de escuta que eu constru&iacute; com o time da Alice.&rdquo;<\/p>\r\n\r\n\r\n\r\n<p>Para Roberta, a uni&atilde;o dos exerc&iacute;cios indicados com o acompanhamento pr&oacute;ximo da Alice trouxe o bem-estar necess&aacute;rio para que ela continuasse a sentir prazer e evoluir nas rodas de dan&ccedil;a.<\/p>\r\n\r\n\r\n\r\n<p>E se voc&ecirc; est&aacute; pensando em come&ccedil;ar ou voltar a dan&ccedil;ar, a dica da Roberta &eacute; clara: n&atilde;o tenha medo de se expressar.&nbsp; &ldquo;Dan&ccedil;ar n&atilde;o &eacute; sobre ser bonito, &eacute; sobre ser gostoso, &eacute; sobre voc&ecirc; se sentir bem mostrando uma parte da sua hist&oacute;ria&rdquo;, defende Roberta.&nbsp;<\/p>\r\n\r\n\r\n\r\n<p><strong>Leia mais:<\/strong> <a href=\"https:\/\/alice.com.br\/blog\/pessoas\/dia-da-natacao-saude-mental\/\" target=\"_blank\" rel=\"noreferrer noopener\">&lsquo;Nadar &eacute; um cuidado com minha sa&uacute;de mental&rsquo;<\/a><\/p>\r\n<html><body><div class=\"cta cta--post--slim_withlogo\">\n\t\t\t\t\t\t\t\t\t<a href=\"https:\/\/alice.com.br\/\">\n\t\t\t\t\t\t\t\t\t<div class=\"logo\">\n\t\t\t\t\t\t\t\t\t\t<img src=\"https:\/\/alice.com.br\/blog\/wp-content\/themes\/arada\/dist\/images\/alice.svg\" width=\"288\" height=\"150\" aria-label=\"hidden\">\n\t\t\t\t\t\t\t\t\t<\/div>\n\t\t\t\t\t\t\t\t\t<span class=\"title\">Conhe&ccedil;a a Alice<\/span><span class=\"icon icon--arrow_right\"><\/span><\/a>\n\t\t\t\t\t\t\t\t<\/div><\/body><\/html><\/body><\/html>\n","protected":false},"excerpt":{"rendered":"Roberta de Carvalho diz que a dan\u00e7a mudou a forma como ela se sente e como se v\u00ea, com mais consci\u00eancia e se expressando melhor.","protected":false},"author":5,"featured_media":1577,"comment_status":"closed","ping_status":"closed","sticky":false,"template":"","format":"standard","meta":{"_acf_changed":false,"footnotes":""},"categories":[15],"tags":[130,76],"class_list":["post-1575","post","type-post","status-publish","format-standard","has-post-thumbnail","hentry","category-pessoas","tag-atividade-fisica","tag-esportes"],"acf":[],"_links":{"self":[{"href":"https:\/\/alice.com.br\/blog\/wp-json\/wp\/v2\/posts\/1575","targetHints":{"allow":["GET"]}}],"collection":[{"href":"https:\/\/alice.com.br\/blog\/wp-json\/wp\/v2\/posts"}],"about":[{"href":"https:\/\/alice.com.br\/blog\/wp-json\/wp\/v2\/types\/post"}],"author":[{"embeddable":true,"href":"https:\/\/alice.com.br\/blog\/wp-json\/wp\/v2\/users\/5"}],"replies":[{"embeddable":true,"href":"https:\/\/alice.com.br\/blog\/wp-json\/wp\/v2\/comments?post=1575"}],"version-history":[{"count":12,"href":"https:\/\/alice.com.br\/blog\/wp-json\/wp\/v2\/posts\/1575\/revisions"}],"predecessor-version":[{"id":16728,"href":"https:\/\/alice.com.br\/blog\/wp-json\/wp\/v2\/posts\/1575\/revisions\/16728"}],"wp:featuredmedia":[{"embeddable":true,"href":"https:\/\/alice.com.br\/blog\/wp-json\/wp\/v2\/media\/1577"}],"wp:attachment":[{"href":"https:\/\/alice.com.br\/blog\/wp-json\/wp\/v2\/media?parent=1575"}],"wp:term":[{"taxonomy":"category","embeddable":true,"href":"https:\/\/alice.com.br\/blog\/wp-json\/wp\/v2\/categories?post=1575"},{"taxonomy":"post_tag","embeddable":true,"href":"https:\/\/alice.com.br\/blog\/wp-json\/wp\/v2\/tags?post=1575"}],"curies":[{"name":"wp","href":"https:\/\/api.w.org\/{rel}","templated":true}]}}