{"id":16947,"date":"2024-01-04T14:36:34","date_gmt":"2024-01-04T17:36:34","guid":{"rendered":"https:\/\/alice.com.br\/blog\/?p=16947"},"modified":"2024-01-04T14:37:06","modified_gmt":"2024-01-04T17:37:06","slug":"o-que-e-cipa-e-como-ela-protege-a-saude-dos-trabalhadores","status":"publish","type":"post","link":"https:\/\/alice.com.br\/blog\/empresas\/o-que-e-cipa-e-como-ela-protege-a-saude-dos-trabalhadores\/","title":{"rendered":"O que \u00e9 Cipa e como ela protege a sa\u00fade dos trabalhadores?"},"content":{"rendered":"<html><body><p>Se algu&eacute;m sofre um acidente no ambiente de trabalho, a responsabilidade de prevenir que novos casos aconte&ccedil;am &eacute; da Cipa, ou da Comiss&atilde;o Interna de Preven&ccedil;&atilde;o de Acidentes e Ass&eacute;dio.<\/p>\n<p>Vamos entender o que essa comiss&atilde;o representa, quem faz parte dela e quais as principais atribui&ccedil;&otilde;es.<\/p>\n<h2>Cipa: o que &eacute;?<\/h2>\n<p>A sigla Cipa pode at&eacute; ser conhecida nos corredores das f&aacute;bricas, ind&uacute;strias e empresas brasileiras, mas nem todo mundo sabe exatamente o que ela faz.<\/p>\n<p>Cipa, ou Comiss&atilde;o Interna de Preven&ccedil;&atilde;o de Acidentes e Ass&eacute;dio, &eacute; um &oacute;rg&atilde;o formado por representantes da empresa e dos empregadores, com o objetivo principal de prevenir acidentes e doen&ccedil;as decorrentes do trabalho.<\/p>\n<p>E, &eacute; claro, o desafio da Cipa varia conforme o tipo de fun&ccedil;&atilde;o: determinar o risco em um canteiro de obra da constru&ccedil;&atilde;o civil, por exemplo, &eacute; bem diferente de avaliar as amea&ccedil;as &agrave; sa&uacute;de do trabalhador em um escrit&oacute;rio em um pr&eacute;dio comercial.<\/p>\n<h2>O que faz a Cipa?<\/h2>\n<ul>\n<li>Identificar os riscos do trabalho e elaborar um mapa desses riscos;<\/li>\n<li>Elaborar um plano de trabalho que possibilite a preven&ccedil;&atilde;o de problemas de seguran&ccedil;a e de sa&uacute;de no trabalho;<\/li>\n<li>Participar da implementa&ccedil;&atilde;o e do controle de qualidade das medidas de preven&ccedil;&atilde;o que forem necess&aacute;rias;<\/li>\n<li>Verificar, de tempos em tempos, como est&atilde;o os ambientes e as condi&ccedil;&otilde;es de trabalho, com o objetivo de identificar situa&ccedil;&otilde;es que possam trazer riscos para a seguran&ccedil;a e para a sa&uacute;de dos trabalhadores;<\/li>\n<li>Divulgar e conscientizar os trabalhadores com informa&ccedil;&otilde;es referentes &agrave; seguran&ccedil;a e &agrave; sa&uacute;de no trabalho (como o uso de equipamentos de prote&ccedil;&atilde;o individual, por exemplo);<\/li>\n<li>Promover, todos os anos, a Semana Interna de Preven&ccedil;&atilde;o de Acidentes de Trabalho, ou a Sipat;<\/li>\n<li>Promover discuss&atilde;o de temas que previnam o ass&eacute;dio sexual, moral e outras formas de viol&ecirc;ncia dentro das empresas. (Essa regra passou a fazer parte das responsabilidades da Cipa a partir de dezembro de 2022).<\/li>\n<\/ul>\n<p>Acima est&atilde;o algumas das principais atribui&ccedil;&otilde;es da Cipa, cuja constitui&ccedil;&atilde;o est&aacute; prevista nos artigos 163, 164 e 165 da <a href=\"https:\/\/www.planalto.gov.br\/ccivil_03\/leis\/l6514.htm\" target=\"_blank\" rel=\"nofollow noopener\">CLT<\/a> (Consolida&ccedil;&atilde;o das Leis do Trabalho), e as suas atribui&ccedil;&otilde;es foram atualizadas pela <a href=\"https:\/\/www.in.gov.br\/en\/web\/dou\/-\/portaria\/mtp-n-422-de-7-de-outubro-de-2021-351613291\" target=\"_blank\" rel=\"nofollow noopener\">Norma Regulamentadora n&uacute;mero 5<\/a> (NR 5), de 2021.<\/p>\n<p>Em caso de d&uacute;vida, o &oacute;rg&atilde;o que regulamenta as responsabilidades, composi&ccedil;&atilde;o e funcionamento das Cipas &eacute; o Minist&eacute;rio do Trabalho.<\/p>\n<h2>Quem faz parte da Cipa?<\/h2>\n<p>Devem fazer parte da Cipa tanto representantes escolhidos pela dire&ccedil;&atilde;o da empresa quanto representantes dos empregados &ndash; e h&aacute; diferen&ccedil;as nas escolhas de quem vai compor o &oacute;rg&atilde;o.<\/p>\n<p>Os representantes das empresas &ndash; tanto os titulares, quanto os suplentes &ndash; s&atilde;o designados pelos pr&oacute;prios empregadores. No caso dos trabalhadores, a escolha passa por um processo eleitoral interno e secreto.<\/p>\n<p>Para calcular quantos titulares e suplentes devem fazer parte da comiss&atilde;o, leva-se em conta o n&uacute;mero total de empregados na empresa e o grau de risco, seguindo a Classifica&ccedil;&atilde;o Nacional de Atividades Econ&ocirc;micas.<\/p>\n<p>Na NR 5, h&aacute; uma <a href=\"https:\/\/www.in.gov.br\/en\/web\/dou\/-\/portaria\/mtp-n-422-de-7-de-outubro-de-2021-351613291\" target=\"_blank\" rel=\"nofollow noopener\">tabela<\/a> que determina os n&uacute;meros exatos que cada Cipa deve ser composta. Confira:<\/p>\n<p><figure class=\"wp-attachment-16969\" ><img loading=\"lazy\" decoding=\"async\" class=\"alignnone wp-image-16969 size-large\" src=\"https:\/\/alice.com.br\/blog\/wp-content\/uploads\/2024\/01\/tabela-membros-cipa-1024x498.jpg\" alt=\"\" width=\"1024\" height=\"498\" srcset=\"https:\/\/alice.com.br\/blog\/wp-content\/uploads\/2024\/01\/tabela-membros-cipa-1024x498.jpg 1024w, https:\/\/alice.com.br\/blog\/wp-content\/uploads\/2024\/01\/tabela-membros-cipa-300x146.jpg 300w, https:\/\/alice.com.br\/blog\/wp-content\/uploads\/2024\/01\/tabela-membros-cipa-768x374.jpg 768w, https:\/\/alice.com.br\/blog\/wp-content\/uploads\/2024\/01\/tabela-membros-cipa-150x73.jpg 150w\" sizes=\"auto, (max-width: 1024px) 100vw, 1024px\"><\/figure><\/p>\n<p>Para saber qual &eacute; o grau de risco da empresa, no <a href=\"http:\/\/sa.previdencia.gov.br\/site\/arquivos\/office\/4_101130-164603-107.pdf\" target=\"_blank\" rel=\"nofollow noopener\">site da Previd&ecirc;ncia<\/a> h&aacute; uma tabela completa com essa classifica&ccedil;&atilde;o.<\/p>\n<h2>Toda empresa precisa ter Cipa?<\/h2>\n<p>N&atilde;o; isso depende do n&uacute;mero de colaboradores da empresa.<\/p>\n<p>Empresas p&uacute;blicas e privadas, ou qualquer estabelecimento que possua 20 ou mais colaboradores regidos pela CLT s&atilde;o obrigados a compor uma Cipa.<\/p>\n<p>Menos que isso, n&atilde;o h&aacute; obriga&ccedil;&atilde;o de uma comiss&atilde;o inteira, mas uma pessoa deve ser designada a realizar a atividade. Ela &eacute; chamada de &ldquo;designado Cipa&rdquo;, de acordo com informa&ccedil;&otilde;es do <a href=\"https:\/\/saude.sesisc.org.br\/blog\/seguranca-e-saude-no-trabalho\/o-que-e-cipa-nr5\/\" target=\"_blank\" rel=\"nofollow noopener\">Sesi <\/a>(Servi&ccedil;o Social da Ind&uacute;stria). J&aacute; para os microempreendedores individuais (MEI), n&atilde;o h&aacute; esse tipo de obrigatoriedade.<\/p>\n<p>Mas, se uma empresa que deveria ter Cipa n&atilde;o montar uma comiss&atilde;o, ela poder&aacute; ser punida com uma multa. O valor varia de acordo com o n&uacute;mero de colaboradores e com o grau de risco da empresa.<\/p>\n<h2>Quanto tempo dura o mandato da Cipa?<\/h2>\n<p>Os membros titulares da Cipa t&ecirc;m um mandato que dura um ano, mas &eacute; permitida a reelei&ccedil;&atilde;o, caso o colaborador queira continuar na comiss&atilde;o.<\/p>\n<p>No caso dos membros suplentes, se ele tiver participado de menos da metade do n&uacute;mero de reuni&otilde;es da comiss&atilde;o, n&atilde;o &eacute; permitida a reelei&ccedil;&atilde;o.<\/p>\n<h2>Quem escolhe o presidente e o vice-presidente da Cipa?<\/h2>\n<p>A escolha do presidente da Cipa &eacute; feita, todos os anos, pelo empregador, entre os representantes da empresa.<\/p>\n<p>J&aacute; o vice-presidente &eacute; eleito pelos empregados.<\/p>\n<h2>Quais benef&iacute;cios em fazer parte da Cipa?<\/h2>\n<p>O principal benef&iacute;cio &eacute; que os membros titulares e representantes dos empregados nas Cipas n&atilde;o poder&atilde;o ser demitidos de forma arbitr&aacute;ria, segundo a CLT. No entanto, a lei prev&ecirc; que a demiss&atilde;o pode ocorrer se houver um motivo disciplinar, t&eacute;cnico, econ&ocirc;mico ou financeiro.<\/p>\n<p>Al&eacute;m disso, quem faz parte da Cipa passa por um treinamento em que recebe informa&ccedil;&otilde;es sobre:<\/p>\n<ul>\n<li>Ambiente e condi&ccedil;&otilde;es de trabalho;<\/li>\n<li>Riscos presentes no ambiente de trabalho;<\/li>\n<li>No&ccedil;&otilde;es sobre acidentes e doen&ccedil;as;<\/li>\n<li>Metodologia de investiga&ccedil;&atilde;o e an&aacute;lise dos acidentes e doen&ccedil;as relacionadas ao trabalho;<\/li>\n<li>No&ccedil;&otilde;es sobre legisla&ccedil;&atilde;o trabalhista.<\/li>\n<\/ul>\n<p>Quer saber mais sobre sa&uacute;de corporativa? A Alice preparou um <a href=\"https:\/\/alice.com.br\/estudo-saude-colaborador\" target=\"_blank\" rel=\"noopener\">report <\/a>completo sobre as principais quest&otilde;es envolvendo a sa&uacute;de dos colaboradores brasileiros. Dentre os resultados encontrados:<\/p>\n<ul>\n<li>60% dos colaboradores brasileiros consideram o sono regular, ruim ou p&eacute;ssimo;<\/li>\n<li>36% avaliam a pr&oacute;pria sa&uacute;de como regular e 8% como ruim ou p&eacute;ssima;<\/li>\n<li>40% dizem que a empresa n&atilde;o se preocupa com a sa&uacute;de mental do time;<\/li>\n<li>Se o funcion&aacute;rio sente que a empresa n&atilde;o se preocupa com a sa&uacute;de mental dos colaboradores, apenas 58% deles compartilham dos valores da empresa;<\/li>\n<li>Quando h&aacute; uma preocupa&ccedil;&atilde;o, os valores s&atilde;o compartilhados por 77% dos funcion&aacute;rios.<\/li>\n<\/ul>\n<html><body><h2>Alice tem o plano de sa&uacute;de certo para a sua empresa!<\/h2>\n<p>Alice &eacute; uma empresa de tecnologia que oferece planos de sa&uacute;de empresarial e tem a miss&atilde;o de tornar o mundo mais saud&aacute;vel. Nossa plataforma de cuidado cont&iacute;nuo garante que os nossos membros recebam o cuidado certo, na hora certa e no lugar certo, proporcionando uma experi&ecirc;ncia excepcional para eles.<\/p>\n<p>Nossos planos t&ecirc;m cobertura nacional completa, assim como o atendimento e a experi&ecirc;ncia &uacute;nica do Alice Agora, parceiro de sa&uacute;de confi&aacute;vel para todas as horas, direto no app. Fale com o Time de Sa&uacute;de 24\/7, receba resposta em at&eacute; 60 segundos e, se precisar, j&aacute; fa&ccedil;a uma consulta virtual com nossa equipe m&eacute;dica.<\/p>\n<p>Alice tamb&eacute;m tem suporte completo ao seu RH, com dados estrat&eacute;gicos para sua gest&atilde;o &ndash; desde reports de sa&uacute;de populacional at&eacute; de custo de cuidado &ndash;, onboarding exclusivo e account manager dedicado.<\/p>\n<p>Veja como Alice cuida do seu time e do seu or&ccedil;amento.<\/p>\n<html><body><div class=\"cta cta--post--slim_withlogo\">\n\t\t\t\t\t\t\t\t\t<a href=\"https:\/\/alice.com.br\">\n\t\t\t\t\t\t\t\t\t<div class=\"logo\">\n\t\t\t\t\t\t\t\t\t\t<img src=\"https:\/\/alice.com.br\/blog\/wp-content\/themes\/arada\/dist\/images\/alice.svg\" width=\"288\" height=\"150\" aria-label=\"hidden\">\n\t\t\t\t\t\t\t\t\t<\/div>\n\t\t\t\t\t\t\t\t\t<span class=\"title\">Conhe&ccedil;a o plano empresarial da Alice<\/span><span class=\"icon icon--arrow_right\"><\/span><\/a>\n\t\t\t\t\t\t\t\t<\/div><\/body><\/html><\/body><\/html><\/body><\/html>\n","protected":false},"excerpt":{"rendered":"J\u00e1 ouviu falar em Cipa, mas n\u00e3o sabe bem do que se trata? Conhe\u00e7a mais sobre essa comiss\u00e3o.","protected":false},"author":5,"featured_media":16970,"comment_status":"closed","ping_status":"closed","sticky":false,"template":"","format":"standard","meta":{"_acf_changed":false,"footnotes":""},"categories":[6],"tags":[94,95],"class_list":["post-16947","post","type-post","status-publish","format-standard","has-post-thumbnail","hentry","category-empresas","tag-empresas","tag-plano-de-saude-empresarial"],"acf":[],"_links":{"self":[{"href":"https:\/\/alice.com.br\/blog\/wp-json\/wp\/v2\/posts\/16947","targetHints":{"allow":["GET"]}}],"collection":[{"href":"https:\/\/alice.com.br\/blog\/wp-json\/wp\/v2\/posts"}],"about":[{"href":"https:\/\/alice.com.br\/blog\/wp-json\/wp\/v2\/types\/post"}],"author":[{"embeddable":true,"href":"https:\/\/alice.com.br\/blog\/wp-json\/wp\/v2\/users\/5"}],"replies":[{"embeddable":true,"href":"https:\/\/alice.com.br\/blog\/wp-json\/wp\/v2\/comments?post=16947"}],"version-history":[{"count":4,"href":"https:\/\/alice.com.br\/blog\/wp-json\/wp\/v2\/posts\/16947\/revisions"}],"predecessor-version":[{"id":16972,"href":"https:\/\/alice.com.br\/blog\/wp-json\/wp\/v2\/posts\/16947\/revisions\/16972"}],"wp:featuredmedia":[{"embeddable":true,"href":"https:\/\/alice.com.br\/blog\/wp-json\/wp\/v2\/media\/16970"}],"wp:attachment":[{"href":"https:\/\/alice.com.br\/blog\/wp-json\/wp\/v2\/media?parent=16947"}],"wp:term":[{"taxonomy":"category","embeddable":true,"href":"https:\/\/alice.com.br\/blog\/wp-json\/wp\/v2\/categories?post=16947"},{"taxonomy":"post_tag","embeddable":true,"href":"https:\/\/alice.com.br\/blog\/wp-json\/wp\/v2\/tags?post=16947"}],"curies":[{"name":"wp","href":"https:\/\/api.w.org\/{rel}","templated":true}]}}