{"id":17661,"date":"2024-04-25T15:58:31","date_gmt":"2024-04-25T18:58:31","guid":{"rendered":"https:\/\/alice.com.br\/blog\/?p=17661"},"modified":"2026-03-04T12:06:23","modified_gmt":"2026-03-04T15:06:23","slug":"qual-e-a-influencia-dos-gestores-na-saude-dos-colaboradores","status":"publish","type":"post","link":"https:\/\/alice.com.br\/blog\/empresas\/qual-e-a-influencia-dos-gestores-na-saude-dos-colaboradores\/","title":{"rendered":"Qual \u00e9 a influ\u00eancia dos gestores na sa\u00fade dos colaboradores?"},"content":{"rendered":"<html><body><p>Gestores com h&aacute;bitos de vida saud&aacute;veis incentivam que os colaboradores tamb&eacute;m sejam mais saud&aacute;veis &ndash; e mais sa&uacute;de se traduz em benef&iacute;cios diretos para as empresas, como maior produtividade, engajamento, motiva&ccedil;&atilde;o e orgulho de trabalhar ali, al&eacute;m de um menor risco de turnover.<\/p>\n<p>Essa &eacute; apenas uma das conclus&otilde;es da pesquisa da Alice, o &ldquo;<a href=\"https:\/\/alice.com.br\/evento-pulso-rh\" target=\"_blank\" rel=\"noopener\"><b>Pulso RH &ndash; Sa&uacute;de corporativa: qual &eacute; a influ&ecirc;ncia dos gestores?<\/b><\/a>&rdquo;, divulgada nesta quinta-feira (25) durante o evento de mesmo nome.<\/p>\n<p>Nesta segunda edi&ccedil;&atilde;o, foram entrevistados mais de mil colaboradores de todas as regi&otilde;es do pa&iacute;s para analisar como as lideran&ccedil;as influenciam a sa&uacute;de dos times e, por consequ&ecirc;ncia, das pr&oacute;prias empresas.<\/p>\n<p>Os dados foram coletados pelo instituto de pesquisa Opinion Box e analisados pela Alice em parceria com a BP &ndash; A Benefic&ecirc;ncia Portuguesa de S&atilde;o Paulo, Grupo Fleury e iFood Benef&iacute;cios.<\/p>\n<a href=\"https:\/\/alice.com.br\/evento-pulso-rh\" target=\"_blank\" rel=\"noopener\"><figure class=\"wp-attachment-17678\" ><figure class=\"wp-attachment-17678\" ><figure class=\"wp-attachment-17678\" ><img loading=\"lazy\" decoding=\"async\" class=\"wp-image-17678 size-large\" src=\"https:\/\/alice.com.br\/blog\/wp-content\/uploads\/2024\/04\/pulso-rh-estudo-1024x381.png\" alt='Banner Pulso RH sobre sa&uacute;de corporativa e o papel dos gestores. Inclui imagem de um homem sorrindo ao celular e bot&atilde;o \"Baixe o estudo\".' width=\"1024\" height=\"381\" srcset=\"https:\/\/alice.com.br\/blog\/wp-content\/uploads\/2024\/04\/pulso-rh-estudo-1024x381.png 1024w, https:\/\/alice.com.br\/blog\/wp-content\/uploads\/2024\/04\/pulso-rh-estudo-300x112.png 300w, https:\/\/alice.com.br\/blog\/wp-content\/uploads\/2024\/04\/pulso-rh-estudo-768x286.png 768w, https:\/\/alice.com.br\/blog\/wp-content\/uploads\/2024\/04\/pulso-rh-estudo-150x56.png 150w\" sizes=\"auto, (max-width: 1024px) 100vw, 1024px\"><\/figure><\/figure><\/figure><\/a>\n<h2>Gestores que se importam com a sa&uacute;de t&ecirc;m times mais engajados, motivados e produtivos<\/h2>\n<p>Entre os dados in&eacute;ditos, divulgados durante o evento Pulso RH, a Alice observou que 74% dos colaboradores recomendam a empresa como um &oacute;timo lugar para trabalhar quando seus gestores oferecem bons exemplos de sa&uacute;de e bem-estar.<\/p>\n<p>No caso de gestores sem essa postura, apenas 22,7% dos funcion&aacute;rios mant&ecirc;m a mesma recomenda&ccedil;&atilde;o &ndash; diferen&ccedil;a de mais de 50 pontos percentuais entre as respostas.<\/p>\n<p>Outro exemplo &eacute; a motiva&ccedil;&atilde;o: se o gestor oferece bons exemplos, 64,2% dos colaboradores se sentem motivados a irem al&eacute;m do que iriam em uma fun&ccedil;&atilde;o similar em outra empresa. J&aacute; quem n&atilde;o tem chefes com essa caracter&iacute;stica, apenas 23,9% apontam a mesma motiva&ccedil;&atilde;o.<\/p>\n<p>E a produtividade? Outra melhora: 83,5% dos entrevistados afirmam serem sempre ou frequentemente produtivos com chefes saud&aacute;veis. A produ&ccedil;&atilde;o reduz para 70,2% entre aqueles sem gestores que d&atilde;o bons exemplos.<\/p>\n<p>&ldquo;O exemplo arrasta as demais pessoas para a vida saud&aacute;vel e, quando percebemos, o time est&aacute; todo mais animado, saud&aacute;vel e compartilhando com os colegas. Isso engaja as pessoas&rdquo;, conta Marcelo Vasconcellos, co-fundador da Buser, que participou de um dos pain&eacute;is do Pulso RH e trouxe um exemplo que funcionou na empresa.<\/p>\n<p>Na Buser, os colaboradores que praticam mais de 4 horas de exerc&iacute;cios por semana recebem, ao fim do m&ecirc;s, um b&ocirc;nus de 10% no sal&aacute;rio &mdash; e vale qualquer exerc&iacute;cio.<\/p>\n<p>&ldquo;N&atilde;o precisa ser triatleta, nem nada disso. Vale de t&ecirc;nis &agrave; caminhada no parque, ou qualquer coisa que fa&ccedil;a a pessoa se movimentar, sair de casa e esvaziar a cabe&ccedil;a. Temos hist&oacute;rias maravilhosas de pessoas que mudaram de vida, e que come&ccedil;aram com uma simples caminhada. Entre 80% a 85% dos funcion&aacute;rios praticam isso e, mesmo quem n&atilde;o consegue completar as 4 horas na semana, mas completou 3 horas, recebe 5% de b&ocirc;nus&rdquo;, exemplifica.<\/p>\n<p>Para Rosana Fortes, Country Lead da Strava, &eacute; important&iacute;ssimo que os gestores &ndash; e o RH &ndash; tenham consci&ecirc;ncia dos benef&iacute;cios da manuten&ccedil;&atilde;o da sa&uacute;de dos times.<\/p>\n<p>&ldquo;Dificilmente me vejo trabalhando com um time ou gestores que n&atilde;o tenham consci&ecirc;ncia da import&acirc;ncia do cuidado com a sa&uacute;de, at&eacute; porque eles podem n&atilde;o entender quando eu precisar separar um momento do dia para me movimentar. Eu n&atilde;o tenho, hoje, vergonha em bloquear meu calend&aacute;rio para aquele momento. E deve dar at&eacute; um nervoso para o funcion&aacute;rio que n&atilde;o pratica nada ao observar um l&iacute;der que coloca em pr&aacute;tica uma vida fisicamente mais ativa. Esse exemplo do gestor &eacute; superimportante&rdquo;, explica Fortes, durante um dos pain&eacute;is do Pulso RH da Alice.<\/p>\n<h2>Sa&uacute;de do trabalhador &eacute; responsabilidade das empresas<\/h2>\n<p>Se a empresa demonstra que se importa com a sa&uacute;de e bem-estar dos colaboradores, h&aacute; melhora no engajamento, motiva&ccedil;&atilde;o e produtividade? Muita, segundo os dados in&eacute;ditos da Alice.<\/p>\n<ul>\n<li>84,4% dos colaboradores s&atilde;o sempre ou frequentemente mais produtivos em empresas com essa preocupa&ccedil;&atilde;o versus 67,4% entre quem n&atilde;o trabalha em lugares com o mesmo cuidado;<\/li>\n<li>66,5% sentem-se mais motivados versus 16,9%;<\/li>\n<li>70,1% s&atilde;o mais engajados versus 32,3%;<\/li>\n<li>77,2% sentem orgulho de trabalhar ali versus 31,8%;<\/li>\n<li>73,1% se veem trabalhando na mesma empresa pelos pr&oacute;ximos dois anos versus 36%.<\/li>\n<\/ul>\n<p>Quem ainda duvida que o cuidado com a sa&uacute;de dos funcion&aacute;rios seja uma responsabilidade das empresas, vale o destaque: 80,5% dos entrevistados (gestores e liderados) concordam que essa &eacute;, sim, uma fun&ccedil;&atilde;o das institui&ccedil;&otilde;es.<\/p>\n<p>Na Heineken, por exemplo, criou-se uma cultura de embaixadores &mdash; de diferentes &aacute;reas e perfis &mdash; que aprendem detalhes sobre a ci&ecirc;ncia da felicidade e de seguran&ccedil;a psicol&oacute;gica para replicarem aos colegas. &ldquo;S&atilde;o pessoas volunt&aacute;rias e esse foi um fator decisivo para o sucesso dessa forma&ccedil;&atilde;o. No in&iacute;cio, recebemos 250 inscri&ccedil;&otilde;es, mas terminamos o ano com mil&rdquo;, relata L&iacute;via Azevedo, diretora de felicidade da empresa, durante um dos pain&eacute;is do Pulso RH.<\/p>\n<h2>Como melhorar a sa&uacute;de e o bem-estar dos colaboradores?<\/h2>\n<p>O que as empresas podem fazer na pr&aacute;tica para tornar os ambientes corporativos mais saud&aacute;veis? Confira 6 dicas dos entrevistados:<\/p>\n<ol>\n<li>Oferecer um plano de sa&uacute;de;<\/li>\n<li>Permitir que os funcion&aacute;rios fa&ccedil;am pausas regulares ao longo do dia;<\/li>\n<li>Dar benef&iacute;cios para alimenta&ccedil;&atilde;o e atividade f&iacute;sica;<\/li>\n<li>Incentivar que a pessoa doente se afaste, de fato, do trabalho;<\/li>\n<li>Oferecer um ambiente de trabalho e pr&aacute;ticas de gest&atilde;o que garantam bem-estar e seguran&ccedil;a psicol&oacute;gica dos colaboradores;<\/li>\n<li>Facilitar a flexibilidade e a organiza&ccedil;&atilde;o da pr&oacute;pria agenda.<\/li>\n<\/ol>\n<a href=\"https:\/\/alice.com.br\/evento-pulso-rh\" target=\"_blank\" rel=\"noopener\"><figure class=\"wp-attachment-17678\" ><figure class=\"wp-attachment-17678\" ><figure class=\"wp-attachment-17678\" ><img loading=\"lazy\" decoding=\"async\" class=\"wp-image-17678 size-large\" src=\"https:\/\/alice.com.br\/blog\/wp-content\/uploads\/2024\/04\/pulso-rh-estudo-1024x381.png\" alt='Banner Pulso RH sobre sa&uacute;de corporativa e o papel dos gestores. Inclui imagem de um homem sorrindo ao celular e bot&atilde;o \"Baixe o estudo\".' width=\"1024\" height=\"381\" srcset=\"https:\/\/alice.com.br\/blog\/wp-content\/uploads\/2024\/04\/pulso-rh-estudo-1024x381.png 1024w, https:\/\/alice.com.br\/blog\/wp-content\/uploads\/2024\/04\/pulso-rh-estudo-300x112.png 300w, https:\/\/alice.com.br\/blog\/wp-content\/uploads\/2024\/04\/pulso-rh-estudo-768x286.png 768w, https:\/\/alice.com.br\/blog\/wp-content\/uploads\/2024\/04\/pulso-rh-estudo-150x56.png 150w\" sizes=\"auto, (max-width: 1024px) 100vw, 1024px\"><\/figure><\/figure><\/figure><\/a>\n<h2>Qual &eacute; o papel do gestor na sa&uacute;de dos colaboradores?<\/h2>\n<p>Os n&uacute;meros do Pulso RH mostram que existe um impacto do gestor na sa&uacute;de dos colaboradores &mdash; mas qual &eacute; o papel que ele deve desenvolver e at&eacute; onde ir?<\/p>\n<p>De acordo com Tatiana Pimenta, CEO e fundadora da Vittude, o gestor n&atilde;o tem a responsabilidade de ser um psic&oacute;logo ou de resolver todos os problemas do time, mas isso n&atilde;o isenta o seu papel. &ldquo;Papel do l&iacute;der n&atilde;o &eacute; ser psic&oacute;logo, mas saber direcionar para o melhor programa que a empresa tem&rdquo;, argumenta Pimenta, que tamb&eacute;m participou de um dos pain&eacute;is do Pulso RH.<\/p>\n<p>&Eacute; preciso trazer para a pessoa a responsabilidade pela pr&oacute;pria sa&uacute;de, mas como saber quem precisa de mais aten&ccedil;&atilde;o? Conhecendo o ambiente do trabalho e os colaboradores a partir dos dados.<\/p>\n<p>&ldquo;A melhor forma de navegar por esse ambiente e pensar nas estrat&eacute;gias de sa&uacute;de &eacute; a partir dos dados estruturados. Esses podem ser coletados em exames peri&oacute;dicos bem feitos, atestados, absente&iacute;smo, analisando as comorbidades que mais adoecem aquela popula&ccedil;&atilde;o, al&eacute;m de relacionar aos dados enviados pelos planos de sa&uacute;de&rdquo;, detalha Fleury Johnson, gerente global de sa&uacute;de da Nubank, que tamb&eacute;m participou de um dos pain&eacute;is do Pulso RH.<\/p>\n<h2>Conflitos geracionais nas empresas: como afetam a sa&uacute;de dos times?<\/h2>\n<p>A gera&ccedil;&atilde;o rec&eacute;m-chegada ao mercado de trabalho possui o panorama mais negativo em termos de sa&uacute;de. Nascidos entre 1995 e 2010, a gera&ccedil;&atilde;o Z (ou Gen Z) s&atilde;o os que possuem, em compara&ccedil;&atilde;o com as demais faixas et&aacute;rias analisadas:<\/p>\n<ul>\n<li>Pior sa&uacute;de f&iacute;sica;<\/li>\n<li>Pior sa&uacute;de mental;<\/li>\n<li>Pior equil&iacute;brio entre vida pessoal e profissional;<\/li>\n<li>Maior desengajamento;<\/li>\n<li>Menor orgulho da empresa em que trabalham;<\/li>\n<li>Menor produtividade do que a m&eacute;dia.<\/li>\n<\/ul>\n<p>No total, 6,5% das pessoas classificam a pr&oacute;pria sa&uacute;de como ruim ou p&eacute;ssima. Entre a gera&ccedil;&atilde;o Z, esse percentual vai para 10,2%.<\/p>\n<p>Quando o assunto &eacute; equil&iacute;brio entre vida profissional e pessoal, 84,7%de todos os entrevistados afirmam que conseguem manter o work-life balance. J&aacute; os Gen Z, o percentual reduz para 82,8%.<\/p>\n<p>Se 57% dos entrevistados se sentem engajados no trabalho, apenas 44% dos representantes da gera&ccedil;&atilde;o Z afirmam o mesmo. E o &iacute;ndice de desengajamento &eacute; maior entre eles: 16,2% em compara&ccedil;&atilde;o com 8,8% do total de respondentes.<\/p>\n<p>Mas e quem est&aacute; bem? Os colaboradores com 50 anos ou mais, que possuem as melhores taxas de engajamento (72%), orgulho (72,7%) e produtividade (87,9%).<\/p>\n<h2>Mulheres t&ecirc;m mais ins&ocirc;nia e dores relacionadas ao trabalho do que homens<\/h2>\n<p>Outro recorte que os dados in&eacute;ditos da Alice puderam destacar foi a diferen&ccedil;a entre homens e mulheres no mundo corporativo. Em geral, o retrato &eacute; mais negativo para elas do que para eles, o que demanda a&ccedil;&otilde;es espec&iacute;ficas de empresas e gestores.<\/p>\n<p>Quando instigados a avaliarem a pr&oacute;pria sa&uacute;de, por exemplo, 63,8% dos homens destacam uma sa&uacute;de boa ou excelente. Entre as mulheres, apenas 55,7% t&ecirc;m a mesma resposta.<\/p>\n<p>A ins&ocirc;nia &eacute; muito mais frequente entre elas: 42,6% afirmam que vivenciam noites em claro ocasionadas pelo estresse do trabalho com frequ&ecirc;ncia. J&aacute; entre eles, apenas 35,8% t&ecirc;m o mesmo inc&ocirc;modo.<\/p>\n<p>At&eacute; mesmo os cuidados com a pr&oacute;pria sa&uacute;de no dia a dia se diferenciam: a primeira resposta citada pelas mulheres &eacute; fazer exames de rotina, sempre que necess&aacute;rios, apontada por 53,9% delas. Os homens destacam refei&ccedil;&otilde;es saud&aacute;veis (49,2%) em primeiro lugar &ndash; e os exames ocupam a terceira posi&ccedil;&atilde;o.<\/p>\n<a href=\"https:\/\/alice.com.br\/evento-pulso-rh\" target=\"_blank\" rel=\"noopener\"><figure class=\"wp-attachment-17678\" ><figure class=\"wp-attachment-17678\" ><figure class=\"wp-attachment-17678\" ><img loading=\"lazy\" decoding=\"async\" class=\"wp-image-17678 size-large\" src=\"https:\/\/alice.com.br\/blog\/wp-content\/uploads\/2024\/04\/pulso-rh-estudo-1024x381.png\" alt='Banner Pulso RH sobre sa&uacute;de corporativa e o papel dos gestores. Inclui imagem de um homem sorrindo ao celular e bot&atilde;o \"Baixe o estudo\".' width=\"1024\" height=\"381\" srcset=\"https:\/\/alice.com.br\/blog\/wp-content\/uploads\/2024\/04\/pulso-rh-estudo-1024x381.png 1024w, https:\/\/alice.com.br\/blog\/wp-content\/uploads\/2024\/04\/pulso-rh-estudo-300x112.png 300w, https:\/\/alice.com.br\/blog\/wp-content\/uploads\/2024\/04\/pulso-rh-estudo-768x286.png 768w, https:\/\/alice.com.br\/blog\/wp-content\/uploads\/2024\/04\/pulso-rh-estudo-150x56.png 150w\" sizes=\"auto, (max-width: 1024px) 100vw, 1024px\"><\/figure><\/figure><\/figure><\/a>\n<html><body><h2>Alice tem o plano de sa&uacute;de certo para a sua empresa!<\/h2>\n<p>Alice &eacute; uma empresa de tecnologia que oferece planos de sa&uacute;de empresarial e tem a miss&atilde;o de tornar o mundo mais saud&aacute;vel. Nossa plataforma de cuidado cont&iacute;nuo garante que os nossos membros recebam o cuidado certo, na hora certa e no lugar certo, proporcionando uma experi&ecirc;ncia excepcional para eles.<\/p>\n<p>Nossos planos t&ecirc;m cobertura nacional completa, assim como o atendimento e a experi&ecirc;ncia &uacute;nica do Alice Agora, parceiro de sa&uacute;de confi&aacute;vel para todas as horas, direto no app. Fale com o Time de Sa&uacute;de 24\/7, receba resposta em at&eacute; 60 segundos e, se precisar, j&aacute; fa&ccedil;a uma consulta virtual com nossa equipe m&eacute;dica.<\/p>\n<p>Alice tamb&eacute;m tem suporte completo ao seu RH, com dados estrat&eacute;gicos para sua gest&atilde;o &ndash; desde reports de sa&uacute;de populacional at&eacute; de custo de cuidado &ndash;, onboarding exclusivo e account manager dedicado.<\/p>\n<p>Veja como Alice cuida do seu time e do seu or&ccedil;amento.<\/p>\n<html><body><div class=\"cta cta--post--slim_withlogo\">\n\t\t\t\t\t\t\t\t\t<a href=\"https:\/\/alice.com.br\">\n\t\t\t\t\t\t\t\t\t<div class=\"logo\">\n\t\t\t\t\t\t\t\t\t\t<img src=\"https:\/\/alice.com.br\/blog\/wp-content\/themes\/arada\/dist\/images\/alice.svg\" width=\"288\" height=\"150\" aria-label=\"hidden\">\n\t\t\t\t\t\t\t\t\t<\/div>\n\t\t\t\t\t\t\t\t\t<span class=\"title\">Conhe&ccedil;a o plano empresarial da Alice<\/span><span class=\"icon icon--arrow_right\"><\/span><\/a>\n\t\t\t\t\t\t\t\t<\/div><\/body><\/html><\/body><\/html><\/body><\/html>\n","protected":false},"excerpt":{"rendered":"Dados in\u00e9ditos de uma pesquisa da Alice mostram como uma \u00fanica pessoa consegue mobilizar a produtividade e o engajamento de todo um time a partir do cuidado com a pr\u00f3pria sa\u00fade. ","protected":false},"author":5,"featured_media":17682,"comment_status":"closed","ping_status":"closed","sticky":false,"template":"","format":"standard","meta":{"_acf_changed":false,"footnotes":""},"categories":[6],"tags":[92,148,96,79],"class_list":["post-17661","post","type-post","status-publish","format-standard","has-post-thumbnail","hentry","category-empresas","tag-bem-estar","tag-produtividade","tag-saude-dos-funcionarios","tag-saude-mental"],"acf":[],"_links":{"self":[{"href":"https:\/\/alice.com.br\/blog\/wp-json\/wp\/v2\/posts\/17661","targetHints":{"allow":["GET"]}}],"collection":[{"href":"https:\/\/alice.com.br\/blog\/wp-json\/wp\/v2\/posts"}],"about":[{"href":"https:\/\/alice.com.br\/blog\/wp-json\/wp\/v2\/types\/post"}],"author":[{"embeddable":true,"href":"https:\/\/alice.com.br\/blog\/wp-json\/wp\/v2\/users\/5"}],"replies":[{"embeddable":true,"href":"https:\/\/alice.com.br\/blog\/wp-json\/wp\/v2\/comments?post=17661"}],"version-history":[{"count":13,"href":"https:\/\/alice.com.br\/blog\/wp-json\/wp\/v2\/posts\/17661\/revisions"}],"predecessor-version":[{"id":20834,"href":"https:\/\/alice.com.br\/blog\/wp-json\/wp\/v2\/posts\/17661\/revisions\/20834"}],"wp:featuredmedia":[{"embeddable":true,"href":"https:\/\/alice.com.br\/blog\/wp-json\/wp\/v2\/media\/17682"}],"wp:attachment":[{"href":"https:\/\/alice.com.br\/blog\/wp-json\/wp\/v2\/media?parent=17661"}],"wp:term":[{"taxonomy":"category","embeddable":true,"href":"https:\/\/alice.com.br\/blog\/wp-json\/wp\/v2\/categories?post=17661"},{"taxonomy":"post_tag","embeddable":true,"href":"https:\/\/alice.com.br\/blog\/wp-json\/wp\/v2\/tags?post=17661"}],"curies":[{"name":"wp","href":"https:\/\/api.w.org\/{rel}","templated":true}]}}