{"id":18212,"date":"2024-09-18T18:19:31","date_gmt":"2024-09-18T21:19:31","guid":{"rendered":"https:\/\/alice.com.br\/blog\/?p=18212"},"modified":"2026-04-17T14:12:19","modified_gmt":"2026-04-17T17:12:19","slug":"nr-1-e-nova-lei-defendem-bem-estar-do-colaborador","status":"publish","type":"post","link":"https:\/\/alice.com.br\/blog\/empresas\/nr-1-e-nova-lei-defendem-bem-estar-do-colaborador\/","title":{"rendered":"NR-1 e nova lei protegem sa\u00fade mental do colaborador"},"content":{"rendered":"<div class=\"index\"><div class=\"title\">\u00cdndice<\/div><ol><li><a href=\"#o-que-e-a-nr-1\">O que \u00e9 a NR-1?<\/a><\/li><li><a href=\"#a-nr-1-se-aplica-a-quais-empresas\">A NR-1 se aplica a quais empresas?<\/a><\/li><li><a href=\"#o-que-muda-em-maio-de-2026-com-a-nova-nr-1\">O que muda em maio de 2026 com a nova NR-1?<\/a><\/li><li><a href=\"#o-que-sao-riscos-psicossociais-ocupacionais-e-como-preveni-los\">O que s\u00e3o riscos psicossociais ocupacionais e como preveni-los?<\/a><\/li><li><a href=\"#erros-comuns-nas-estrategias-de-saude-psicossocial\">Erros comuns nas estrat\u00e9gias de sa\u00fade psicossocial<\/a><\/li><li><a href=\"#qual-o-impacto-esperado-da-aplicacao-da-nr-1\">Qual o impacto esperado da aplica\u00e7\u00e3o da NR-1?<\/a><\/li><li><a href=\"#como-obter-o-certificado-de-empresa-promotora-da-saude-mental\">Como obter o certificado de Empresa Promotora da Sa\u00fade Mental?<\/a><\/li><li><a href=\"#cuidado-continuo-e-coordenado-pela-alice\">Cuidado cont\u00ednuo e coordenado pela Alice<\/a><\/li><li><a href=\"#sua-empresa-preparada-para-a-nova-nr-1-e-seu-time-bem-cuidado-todos-os-dias\">Sua empresa preparada para a nova NR-1, e seu time bem cuidado todos os dias<\/a><\/li><\/ol><\/div><html><body><p>Falar sobre sa&uacute;de mental no trabalho deixou de ser tabu<b> e passou a ser urgente. <\/b>Em 2024, o<a href=\"https:\/\/agenciabrasil.ebc.com.br\/saude\/noticia\/2025-03\/afastamentos-por-transtornos-mentais-dobram-em-dez-anos-chegam-440-mil\"> Brasil registrou o maior n&uacute;mero de afastamentos por ansiedade e depress&atilde;o em uma d&eacute;cada<\/a>.<\/p>\n<p>Esse cen&aacute;rio, por si s&oacute;, j&aacute; diz muito. Mas a boa not&iacute;cia &eacute; que o tema chegou tamb&eacute;m &agrave; legisla&ccedil;&atilde;o trabalhista.<\/p>\n<p>A nova lei de sa&uacute;de mental das empresas, como vem sendo chamada a atualiza&ccedil;&atilde;o da Norma Regulamentadora n&ordm; 1 (NR-1), traz <b>mudan&ccedil;as importantes sobre como a sa&uacute;de mental e a seguran&ccedil;a do trabalho s&atilde;o tratadas no Brasil.<\/b><\/p>\n<p>At&eacute; ent&atilde;o, a NR-1 exigia o gerenciamento de riscos f&iacute;sicos, qu&iacute;micos, biol&oacute;gicos, ergon&ocirc;micos e de acidentes. Agora, as empresas devem tamb&eacute;m identificar, avaliar e controlar os riscos psicossociais &ndash; por meio dos fatores que possam afetar a sa&uacute;de mental e o bem-estar dos colaboradores, como estresse, sobrecarga e ass&eacute;dio.<\/p>\n<p>Neste artigo, voc&ecirc; vai entender o que muda com essa atualiza&ccedil;&atilde;o da NR-1, porque essas mudan&ccedil;as importam e como sua empresa pode (e deve!) se preparar.<\/p>\n<h2 id=\"o-que-e-a-nr-1\"><b>O que &eacute; a NR-1?<\/b><\/h2>\n<p>A NR-1, ou Norma Regulamentadora n&ordm; 1, &eacute; uma das normas criadas pelo Minist&eacute;rio do Trabalho e Emprego, com base na Consolida&ccedil;&atilde;o das Leis do Trabalho (CLT), que dita sobre as <b>regras gerais de seguran&ccedil;a e sa&uacute;de no trabalho<\/b>.<\/p>\n<p>Embora existam diferentes NRs, a n&ordm; 1 &eacute; a mais abrangente de todas, estabelecendo as <b>disposi&ccedil;&otilde;es gerais<\/b>.<\/p>\n<p>Ou seja, ela define:<\/p>\n<ul>\n<li>Responsabilidades que cabem tanto a quem contrata quanto a quem trabalha para garantir um ambiente de trabalho mais seguro e saud&aacute;vel;<\/li>\n<li>Como as demais NRs devem ser aplicadas;<\/li>\n<li>Como funciona o gerenciamento dos riscos ocupacionais (sejam eles f&iacute;sicos, qu&iacute;micos, biol&oacute;gicos, ergon&ocirc;micos, de acidentes ou psicossociais);<\/li>\n<li>A obrigatoriedade do Programa de Gerenciamento de Risco (PGR).<\/li>\n<\/ul>\n<p>A NR-1 &eacute; como a base das demais NRs: o ponto de partida que orienta empresas sobre como prevenir acidentes e proteger a sa&uacute;de de todos os colaboradores.<\/p>\n<h3><b>O que s&atilde;o Normas Regulamentadoras como a NR-1?<\/b><\/h3>\n<p>As Normas Regulamentadoras complementam a Consolida&ccedil;&atilde;o das Leis do Trabalho (CLT) quando o assunto &eacute; seguran&ccedil;a e sa&uacute;de do trabalho. Elas trazem<b> orienta&ccedil;&otilde;es pr&aacute;ticas que as empresas precisam seguir<\/b> para cuidar bem de quem trabalha com carteira assinada.<\/p>\n<p>Criadas em 1978 e revisadas ao longo dos anos, as NRs ajudam a construir ambientes de trabalho mais seguros, <b>prevenindo doen&ccedil;as ocupacionais e acidentes<\/b> com medidas claras e aplic&aacute;veis.<\/p>\n<p>Atualmente existem dezenas de NRs (como as NR-1, NR-6, NR-7, NR-9, NR-17), e cada uma trata de um aspecto espec&iacute;fico da prote&ccedil;&atilde;o do trabalhador. Por exemplo:<\/p>\n<ul>\n<li><b>NR-6<\/b>: trata de Equipamentos de Prote&ccedil;&atilde;o Individual (EPI);<\/li>\n<li><b>NR-7<\/b>: institui o PCMSO (Programa de Controle M&eacute;dico de Sa&uacute;de Ocupacional);<\/li>\n<li><b>NR-17<\/b>: trata de ergonomia;<\/li>\n<li><b>NR-9<\/b>: trata da avalia&ccedil;&atilde;o e controle de exposi&ccedil;&otilde;es a agentes f&iacute;sicos, qu&iacute;micos e biol&oacute;gicos.<\/li>\n<\/ul>\n<h2 id=\"a-nr-1-se-aplica-a-quais-empresas\">A NR-1 se aplica a quais empresas?<\/h2>\n<p><b>A NR-1 vale para todas as empresas com colaboradores contratados pelo regime CLT <\/b>&ndash; independentemente do porte ou do segmento.<\/p>\n<p>Ou seja, mesmo se a empresa for pequena ou tiver s&oacute; um time enxuto, precisa seguir o que a norma determina, que &eacute; a avalia&ccedil;&atilde;o dos riscos aos trabalhadores e a cria&ccedil;&atilde;o de um Programa de Gerenciamento de Riscos, o PGR.<\/p>\n<p>As &uacute;nicas exce&ccedil;&otilde;es s&atilde;o os <a href=\"https:\/\/www.gov.br\/trabalho-e-emprego\/pt-br\/acesso-a-informacao\/participacao-social\/conselhos-e-orgaos-colegiados\/comissao-tripartite-partitaria-permanente\/normas-regulamentadora\/normas-regulamentadoras-vigentes\/nr-01-atualizada-2025-i-3.pdf\">Microempreendedores Individuais (MEI) e as Microempresas de Pequeno Porte<\/a>, desde que tenham atividades com grau de risco 1 e 2. O grau de risco &eacute; definido conforme o CNAE, o C&oacute;digo Nacional de Atividade Econ&ocirc;mica declarado no CNPJ da empresa.<\/p>\n<p>Nos casos acima, as empresas MEI e MPP com atividades com grau de risco 1 e 2 precisam levantar os riscos, mas n&atilde;o precisam, necessariamente, ter um PGR formal.<\/p>\n<h2 id=\"o-que-muda-em-maio-de-2026-com-a-nova-nr-1\"><b>O que muda em maio de 2026 com a nova NR-1?<\/b><\/h2>\n<p>Uma atualiza&ccedil;&atilde;o importante da NR-1 foi publicada em agosto de 2024 e trouxe uma mudan&ccedil;a que reflete um cuidado mais completo da sa&uacute;de no ambiente de trabalho: a <b>sa&uacute;de mental tamb&eacute;m deve fazer parte do Programa de Gerenciamento de Riscos das empresas.<\/b><\/p>\n<p>A aplica&ccedil;&atilde;o pr&aacute;tica dessa atualiza&ccedil;&atilde;o estava prevista para come&ccedil;ar em maio de 2025, mas foi <b>adiada para 25 de maio de 2026<\/b>.<\/p>\n<p>Na pr&aacute;tica, essa mudan&ccedil;a significa que fatores como<a href=\"https:\/\/alice.com.br\/blog\/empresas\/burnout-como-reconhecer-corpo\/\"> s&iacute;ndrome de burnout<\/a> (reconhecido como um &ldquo;fen&ocirc;meno ocupacional&rdquo; pela <a href=\"https:\/\/www.who.int\/news\/item\/28-05-2019-burn-out-an-occupational-phenomenon-international-classification-of-diseases?utm_source=chatgpt.com\">Organiza&ccedil;&atilde;o Mundial da Sa&uacute;de<\/a> em 2019), estresse cr&ocirc;nico e ansiedade <b>devem ser levados t&atilde;o a s&eacute;rio quanto os riscos f&iacute;sicos, qu&iacute;micos, biol&oacute;gicos, ergon&ocirc;micos ou acidentes. <\/b><\/p>\n<p>O novo texto da norma deixa claro que os <b>riscos psicossociais<\/b> precisam ser identificados, avaliados e prevenidos com a mesma dilig&ecirc;ncia.<\/p>\n<p>Ou seja, esses riscos precisam constar no Gerenciamento de Riscos Ocupacionais (GRO) da empresa, e as medidas que ser&atilde;o adotadas precisam ser identificadas no <a href=\"https:\/\/alice.com.br\/blog\/empresas\/programa-de-gerenciamento-de-riscos-pgr-o-que-e-e-objetivo\/\">Programa de Gerenciamento de Riscos (PGR)<\/a>.<\/p>\n<p>Com essa nova reda&ccedil;&atilde;o, o cuidado com os times se amplia: sa&uacute;de no trabalho &eacute; tamb&eacute;m contribuir com o equil&iacute;brio emocional, com rela&ccedil;&otilde;es saud&aacute;veis e<a href=\"https:\/\/alice.com.br\/blog\/empresas\/os-6-pilares-da-saude-mental-no-trabalho\/\"> com a preven&ccedil;&atilde;o de doen&ccedil;as mentais ligadas &agrave; rotina profissional.<\/a><\/p>\n<h2 id=\"o-que-sao-riscos-psicossociais-ocupacionais-e-como-preveni-los\"><b>O que s&atilde;o riscos psicossociais ocupacionais e como preveni-los?<\/b><\/h2>\n<p>Os riscos psicossociais s&atilde;o <b>fatores ligados &agrave;s empresas e &agrave;s rela&ccedil;&otilde;es de trabalho<\/b> que podem afetar a sa&uacute;de mental e emocional, mas at&eacute; f&iacute;sica, dos trabalhadores.<\/p>\n<p>Exemplos comuns:<\/p>\n<ul>\n<li>Excesso de demanda e press&atilde;o constante;<\/li>\n<li>Jornadas prolongadas;<\/li>\n<li>Cargas excessivas de trabalho;<\/li>\n<li>Falta de clareza de pap&eacute;is;<\/li>\n<li>Baixa autonomia;<\/li>\n<li>Ass&eacute;dio moral ou sexual;<\/li>\n<li>Conflitos interpessoais;<\/li>\n<li>Inseguran&ccedil;a no emprego;<\/li>\n<\/ul>\n<p>Esses fatores est&atilde;o associados a desfechos como estresse cr&ocirc;nico, <a href=\"https:\/\/alice.com.br\/blog\/sua-saude\/estafa-mental-sintomas-como-prevenir\/\">estafa mental<\/a>, ansiedade, depress&atilde;o e mesmo burnout.<\/p>\n<h3><b>Como prevenir os riscos psicossociais?<\/b><\/h3>\n<p>Os primeiros passos para prevenir os riscos psicossociais s&atilde;o:<\/p>\n<ol>\n<li><b> Mapear os riscos<\/b><b><br>\n<\/b>Identificar as situa&ccedil;&otilde;es de risco psicossocial na empresa, em cada &aacute;rea e time. Para isso, cada empresa pode buscar a ferramenta de avalia&ccedil;&atilde;o, question&aacute;rio ou pesquisa que melhor se encaixe no seu dia a dia. O <a href=\"https:\/\/www.gov.br\/trabalho-e-emprego\/pt-br\/acesso-a-informacao\/participacao-social\/conselhos-e-orgaos-colegiados\/comissao-tripartite-partitaria-permanente\/normas-regulamentadora\/normas-regulamentadoras-vigentes\/guia-nr-01-revisado.pdf\">Minist&eacute;rio do Trabalho e Emprego<\/a> n&atilde;o define ou sugere uma metodologia espec&iacute;fica para esse momento.<\/li>\n<li><b> Aprofundar os dados encontrados<\/b><b><br>\n<\/b>Com os dados levantados junto aos colaboradores, &eacute; essencial desdobr&aacute;-los por diretoria, time ou senioridade, ou outros recortes que fa&ccedil;am sentido; e cruz&aacute;-los com outras informa&ccedil;&otilde;es da empresa, como engajamento e absente&iacute;smo.<\/li>\n<li><b> Unir os dados com as a&ccedil;&otilde;es certas<\/b><b><br>\n<\/b>Campanhas de promo&ccedil;&atilde;o de sa&uacute;de &ldquo;generalistas&rdquo; n&atilde;o s&atilde;o suficientes. Cada empresa &ndash; embora seja um recorte da sociedade em que est&aacute; inserida &ndash; possui um conjunto de ideias, a&ccedil;&otilde;es e pr&aacute;ticas espec&iacute;ficas daquele grupo.Por isso, a import&acirc;ncia em casar os dados com as a&ccedil;&otilde;es certas para cada time, setor ou empresa.<\/li>\n<\/ol>\n<p>&rarr; Quer transformar o cuidado com a sa&uacute;de mental em a&ccedil;&otilde;es pr&aacute;ticas no dia a dia da sua empresa?<a href=\"https:\/\/alice.com.br\/blog\/empresas\/saude-mental-empresas-ideias\/\"> Confira ideias para promover a sa&uacute;de mental no trabalho!<\/a><\/p>\n<ol>\n<li><b> Estabelecer uma governan&ccedil;a clara<\/b><b><br>\n<\/b>&Eacute; importante, logo de in&iacute;cio, determinar qual time acompanhar&aacute; os dados e as a&ccedil;&otilde;es implementadas, al&eacute;m de como ser&aacute; feito esse acompanhamento: com qual periodicidade, com quais ferramentas, entre outros detalhes.<\/li>\n<li><b> Determinar a recorr&ecirc;ncia da avalia&ccedil;&atilde;o<\/b><b><br>\n<\/b>Para al&eacute;m de uma &uacute;nica avalia&ccedil;&atilde;o, &eacute; essencial que a empresa mantenha uma recorr&ecirc;ncia nos projetos voltados &agrave; sa&uacute;de psicossocial dos colaboradores.<\/li>\n<\/ol>\n<h2 id=\"erros-comuns-nas-estrategias-de-saude-psicossocial\"><b>Erros comuns nas estrat&eacute;gias de sa&uacute;de psicossocial<\/b><\/h2>\n<p>Durante a constru&ccedil;&atilde;o das estrat&eacute;gias que v&atilde;o atender os riscos psicossociais, &eacute; essencial que as empresas se atentem aos erros mais comuns. S&atilde;o eles:<\/p>\n\n<ol>\n<li><b>Falta de diagn&oacute;stico estruturado<\/b><b><br>\n<\/b>Muitas empresas implementam iniciativas sem antes mapear seus pr&oacute;prios riscos psicossociais. N&atilde;o aplicam pesquisas consistentes, n&atilde;o analisam dados de absente&iacute;smo, turnover ou afastamentos por transtornos mentais, nem escutam lideran&ccedil;as e equipes de forma qualificada.<\/li>\n<li><b>Desconex&atilde;o entre discurso e pr&aacute;tica<\/b><b><br>\n<\/b>A empresa diz que prioriza sa&uacute;de mental, mas mant&eacute;m pol&iacute;ticas e metas que incentivam jornadas excessivas, disponibilidade constante e uma cultura de urg&ecirc;ncia permanente. Essa incoer&ecirc;ncia reduz a credibilidade das a&ccedil;&otilde;es e pode at&eacute; aumentar o problema.<\/li>\n<li><b>Tratar o tema como a&ccedil;&atilde;o pontual ou benef&iacute;cio isolado<\/b><br>\nSa&uacute;de psicossocial &eacute; uma parte estruturante da gest&atilde;o de riscos. Muitas empresas concentram esfor&ccedil;os em palestras motivacionais, campanhas de conscientiza&ccedil;&atilde;o ou oferta de apoio psicol&oacute;gico individual, mas deixam de revisar fatores organizacionais que est&atilde;o na raiz do problema, como as metas inalcan&ccedil;&aacute;veis, sobrecarga cr&ocirc;nica, lideran&ccedil;as despreparadas e aus&ecirc;ncia de canais seguros de escuta.<\/li>\n<li><b>Agir apenas de forma reativa<\/b><br>\n&Eacute; comum que as empresas se mobilizem apenas depois de afastamentos ou crises, em vez de implementar monitoramento cont&iacute;nuo e indicadores preventivos. Com a atualiza&ccedil;&atilde;o da NR-1 e a inclus&atilde;o expl&iacute;cita dos riscos psicossociais no PGR, a expectativa deixa de ser simb&oacute;lica e passa a exigir abordagem sist&ecirc;mica, documenta&ccedil;&atilde;o, avalia&ccedil;&atilde;o peri&oacute;dica e a&ccedil;&otilde;es que incidam sobre a empresa como um todo.<\/li>\n<li><b>Falta de responsabiliza&ccedil;&atilde;o da lideran&ccedil;a<\/b><b><br>\n<\/b>Colocar toda a responsabilidade na &aacute;rea de RH ou em um programa de bem-estar &eacute; outro erro frequente. A gest&atilde;o direta tem impacto decisivo nos fatores psicossociais e, quando l&iacute;deres n&atilde;o s&atilde;o treinados nem avaliados por indicadores relacionados a ambiente saud&aacute;vel, a estrat&eacute;gia perde for&ccedil;a.<\/li>\n<\/ol>\n<h2 id=\"qual-o-impacto-esperado-da-aplicacao-da-nr-1\"><b>Qual o impacto esperado da aplica&ccedil;&atilde;o da NR-1?<\/b><\/h2>\n<p>A atualiza&ccedil;&atilde;o da NR-1 &eacute; um passo importante para aproximar a sa&uacute;de mental das pr&aacute;ticas de gest&atilde;o nas empresas, e isso pode transformar o ambiente de trabalho de forma muito positiva.<\/p>\n<blockquote><p>&ldquo;Um l&iacute;der que est&aacute; em dia com a pr&oacute;pria sa&uacute;de mental e que est&aacute; atento aos sinais do time consegue dar feedbacks mais assertivos, promover conversas mais abertas e criar um ambiente emocionalmente mais seguro para todo mundo.&rdquo; &ndash; Ester Santos, psic&oacute;loga da Alice.<\/p><\/blockquote>\n<p>Quando a lideran&ccedil;a tem esse preparo, a gest&atilde;o se torna mais eficiente: h&aacute; mais escuta ativa, menos conflitos, mais engajamento. A sa&uacute;de mental passa a ser parte da estrat&eacute;gia, e n&atilde;o um tema deixado para depois.<\/p>\n<p>Empresas que investem de verdade no cuidado com o bem-estar psicol&oacute;gico colhem resultados pr&aacute;ticos:<b> aumento da produtividade, queda no turnover e<\/b><a href=\"https:\/\/alice.com.br\/blog\/empresas\/endomarketing-o-que-e-e-como-colocar-em-pratica-na-empresa\/\"> <b>melhora no clima organizacional<\/b><\/a><b>.<\/b><\/p>\n<p>De acordo com dados do <a href=\"https:\/\/alice.com.br\/pulso-rh\"><b>Pulso RH<\/b><\/a>, pesquisa propriet&aacute;ria da Alice:<\/p>\n<ul>\n<li><b>70%<\/b> dos colaboradores de empresas que se importam com a sa&uacute;de se sentem <b>mais engajados<\/b>;<\/li>\n<li><b>84%<\/b> s&atilde;o <b>mais<\/b> <b>produtivos<\/b>;<\/li>\n<li><b>66%<\/b> s&atilde;o <b>mais<\/b> <b>motivados<\/b>;<\/li>\n<li><b>77%<\/b> sentem <b>mais orgulho<\/b> de trabalhar naquela empresa.<\/li>\n<\/ul>\n<p>De um ponto de vista mais global, segundo a Organiza&ccedil;&atilde;o Mundial da Sa&uacute;de (OMS), a<a href=\"https:\/\/agenciabrasil.ebc.com.br\/internacional\/noticia\/2016-04\/oms-investir-em-tratamento-para-depressao-gera-retorno-quatro-vezes\"> cada d&oacute;lar investido no tratamento para depress&atilde;o e ansiedade gera um retorno de US$ 4<\/a> por meio de melhorias na sa&uacute;de e na capacidade de trabalho do paciente.<\/p>\n<h3>Ou seja, cuidar da sa&uacute;de mental e diminuir os riscos psicossociais no trabalho s&atilde;o medidas essenciais para o bem-estar geral dos colaboradores e da empresa.<\/h3>\n<h2 id=\"como-obter-o-certificado-de-empresa-promotora-da-saude-mental\"><b>Como obter o certificado de Empresa Promotora da Sa&uacute;de Mental?<\/b><\/h2>\n<p>A<a href=\"https:\/\/www.planalto.gov.br\/ccivil_03\/_ato2023-2026\/2024\/lei\/L14831.htm\"> Lei 14.831\/24<\/a>, sancionada em mar&ccedil;o de 2024, criou o Certificado Empresa Promotora da Sa&uacute;de Mental. Este selo reconhece empresas com pol&iacute;ticas efetivas de bem-estar psicossocial.<\/p>\n<p>A ideia &eacute; valorizar as organiza&ccedil;&otilde;es que investem em um ambiente mais saud&aacute;vel, estimulando:<\/p>\n<ul>\n<li>Seguran&ccedil;a e sa&uacute;de no trabalho;<\/li>\n<li>Equil&iacute;brio entre vida pessoal e profissional;<\/li>\n<li>Incentivo a atividades f&iacute;sicas, alimenta&ccedil;&atilde;o saud&aacute;vel e lazer;<\/li>\n<li>Comunica&ccedil;&atilde;o clara e respeitosa;<\/li>\n<li>Rela&ccedil;&otilde;es saud&aacute;veis no dia a dia corporativo.<\/li>\n<\/ul>\n<h3><b>O que fazer? <\/b><\/h3>\n<p>Empresas interessadas no certificado precisam adotar medidas como:<\/p>\n<ul>\n<li>Avalia&ccedil;&atilde;o dos riscos psicossociais, para al&eacute;m dos demais riscos para a sa&uacute;de e o bem-estar dos colaboradores;<\/li>\n<li>Cria&ccedil;&atilde;o de programas de sa&uacute;de mental e apoio psicol&oacute;gico;<\/li>\n<li>Campanhas e treinamentos sobre o tema;<\/li>\n<li>Forma&ccedil;&atilde;o de lideran&ccedil;as para lidar com o tema com empatia;<\/li>\n<li>Combate ao ass&eacute;dio e &agrave; discrimina&ccedil;&atilde;o;<\/li>\n<li>Avalia&ccedil;&atilde;o cont&iacute;nua das a&ccedil;&otilde;es implementadas.<\/li>\n<\/ul>\n<p>Para manter o selo, &eacute; necess&aacute;rio divulgar internamente as pr&aacute;ticas adotadas, ouvir as equipes e acompanhar indicadores. O certificado, concedido por uma <a href=\"https:\/\/www.gov.br\/mdh\/pt-br\/assuntos\/noticias\/2024\/marco\/empresa-que-promove-saude-mental-a-trabalhadores-vai-ter-certificacao-do-governo\">comiss&atilde;o federal<\/a>, tem validade de dois anos e pode ser usado na comunica&ccedil;&atilde;o institucional.<\/p>\n<p>At&eacute; agora, n&atilde;o h&aacute; um canal oficial, formul&aacute;rio ou portal espec&iacute;fico onde a empresa possa se inscrever para receber o certificado. Esse procedimento depende da publica&ccedil;&atilde;o do regulamento pelo governo federal, que ainda n&atilde;o ocorreu.<\/p>\n<p>Embora a lei j&aacute; esteja em vigor nacionalmente, sem um regulamento publicado, n&atilde;o existe ainda um processo formal de inscri&ccedil;&atilde;o dispon&iacute;vel &agrave;s empresas. Vale destacar que qualquer notifica&ccedil;&atilde;o, formul&aacute;rio ou portal que <b>n&atilde;o<\/b> esteja vinculado a um endere&ccedil;o oficial do governo federal (dom&iacute;nio <b>gov.br<\/b>) deve ser considerado com cautela at&eacute; que o regulamento seja publicado oficialmente.<\/p>\n<h2 id=\"cuidado-continuo-e-coordenado-pela-alice\"><b>Cuidado cont&iacute;nuo e coordenado pela Alice<\/b><\/h2>\n<p>A atualiza&ccedil;&atilde;o da NR-1 refor&ccedil;a a necessidade de as empresas olharem para a sa&uacute;de de <b>forma estrat&eacute;gica e cont&iacute;nua<\/b>. &Eacute; exatamente nesse ponto que a coordena&ccedil;&atilde;o de cuidado da <b>Alice<\/b> se torna uma importante aliada.<\/p>\n<h3><b>Mapeamento dos riscos<\/b>:<\/h3>\n<ul>\n<li><b>Score Magenta<\/b>: todos os membros da <b>Alice <\/b>t&ecirc;m acesso ao <a href=\"https:\/\/alice.com.br\/blog\/plano-de-saude\/score-magenta-alice\/\">Score Magenta<\/a>, uma ferramenta propriet&aacute;ria que calcula como est&aacute; a sa&uacute;de a partir da avalia&ccedil;&atilde;o dos principais pilares de sa&uacute;de: alimenta&ccedil;&atilde;o, exerc&iacute;cios, qualidade de vida, sono, h&aacute;bitos e sa&uacute;de mental. As empresas t&ecirc;m acesso aos dados dos seus colaboradores, de forma populacional, o que facilita a personaliza&ccedil;&atilde;o de a&ccedil;&otilde;es estrat&eacute;gicas.<\/li>\n<\/ul>\n<h3><b>Estrat&eacute;gias de sa&uacute;de integral (f&iacute;sica e mental)<\/b>:<\/h3>\n<ul>\n<li><b>Apoio em campanhas e a&ccedil;&otilde;es de sa&uacute;de<\/b>: a <b>Alice <\/b>apoia a constru&ccedil;&atilde;o de campanhas e estrat&eacute;gias de sa&uacute;de adaptadas &agrave; realidade de cada empresa.<\/li>\n<\/ul>\n<h3><b>Recorr&ecirc;ncia do cuidado<\/b>:<\/h3>\n<ul>\n<li><b>Cuidado cont&iacute;nuo e coordenado<\/b>: na <b>Alice<\/b>, o cuidado dos membros n&atilde;o &eacute; fragmentado em epis&oacute;dios, mas cont&iacute;nuo e coordenado por profissionais especialistas em Aten&ccedil;&atilde;o Prim&aacute;ria &agrave; Sa&uacute;de, como os M&eacute;dicos de Fam&iacute;lia e Comunidade. S&atilde;o eles que acompanham cada pessoa ao longo do tempo, com vis&atilde;o integral da sa&uacute;de f&iacute;sica e mental, articulando encaminhamentos, monitorando evolu&ccedil;&atilde;o e evitando que sintomas se agravem.<\/li>\n<\/ul>\n<p>Mais do que cumprir uma norma, a Alice ajuda as empresas a transformarem o cuidado em estrat&eacute;gia, com continuidade, integra&ccedil;&atilde;o e responsabilidade compartilhada.<\/p>\n<h2 id=\"sua-empresa-preparada-para-a-nova-nr-1-e-seu-time-bem-cuidado-todos-os-dias\"><b>Sua empresa preparada para a nova NR-1, e seu time bem cuidado todos os dias<\/b><\/h2>\n<p>Com Alice, voc&ecirc; oferece mais do que um<a href=\"https:\/\/alice.com.br\/\"> conv&ecirc;nio de sa&uacute;de<\/a>: voc&ecirc; garante acesso aos profissionais de sa&uacute;de com atendimento cont&iacute;nuo para manter o bem-estar f&iacute;sico e emocional do seu time.<\/p>\n<p>Na pr&aacute;tica, voc&ecirc; recebe um cuidado real com a sa&uacute;de mental, que vai muito al&eacute;m das exig&ecirc;ncias da lei e ajuda sua empresa a criar um ambiente mais saud&aacute;vel, produtivo e seguro para todo mundo.<\/p>\n<p>Veja como Alice cuida do seu time e do seu or&ccedil;amento!<\/p>\n<html><body><div class=\"cta cta--post--slim_withlogo\">\n\t\t\t\t\t\t\t\t\t<a href=\"https:\/\/alice.com.br\/\">\n\t\t\t\t\t\t\t\t\t<div class=\"logo\">\n\t\t\t\t\t\t\t\t\t\t<img src=\"https:\/\/alice.com.br\/blog\/wp-content\/themes\/arada\/dist\/images\/alice.svg\" width=\"288\" height=\"150\" aria-label=\"hidden\">\n\t\t\t\t\t\t\t\t\t<\/div>\n\t\t\t\t\t\t\t\t\t<span class=\"title\">Conhe&ccedil;a a Alice<\/span><span class=\"icon icon--arrow_right\"><\/span><\/a>\n\t\t\t\t\t\t\t\t<\/div><\/body><\/html><\/body><\/html>\n","protected":false},"excerpt":{"rendered":"Mudan\u00e7a na legisla\u00e7\u00e3o inclui 'riscos psicossociais' como pontos de aten\u00e7\u00e3o dos empregadores e certifica\u00e7\u00e3o para empresas estimularem ado\u00e7\u00e3o de iniciativas de bem-estar. ","protected":false},"author":5,"featured_media":20936,"comment_status":"closed","ping_status":"closed","sticky":false,"template":"","format":"standard","meta":{"_acf_changed":false,"footnotes":""},"categories":[6],"tags":[92,131,79],"class_list":["post-18212","post","type-post","status-publish","format-standard","has-post-thumbnail","hentry","category-empresas","tag-bem-estar","tag-qualidade-de-vida","tag-saude-mental"],"acf":[],"_links":{"self":[{"href":"https:\/\/alice.com.br\/blog\/wp-json\/wp\/v2\/posts\/18212","targetHints":{"allow":["GET"]}}],"collection":[{"href":"https:\/\/alice.com.br\/blog\/wp-json\/wp\/v2\/posts"}],"about":[{"href":"https:\/\/alice.com.br\/blog\/wp-json\/wp\/v2\/types\/post"}],"author":[{"embeddable":true,"href":"https:\/\/alice.com.br\/blog\/wp-json\/wp\/v2\/users\/5"}],"replies":[{"embeddable":true,"href":"https:\/\/alice.com.br\/blog\/wp-json\/wp\/v2\/comments?post=18212"}],"version-history":[{"count":26,"href":"https:\/\/alice.com.br\/blog\/wp-json\/wp\/v2\/posts\/18212\/revisions"}],"predecessor-version":[{"id":21001,"href":"https:\/\/alice.com.br\/blog\/wp-json\/wp\/v2\/posts\/18212\/revisions\/21001"}],"wp:featuredmedia":[{"embeddable":true,"href":"https:\/\/alice.com.br\/blog\/wp-json\/wp\/v2\/media\/20936"}],"wp:attachment":[{"href":"https:\/\/alice.com.br\/blog\/wp-json\/wp\/v2\/media?parent=18212"}],"wp:term":[{"taxonomy":"category","embeddable":true,"href":"https:\/\/alice.com.br\/blog\/wp-json\/wp\/v2\/categories?post=18212"},{"taxonomy":"post_tag","embeddable":true,"href":"https:\/\/alice.com.br\/blog\/wp-json\/wp\/v2\/tags?post=18212"}],"curies":[{"name":"wp","href":"https:\/\/api.w.org\/{rel}","templated":true}]}}