{"id":18411,"date":"2024-10-18T17:45:15","date_gmt":"2024-10-18T20:45:15","guid":{"rendered":"https:\/\/alice.com.br\/blog\/?p=18411"},"modified":"2024-10-18T17:45:15","modified_gmt":"2024-10-18T20:45:15","slug":"regime-celetista-clt-o-que-e-e-quais-as-suas-regras","status":"publish","type":"post","link":"https:\/\/alice.com.br\/blog\/empresas\/regime-celetista-clt-o-que-e-e-quais-as-suas-regras\/","title":{"rendered":"Regime celetista (CLT): O que \u00e9 e quais as suas regras?"},"content":{"rendered":"<html><body><p>Fundamental para garantir os direitos trabalhistas, o regime celetista norteia toda rela&ccedil;&atilde;o de trabalho que possua um v&iacute;nculo empregat&iacute;cio. Formalmente conhecido como <a href=\"https:\/\/www.planalto.gov.br\/ccivil_03\/decreto-lei\/del5452.htm\" target=\"_blank\" rel=\"nofollow noopener\">Consolida&ccedil;&atilde;o das Leis do Trabalho (CLT)<\/a>, este regime &eacute; a principal legisla&ccedil;&atilde;o que regula as rela&ccedil;&otilde;es de trabalho no Brasil, abrangendo majoritariamente o setor privado, mas tamb&eacute;m algumas categorias do setor p&uacute;blico.<\/p>\n<p>Essencialmente, o regime celetista estabelece normas que regem a contrata&ccedil;&atilde;o, a remunera&ccedil;&atilde;o e as condi&ccedil;&otilde;es de trabalho.<\/p><html><body><div class=\"cta cta--post--slim_withlogo\">\n\t\t\t\t\t\t\t\t\t<a href=\"https:\/\/alice.com.br\/\">\n\t\t\t\t\t\t\t\t\t<div class=\"logo\">\n\t\t\t\t\t\t\t\t\t\t<img src=\"https:\/\/alice.com.br\/blog\/wp-content\/themes\/arada\/dist\/images\/alice.svg\" width=\"288\" height=\"150\" aria-label=\"hidden\">\n\t\t\t\t\t\t\t\t\t<\/div>\n\t\t\t\t\t\t\t\t\t<span class=\"title\">Conhe&ccedil;a a Alice<\/span><span class=\"icon icon--arrow_right\"><\/span><\/a>\n\t\t\t\t\t\t\t\t<\/div><\/body><\/html>\n<p><a href=\"https:\/\/alice.com.br\/blog\/empresas\/prestador-de-servicos-o-que-e-e-diferencas-vs-contratado\/\" target=\"_blank\" rel=\"noopener\">Prestador de servi&ccedil;os: o que &eacute; e diferen&ccedil;as vs contratado<\/a><\/p>\n<p>Veja a seguir os detalhes sobre essa modalidade de trabalho e as diferen&ccedil;as em rela&ccedil;&atilde;o ao regime estatut&aacute;rio, do setor p&uacute;blico.<\/p>\n<h2>O que &eacute; o regime celetista?<\/h2>\n<p>O regime celetista &eacute; o tipo de v&iacute;nculo de trabalho foi institu&iacute;do pela <a href=\"https:\/\/www.planalto.gov.br\/ccivil_03\/decreto-lei\/del5452.htm\" target=\"_blank\" rel=\"nofollow noopener\">Lei n&ordm; 5.452, de 1&ordm; de maio de 1943<\/a>, que estabeleceu a Consolida&ccedil;&atilde;o das Leis do Trabalho, mais conhecida como CLT.<\/p>\n<p>Logo no in&iacute;cio do texto da lei, a CLT define os pap&eacute;is de empregador e empregado e estabelece os crit&eacute;rios que caracterizam uma rela&ccedil;&atilde;o de emprego.<\/p>\n<p>O artigo 2&ordm; considera empregador toda e qualquer &ldquo;empresa, individual ou coletiva, que, assumindo os riscos da atividade econ&ocirc;mica, admite, assalaria e dirige a presta&ccedil;&atilde;o pessoal de servi&ccedil;o&rdquo;.<\/p>\n<p>O artigo seguinte define empregado como &ldquo;toda pessoa f&iacute;sica que prestar servi&ccedil;os de natureza n&atilde;o eventual a empregador, sob a depend&ecirc;ncia deste e mediante sal&aacute;rio&rdquo;.<\/p>\n<p>A legisla&ccedil;&atilde;o, como diz o nome, tamb&eacute;m consolidou uma s&eacute;rie de direitos dos trabalhadores, e os principais deles s&atilde;o:<\/p>\n<ul>\n<li>F&eacute;rias remuneradas acrescidas de &#8531; do sal&aacute;rio<\/li>\n<li>13o sal&aacute;rio<\/li>\n<li>Descanso semanal remunerado (preferencialmente aos domingos)<\/li>\n<li>Recolhimento do FGTS, entre outros.<\/li>\n<\/ul>\n<p>Outros pontos estabelecidos na lei incluem normatiza&ccedil;&otilde;es para:<\/p>\n<ul>\n<li><b>Contrata&ccedil;&atilde;o:<\/b> deve ser feita de modo formal por meio de um contrato de trabalho;<\/li>\n<li><b>Demiss&atilde;o:<\/b> a rescis&atilde;o do contrato de trabalho pode ocorrer por diversos motivos e por iniciativa de ambas as partes, sendo necess&aacute;rio seguir os procedimentos legais para evitar lit&iacute;gios;<\/li>\n<li><b>Jornada de trabalho: <\/b>a jornada padr&atilde;o &eacute; de, no m&aacute;ximo 44 horas semanais, podendo ser distribu&iacute;das em at&eacute; seis dias. Exce&ccedil;&otilde;es a essa regra devem ser negociadas pontualmente e registradas no contrato de trabalho;<\/li>\n<li><b>Horas extras:<\/b> devem ser remuneradas com um adicional m&iacute;nimo de 50% sobre o valor da hora normal;<\/li>\n<li><b>Licen&ccedil;as e afastamentos:<\/b> diversas licen&ccedil;as est&atilde;o previstas, como licen&ccedil;a-maternidade e licen&ccedil;a-paternidade, al&eacute;m da possibilidade de afastamento por motivos de sa&uacute;de.<\/li>\n<\/ul>\n<h2>Quais trabalhadores est&atilde;o sob o regime celetista?<\/h2>\n<p>O regime celetista se aplica a todos os trabalhadores, abrangendo uma vasta gama de profiss&otilde;es e setores, mas excluindo os servidores p&uacute;blicos estatut&aacute;rios. Estes t&ecirc;m seus v&iacute;nculos de trabalho na administra&ccedil;&atilde;o p&uacute;blica regidos por leis e estatutos espec&iacute;ficos, que variam conforme o ente federativo (federal, estadual ou municipal), mas que est&atilde;o submetidos ao Regime Jur&iacute;dico &Uacute;nico dos Servidores P&uacute;blicos Federais (Lei 8.112\/90).<\/p>\n<p>Nesses estatutos espec&iacute;ficos est&atilde;o listados os direitos dos trabalhadores e tamb&eacute;m seus deveres.<\/p>\n<h2>Quais crit&eacute;rios caracterizam um trabalho no regime celetista?<\/h2>\n<p>Apesar de reger a maior parte das rela&ccedil;&otilde;es de trabalho, nem todo trabalho &eacute; considerado uma rela&ccedil;&atilde;o de emprego. Existem outras modalidades que n&atilde;o est&atilde;o abarcadas, como estagi&aacute;rios, diaristas, aut&ocirc;nomos etc. <a href=\"https:\/\/alice.com.br\/blog\/empresas\/o-que-sao-e-quais-os-tipos-de-relacoes-de-trabalho-entenda\/\" target=\"_blank\" rel=\"noopener\">Aqui explicamos mais detalhadamente esta distin&ccedil;&atilde;o entre as rela&ccedil;&otilde;es de trabalho<\/a>.<\/p>\n<p>Para entender o que configura exatamente um regime celetista, basta observar alguns par&acirc;metros objetivos e previstos na CLT que fazem uma rela&ccedil;&atilde;o de trabalho ser considerada uma rela&ccedil;&atilde;o de emprego celetista. S&atilde;o eles:<\/p>\n<ol>\n<li><b>Pessoalidade: <\/b>o trabalho deve ser realizado pessoalmente pelo empregado, que deve ser uma pessoa f&iacute;sica, e n&atilde;o pode ser delegado a terceiros. Essa caracter&iacute;stica assegura que o trabalhador foi contratado em raz&atilde;o de suas habilidades e qualidades pessoais, o que &eacute; essencial para a forma&ccedil;&atilde;o do v&iacute;nculo empregat&iacute;cio;<\/li>\n<li><b>Subordina&ccedil;&atilde;o: <\/b>o empregado deve estar subordinado a seu empregador, seguindo uma hierarquia e respeitando ordens e diretrizes;<\/li>\n<li><b>Remunera&ccedil;&atilde;o: <\/b>a presta&ccedil;&atilde;o de servi&ccedil;os pela m&atilde;o de obra deve ser remunerada pelo empregador, caracterizando um v&iacute;nculo financeiro entre as partes;<\/li>\n<li><b>Habitualidade: <\/b>o trabalho deve ser cont&iacute;nuo e n&atilde;o espor&aacute;dico. Isso implica que o empregado deve prestar servi&ccedil;os regularmente, caracterizando a continuidade da rela&ccedil;&atilde;o. Caso contr&aacute;rio, configura-se uma rela&ccedil;&atilde;o de trabalho diferente, conforme listamos acima;<\/li>\n<li><b>Riscos da atividade econ&ocirc;mica: <\/b>estes dever&atilde;o ser arcados exclusivamente pelo empregador, n&atilde;o podendo repassar preju&iacute;zos ao empregado. Assim, o sal&aacute;rio do trabalhador &eacute; garantido independentemente do desempenho financeiro da empresa.<\/li>\n<\/ol>\n<h2>Regime celetista x regime estatut&aacute;rio<\/h2>\n<p>Enquanto o regime celetista se aplica majoritariamente a rela&ccedil;&otilde;es de emprego no setor privado e a algumas fun&ccedil;&otilde;es p&uacute;blicas espec&iacute;ficas, o regime estatut&aacute;rio &eacute; reservado para servidores p&uacute;blicos efetivos.<\/p>\n<p>Isso significa que as regras para contrata&ccedil;&atilde;o, demiss&atilde;o e os direitos trabalhistas em geral podem variar significativamente entre os dois regimes.<\/p>\n<h2>Quais as principais diferen&ccedil;as entre esses regimes de trabalho?<\/h2>\n<ol>\n<li><b>Base legal<\/b><\/li>\n<\/ol>\n<ul>\n<li><b>Celetista<\/b> &ndash; o v&iacute;nculo de trabalho &eacute; regido por um contrato elaborado a partir das determina&ccedil;&otilde;es da CLT, que estabelece direitos e deveres para trabalhadores do setor privado e alguns cargos do setor p&uacute;blico.<\/li>\n<li><b>Estatut&aacute;rio<\/b> &ndash; o v&iacute;nculo trabalhista &eacute; regido por leis espec&iacute;ficas, municipais, estaduais ou federais, que definem os direitos dos servidores p&uacute;blicos concursados nas diferentes esferas.\n<p><b>2. Contrata&ccedil;&atilde;o<\/b><\/p>\n<p><\/p><\/li>\n<li><b>Celetista<\/b> &ndash; no setor privado, a contrata&ccedil;&atilde;o &eacute; formalizada atrav&eacute;s de um contrato de trabalho, permitindo maior flexibilidade para a troca de empregos. Em cargos na administra&ccedil;&atilde;o p&uacute;blica regidos pelo regime celetista, o indiv&iacute;duo &eacute; contratado ap&oacute;s ser aprovado em um concurso, que pode incluir v&aacute;rias etapas, como provas. Ap&oacute;s essa aprova&ccedil;&atilde;o, ele assina um contrato de trabalho, e seus direitos e deveres s&atilde;o regidos pela CLT, al&eacute;m de outras legisla&ccedil;&otilde;es espec&iacute;ficas e normas do &oacute;rg&atilde;o contratante.<\/li>\n<li><b>Estatut&aacute;rio<\/b> &ndash; o servidor estatut&aacute;rio tamb&eacute;m &eacute; aprovado em um concurso. No entanto, ap&oacute;s a aprova&ccedil;&atilde;o, ele &eacute; convocado por meio de um ato de nomea&ccedil;&atilde;o para tomar posse e assumir seu cargo p&uacute;blico. Diferentemente do celetista, o servidor estatut&aacute;rio n&atilde;o assina um contrato de trabalho com o Poder P&uacute;blico. Seus direitos e deveres est&atilde;o estabelecidos em estatutos e legisla&ccedil;&otilde;es espec&iacute;ficas do ente federativo e ao &oacute;rg&atilde;o ao qual pertence.<br>\n<b><br>\n3. Estabilidade no emprego\n<\/b><p><\/p><\/li>\n<li><b>Celetista<\/b> &ndash; trabalhadores possuem menos estabilidade, e est&atilde;o sujeitos &agrave; rescis&atilde;o do contrato a qualquer momento, sem uma justa causa. A CLT garante o direito ao aviso pr&eacute;vio e a uma verba indenizat&oacute;ria. Embora seja raro, funcion&aacute;rios p&uacute;blicos celetistas podem ser demitidos.<\/li>\n<li><b>Estatut&aacute;rio<\/b> &ndash; esses servidores desfrutam de uma estabilidade maior ap&oacute;s o est&aacute;gio probat&oacute;rio, de tr&ecirc;s anos. Eles podem ser exonerados, mas a demiss&atilde;o implica processos administrativos e motiva&ccedil;&otilde;es mais formais.<br>\n<b><br>\n4. Direitos e benef&iacute;cios<\/b><\/li>\n<\/ul>\n<ul>\n<li><b>Celetista<\/b> &ndash; regime pressup&otilde;e direitos como f&eacute;rias remuneradas, 13&ordm; sal&aacute;rio, FGTS, licen&ccedil;a-maternidade e paternidade, al&eacute;m de possibilidade de negocia&ccedil;&atilde;o coletiva para aumentos salariais.<\/li>\n<li><b>Estatut&aacute;rio<\/b> &ndash; direitos adicionais podem estar previstos, como maiores per&iacute;odos de f&eacute;rias, aposentadoria integral, licen&ccedil;a-pr&ecirc;mio e outros benef&iacute;cios espec&iacute;ficos definidos por estatutos que variam de acordo com o ente federativo.<br>\n<b><br>\n5. Plano de carreira<\/b><\/li>\n<\/ul>\n<ul>\n<li><b>Celetista<\/b> &ndash; maior mobilidade e rapidez na progress&atilde;o de carreira, que pode ou n&atilde;o depender de negocia&ccedil;&otilde;es coletivas.<\/li>\n<li><b>Estatut&aacute;rio<\/b> &ndash; a progress&atilde;o &eacute; geralmente mais lenta e regida por crit&eacute;rios estabelecidos pelo estatuto do servidor.<\/li>\n<\/ul>\n<h2>Justi&ccedil;a discute mudan&ccedil;a em regime celetista para estatut&aacute;rio<\/h2>\n<p>O <a href=\"https:\/\/tst.jus.br\/-\/tst-vai-discutir-implica%C3%A7%C3%B5es-de-mudan%C3%A7a-de-regime-celetista-para-estatut%C3%A1rio-antes-da-constitui%C3%A7%C3%A3o\" target=\"_blank\" rel=\"noopener\">Tribunal Superior do Trabalho (TST)<\/a> vai julgar um caso em que se discute a possibilidade de mudan&ccedil;a do regime celetista para o estatut&aacute;rio de empregado admitido sem concurso pela administra&ccedil;&atilde;o p&uacute;blica antes da Constitui&ccedil;&atilde;o de 1988.<\/p>\n<p>O caso em espec&iacute;fico &eacute; de um trabalhador do Departamento Aut&ocirc;nomo de Estradas de Rodagem do Rio Grande do Sul.<\/p>\n<p>Ele foi contratado em 1981 pelo regime CLT e, em 1994, seu contrato de trabalho foi automaticamente transposto para o regime estatut&aacute;rio, o que o fez deixar de receber o FGTS. Em 2019, a autarquia rescindiu seu contrato sem as indeniza&ccedil;&otilde;es rescis&oacute;rias, levando-o a entrar com a a&ccedil;&atilde;o trabalhista.<\/p>\n<p>Depois desse julgamento, a tese a ser firmada pelo TST dever&aacute; ser aplicada a todos os casos que tratem do mesmo tema.<\/p>\n<h2>Hist&oacute;ria da CLT<\/h2>\n<p>A CLT &eacute; um marco fundamental na hist&oacute;ria das rela&ccedil;&otilde;es trabalhistas no Brasil. Ela n&atilde;o apenas consolidou a legisla&ccedil;&atilde;o trabalhista existente, mas tamb&eacute;m se tornou um reflexo das mudan&ccedil;as sociais e pol&iacute;ticas do Brasil.<\/p>\n<p>A lei foi criada em um contexto pol&iacute;tico e social particular. Sancionada pelo presidente Get&uacute;lio Vargas em 1&ordm; de maio de 1943, a CLT surgiu como uma resposta &agrave; crescente necessidade de regulamenta&ccedil;&atilde;o das rela&ccedil;&otilde;es de trabalho em um pa&iacute;s que estava passando por uma r&aacute;pida industrializa&ccedil;&atilde;o.<\/p>\n<p>A d&eacute;cada de 1930 foi marcada por intensas transforma&ccedil;&otilde;es sociais e econ&ocirc;micas no pa&iacute;s. At&eacute; ent&atilde;o predominantemente agr&aacute;rio, o Brasil come&ccedil;ava a se industrializar, o que trouxe &agrave; tona a necessidade de proteger os trabalhadores que emergiam desse novo cen&aacute;rio.<\/p>\n<p>A cria&ccedil;&atilde;o da Justi&ccedil;a do Trabalho em 1939 foi um passo inicial nesse sentido, estabelecendo um sistema para resolver conflitos entre empregadores e empregados.<\/p>\n<p>Com in&uacute;meras reformas ao longo dos anos, especialmente ap&oacute;s a promulga&ccedil;&atilde;o da Constitui&ccedil;&atilde;o de 1988, muitos direitos foram ampliados ou incorporados diretamente &agrave; legisla&ccedil;&atilde;o trabalhista.<\/p>\n<p>A reforma mais recente, ocorrida em 2017, inclui quest&otilde;es como o trabalho intermitente, a regulamenta&ccedil;&atilde;o do trabalho remoto de home office e uma maior flexibiliza&ccedil;&atilde;o das normas trabalhistas. Tais modifica&ccedil;&otilde;es geraram in&uacute;meros debates e questionamentos sobre a prote&ccedil;&atilde;o dos direitos dos trabalhadores.<\/p>\n<html><body><h2>Alice tem o plano de sa&uacute;de certo para a sua empresa!<\/h2>\n<p>Alice &eacute; uma empresa de tecnologia que oferece planos de sa&uacute;de empresarial e tem a miss&atilde;o de tornar o mundo mais saud&aacute;vel. Nossa plataforma de cuidado cont&iacute;nuo garante que os nossos membros recebam o cuidado certo, na hora certa e no lugar certo, proporcionando uma experi&ecirc;ncia excepcional para eles.<\/p>\n<p>Nossos planos t&ecirc;m cobertura nacional completa, assim como o atendimento e a experi&ecirc;ncia &uacute;nica do Alice Agora, parceiro de sa&uacute;de confi&aacute;vel para todas as horas, direto no app. Fale com o Time de Sa&uacute;de 24\/7, receba resposta em at&eacute; 60 segundos e, se precisar, j&aacute; fa&ccedil;a uma consulta virtual com nossa equipe m&eacute;dica.<\/p>\n<p>Alice tamb&eacute;m tem suporte completo ao seu RH, com dados estrat&eacute;gicos para sua gest&atilde;o &ndash; desde reports de sa&uacute;de populacional at&eacute; de custo de cuidado &ndash;, onboarding exclusivo e account manager dedicado.<\/p>\n<p>Veja como Alice cuida do seu time e do seu or&ccedil;amento.<\/p>\n<html><body><div class=\"cta cta--post--slim_withlogo\">\n\t\t\t\t\t\t\t\t\t<a href=\"https:\/\/alice.com.br\/simulador\">\n\t\t\t\t\t\t\t\t\t<div class=\"logo\">\n\t\t\t\t\t\t\t\t\t\t<img src=\"https:\/\/alice.com.br\/blog\/wp-content\/themes\/arada\/dist\/images\/alice.svg\" width=\"288\" height=\"150\" aria-label=\"hidden\">\n\t\t\t\t\t\t\t\t\t<\/div>\n\t\t\t\t\t\t\t\t\t<span class=\"title\">Simule seu plano<\/span><span class=\"icon icon--arrow_right\"><\/span><\/a>\n\t\t\t\t\t\t\t\t<\/div><\/body><\/html><\/body><\/html><\/body><\/html>\n","protected":false},"excerpt":{"rendered":"Consolida\u00e7\u00e3o das Leis do Trabalho estabelece as regras que regem a contrata\u00e7\u00e3o, a remunera\u00e7\u00e3o e as condi\u00e7\u00f5es de trabalho no setor privado.","protected":false},"author":5,"featured_media":18414,"comment_status":"closed","ping_status":"closed","sticky":false,"template":"","format":"standard","meta":{"_acf_changed":false,"footnotes":""},"categories":[6],"tags":[94,97],"class_list":["post-18411","post","type-post","status-publish","format-standard","has-post-thumbnail","hentry","category-empresas","tag-empresas","tag-mercado-de-trabalho"],"acf":[],"_links":{"self":[{"href":"https:\/\/alice.com.br\/blog\/wp-json\/wp\/v2\/posts\/18411","targetHints":{"allow":["GET"]}}],"collection":[{"href":"https:\/\/alice.com.br\/blog\/wp-json\/wp\/v2\/posts"}],"about":[{"href":"https:\/\/alice.com.br\/blog\/wp-json\/wp\/v2\/types\/post"}],"author":[{"embeddable":true,"href":"https:\/\/alice.com.br\/blog\/wp-json\/wp\/v2\/users\/5"}],"replies":[{"embeddable":true,"href":"https:\/\/alice.com.br\/blog\/wp-json\/wp\/v2\/comments?post=18411"}],"version-history":[{"count":6,"href":"https:\/\/alice.com.br\/blog\/wp-json\/wp\/v2\/posts\/18411\/revisions"}],"predecessor-version":[{"id":18418,"href":"https:\/\/alice.com.br\/blog\/wp-json\/wp\/v2\/posts\/18411\/revisions\/18418"}],"wp:featuredmedia":[{"embeddable":true,"href":"https:\/\/alice.com.br\/blog\/wp-json\/wp\/v2\/media\/18414"}],"wp:attachment":[{"href":"https:\/\/alice.com.br\/blog\/wp-json\/wp\/v2\/media?parent=18411"}],"wp:term":[{"taxonomy":"category","embeddable":true,"href":"https:\/\/alice.com.br\/blog\/wp-json\/wp\/v2\/categories?post=18411"},{"taxonomy":"post_tag","embeddable":true,"href":"https:\/\/alice.com.br\/blog\/wp-json\/wp\/v2\/tags?post=18411"}],"curies":[{"name":"wp","href":"https:\/\/api.w.org\/{rel}","templated":true}]}}