{"id":18744,"date":"2025-01-09T08:00:47","date_gmt":"2025-01-09T11:00:47","guid":{"rendered":"https:\/\/alice.com.br\/blog\/?p=18744"},"modified":"2025-09-03T15:59:56","modified_gmt":"2025-09-03T18:59:56","slug":"visao-romantizada-sobre-o-trabalho-genz-versus-millennials","status":"publish","type":"post","link":"https:\/\/alice.com.br\/blog\/empresas\/visao-romantizada-sobre-o-trabalho-genz-versus-millennials\/","title":{"rendered":"Vis\u00e3o romantizada sobre o trabalho: GenZ versus Millennials"},"content":{"rendered":"<html><body><p>Para 34,4% dos brasileiros entre 16 e 29 anos, a chamada gera&ccedil;&atilde;o Z (ou GenZ), o trabalho &eacute; apenas um mal necess&aacute;rio para pagar as contas do m&ecirc;s.<\/p>\n<p>Uma gera&ccedil;&atilde;o atr&aacute;s, a dos millennials &ndash; que abrange dos 30 aos 43 anos -, pensa um pouco diferente. Entre eles, apenas 27,4% t&ecirc;m a mesma opini&atilde;o.<\/p>\n<p>Esse &eacute; um dos pontos de diferen&ccedil;a entre as gera&ccedil;&otilde;es que est&atilde;o presentes no mercado de trabalho atualmente, e que foram observadas na pesquisa in&eacute;dita da Alice, &ldquo;<a href=\"https:\/\/alice.com.br\/evento-pulso-rh\">Pulso RH &ndash; Gera&ccedil;&atilde;o Z e o novo olhar para a sa&uacute;de no trabalh<\/a>o&rdquo;.<\/p>\n<p>Em colabora&ccedil;&atilde;o com a BP &ndash; A Benefic&ecirc;ncia Portuguesa de S&atilde;o Paulo, Grupo Fleury e Flash, a Alice coletou dados de mais de mil pessoas de todas as regi&otilde;es do Brasil, em parceria com a plataforma Opinion Box. Os resultados foram divulgados em novembro de 2024.<\/p><html><body><div class=\"cta cta--post--slim_withlogo\">\n\t\t\t\t\t\t\t\t\t<a href=\"https:\/\/alice.com.br\/evento-pulso-rh\">\n\t\t\t\t\t\t\t\t\t<div class=\"logo\">\n\t\t\t\t\t\t\t\t\t\t<img src=\"https:\/\/alice.com.br\/blog\/wp-content\/themes\/arada\/dist\/images\/alice.svg\" width=\"288\" height=\"150\" aria-label=\"hidden\">\n\t\t\t\t\t\t\t\t\t<\/div>\n\t\t\t\t\t\t\t\t\t<span class=\"title\">Baixe o estudo: Gera&ccedil;&atilde;o Z e o novo olhar para a sa&uacute;de no trabalho<\/span><span class=\"icon icon--arrow_right\"><\/span><\/a>\n\t\t\t\t\t\t\t\t<\/div><\/body><\/html>\n<p class=\"embed embed--16by9\"><iframe loading=\"lazy\" title=\"#6 Webinar Open Arena | Voc&ecirc; n&atilde;o &eacute; o seu crach&aacute;: o que pensa a Gen Z sobre sa&uacute;de e trabalho?\" width=\"500\" height=\"281\" src=\"https:\/\/www.youtube.com\/embed\/jeIyljVQQlA?start=256&amp;feature=oembed\" frameborder=\"0\" allow=\"accelerometer; autoplay; clipboard-write; encrypted-media; gyroscope; picture-in-picture; web-share\" referrerpolicy=\"strict-origin-when-cross-origin\" allowfullscreen><\/iframe><\/p>\n<h2>O que explica a vis&atilde;o mais pragm&aacute;tica da GenZ?<\/h2>\n<p>O trabalho n&atilde;o &eacute; t&atilde;o associado &agrave; identidade entre os GenZ &ndash; e isso ajuda a explicar parte da vis&atilde;o pragm&aacute;tica dessa gera&ccedil;&atilde;o.<\/p>\n<p>40,9% deles escolheram a frase &ldquo;O trabalho &eacute; algo que representa um <b>pouco<\/b> do que sou&rdquo; na pesquisa da Alice. Entre os millennials, pouco mais (43,2%) optaram pelo lado contr&aacute;rio: &ldquo;O trabalho &eacute; algo que representa <b>muito<\/b> do que sou&rdquo;.<\/p>\n<p>Se 9,4% dos GenZ dizem que o trabalho &ldquo;n&atilde;o representa <b>nada <\/b>do que sou&rdquo;, somente 6,1% dos millennials compartilham da mesma opini&atilde;o.<\/p>\n<p>&ldquo;No passado, era uma quest&atilde;o de orgulho permanecer muito tempo na mesma empresa. Hoje, precisamos nos sentar, conversar e entender o que as pessoas esperam. At&eacute; onde conseguimos ir e quais s&atilde;o as demandas? No final, mesmo que seja uma conversa dif&iacute;cil, sempre compensa ter esse papo&rdquo;, explica Renata Romanich, diretora de Recursos Humanos na Graded School, painelista do evento Pulso RH &ndash; no qual foram divulgados os dados do estudo, no in&iacute;cio de novembro.<\/p>\n<h2>&ldquo;Por que a empresa merece ter a GenZ ali?&rdquo;<\/h2>\n<p>Os pontos que a gera&ccedil;&atilde;o Z destacam como inegoci&aacute;veis no mercado de trabalho tamb&eacute;m foram levantados durante o Pulso RH.<\/p>\n<p>Para Let&iacute;cia Berger, HR Business Partner na Opsbrasil, Top Voice no LinkedIn, a sa&uacute;de mental, a flexibilidade e o que a empresa destaca como importante versus o que ela aplica na pr&aacute;tica s&atilde;o esses pontos inegoci&aacute;veis.<\/p>\n<p>&ldquo;Se a empresa diz que tem flexibilidade, mas microgerencia e controla todos os seus hor&aacute;rios, esse &eacute; um sinal de alerta. Ou se tem lideran&ccedil;as que destroem sua autoestima e justificam isso como sendo um incentivo para voc&ecirc; atingir &lsquo;sua melhor vers&atilde;o&rsquo;. Para isso, um ambiente saud&aacute;vel &eacute; inegoci&aacute;vel, no qual as pessoas e as suas diferen&ccedil;as s&atilde;o respeitadas&rdquo;, detalha Berger, que faz parte da GenZ e foi painelista do Pulso RH.<\/p>\n<p>A flexibilidade tamb&eacute;m &eacute; um ponto importante para M&aacute;rio Augusto S&aacute;, co-founder e CEO da NG Cash. &ldquo;Trabalhar de onde voc&ecirc; quiser, quando quiser, sem microgerenciamento. Essa &eacute; uma gera&ccedil;&atilde;o que n&atilde;o gosta de ser microgerenciada. Ela quer entregar com qualidade, mas no seu pr&oacute;prio tempo. Meu desenvolvedor adora trabalhar de sunga, na casa dele. Esse &eacute; um problema dele, e eu sempre brinco: &lsquo;cad&ecirc; a sunga?&rsquo; Se voc&ecirc; n&atilde;o aceitar o jeito das pessoas, voc&ecirc; vai perd&ecirc;-las&rdquo;, refor&ccedil;a.<\/p>\n<h2>Empresas precisam se adaptar aos GenZ tamb&eacute;m<\/h2>\n<p>N&atilde;o adianta a empresa colocar no discurso que favorece a flexibilidade, que n&atilde;o pratica o microgerenciamento e que valoriza a sa&uacute;de mental e, no dia a dia, a experi&ecirc;ncia dos colaboradores ser totalmente o contr&aacute;rio. E esse &eacute; um dos principais desafios, conforme explica Isadora Gabriel, CHRO da Flash.<\/p>\n<p>&ldquo;A GenZ n&atilde;o tolera essa disson&acirc;ncia entre o discurso com o que acontece no dia a dia da organiza&ccedil;&atilde;o. Ent&atilde;o, o foco precisa estar no cotidiano. Quem dissemina a cultura, quem d&aacute; o tom, &eacute; a lideran&ccedil;a. Ela precisa viver essa cultura na pr&aacute;tica, porque as pessoas se moldam &agrave; empresa&rdquo;, explica a tamb&eacute;m painelista do Pulso RH, que faz parte da gera&ccedil;&atilde;o millennial.<\/p>\n<p>Segundo Isadora, sendo de uma gera&ccedil;&atilde;o anterior, a realidade era bem diferente. &ldquo;Eu n&atilde;o vivi isso como millennial. Era uma escolha se adaptar ou n&atilde;o. N&oacute;s, por&eacute;m, costum&aacute;vamos dar esse passo de tentar nos adaptar para crescer. A gera&ccedil;&atilde;o Z est&aacute; dizendo &lsquo;n&atilde;o&rsquo;. Se o l&iacute;der n&atilde;o pratica o que diz, essa gera&ccedil;&atilde;o n&atilde;o ficar&aacute; na empresa&rdquo;, detalha.<\/p>\n<html><body><h2>Alice tem o plano de sa&uacute;de certo para a sua empresa!<\/h2>\n<p>Alice &eacute; uma empresa de tecnologia que oferece planos de sa&uacute;de empresarial e tem a miss&atilde;o de tornar o mundo mais saud&aacute;vel. Nossa plataforma de cuidado cont&iacute;nuo garante que os nossos membros recebam o cuidado certo, na hora certa e no lugar certo, proporcionando uma experi&ecirc;ncia excepcional para eles.<\/p>\n<p>Nossos planos t&ecirc;m cobertura nacional completa, assim como o atendimento e a experi&ecirc;ncia &uacute;nica do Alice Agora, parceiro de sa&uacute;de confi&aacute;vel para todas as horas, direto no app. Fale com o Time de Sa&uacute;de 24\/7, receba resposta em at&eacute; 60 segundos e, se precisar, j&aacute; fa&ccedil;a uma consulta virtual com nossa equipe m&eacute;dica.<\/p>\n<p>Alice tamb&eacute;m tem suporte completo ao seu RH, com dados estrat&eacute;gicos para sua gest&atilde;o &ndash; desde reports de sa&uacute;de populacional at&eacute; de custo de cuidado &ndash;, onboarding exclusivo e account manager dedicado.<\/p>\n<p>Veja como Alice cuida do seu time e do seu or&ccedil;amento.<\/p>\n<html><body><div class=\"cta cta--post--slim_withlogo\">\n\t\t\t\t\t\t\t\t\t<a href=\"https:\/\/alice.com.br\/\">\n\t\t\t\t\t\t\t\t\t<div class=\"logo\">\n\t\t\t\t\t\t\t\t\t\t<img src=\"https:\/\/alice.com.br\/blog\/wp-content\/themes\/arada\/dist\/images\/alice.svg\" width=\"288\" height=\"150\" aria-label=\"hidden\">\n\t\t\t\t\t\t\t\t\t<\/div>\n\t\t\t\t\t\t\t\t\t<span class=\"title\">Conhe&ccedil;a a Alice<\/span><span class=\"icon icon--arrow_right\"><\/span><\/a>\n\t\t\t\t\t\t\t\t<\/div><\/body><\/html><\/body><\/html><\/body><\/html>\n","protected":false},"excerpt":{"rendered":"Pesquisa in\u00e9dita da Alice, em parceria com BP, Grupo Fleury e Flash, traz dados sobre como o trabalho \u00e9 percebido pelas diferentes gera\u00e7\u00f5es.","protected":false},"author":5,"featured_media":18745,"comment_status":"closed","ping_status":"closed","sticky":false,"template":"","format":"standard","meta":{"_acf_changed":false,"footnotes":""},"categories":[6],"tags":[94,93],"class_list":["post-18744","post","type-post","status-publish","format-standard","has-post-thumbnail","hentry","category-empresas","tag-empresas","tag-felicidade-no-trabalho"],"acf":[],"_links":{"self":[{"href":"https:\/\/alice.com.br\/blog\/wp-json\/wp\/v2\/posts\/18744","targetHints":{"allow":["GET"]}}],"collection":[{"href":"https:\/\/alice.com.br\/blog\/wp-json\/wp\/v2\/posts"}],"about":[{"href":"https:\/\/alice.com.br\/blog\/wp-json\/wp\/v2\/types\/post"}],"author":[{"embeddable":true,"href":"https:\/\/alice.com.br\/blog\/wp-json\/wp\/v2\/users\/5"}],"replies":[{"embeddable":true,"href":"https:\/\/alice.com.br\/blog\/wp-json\/wp\/v2\/comments?post=18744"}],"version-history":[{"count":3,"href":"https:\/\/alice.com.br\/blog\/wp-json\/wp\/v2\/posts\/18744\/revisions"}],"predecessor-version":[{"id":19574,"href":"https:\/\/alice.com.br\/blog\/wp-json\/wp\/v2\/posts\/18744\/revisions\/19574"}],"wp:featuredmedia":[{"embeddable":true,"href":"https:\/\/alice.com.br\/blog\/wp-json\/wp\/v2\/media\/18745"}],"wp:attachment":[{"href":"https:\/\/alice.com.br\/blog\/wp-json\/wp\/v2\/media?parent=18744"}],"wp:term":[{"taxonomy":"category","embeddable":true,"href":"https:\/\/alice.com.br\/blog\/wp-json\/wp\/v2\/categories?post=18744"},{"taxonomy":"post_tag","embeddable":true,"href":"https:\/\/alice.com.br\/blog\/wp-json\/wp\/v2\/tags?post=18744"}],"curies":[{"name":"wp","href":"https:\/\/api.w.org\/{rel}","templated":true}]}}