{"id":2039,"date":"2021-06-09T02:13:10","date_gmt":"2021-06-09T02:13:10","guid":{"rendered":"http:\/\/blog.alice.com.br\/uncategorized\/sal-consumo-saudavel-sodio\/"},"modified":"2023-09-18T19:12:29","modified_gmt":"2023-09-18T22:12:29","slug":"sal-consumo-saudavel-sodio","status":"publish","type":"post","link":"https:\/\/alice.com.br\/blog\/sua-saude\/sal-consumo-saudavel-sodio\/","title":{"rendered":"O sal \u00e9 vil\u00e3o? Dicas para um consumo saud\u00e1vel de s\u00f3dio"},"content":{"rendered":"<html><body><p>O problema n&atilde;o &eacute; voc&ecirc;, nem o sal, &eacute; ele &mdash; o alimento processado. Esse &eacute; o ponto de partida para compreendermos a rela&ccedil;&atilde;o do sal com a sa&uacute;de. Muitas vezes achamos que as <em>pitadas<\/em> na salada, no arroz ou em outros alimentos s&atilde;o prejudiciais, mas a verdadeira fonte de consumo excessivo de sal est&aacute; nos alimentos processados e ultraprocessados, presentes nas mesas dos brasileiros.<\/p>\n\n\n\n<p>&Eacute; o caso do p&atilde;o de forma, chocolate, macarr&atilde;o instant&acirc;neo, molhos prontos, embutidos, derivados de carne e queijo.&nbsp;<\/p>\n\n\n\n<p>Em maio de 2021, a OMS (Organiza&ccedil;&atilde;o Mundial da Sa&uacute;de) lan&ccedil;ou um conjunto de refer&ecirc;ncias globais para diminuir o n&iacute;vel de s&oacute;dio em mais de 60 tipos de alimentos. O objetivo &eacute; aumentar a qualidade de vida da popula&ccedil;&atilde;o e diminuir o impacto do &ldquo;sal invis&iacute;vel&rdquo; na sa&uacute;de.<\/p>\n\n\n\n<p>Sendo assim, as ind&uacute;strias e ag&ecirc;ncias reguladoras dever&atilde;o se adaptar e seguir novas recomenda&ccedil;&otilde;es na adi&ccedil;&atilde;o de s&oacute;dio e outras subst&acirc;ncias para seguran&ccedil;a dos consumidores.<\/p>\n\n\n\n<p>O sal de cozinha &eacute; feito a partir da subst&acirc;ncia cloreto de s&oacute;dio. O s&oacute;dio &eacute; um nutriente necess&aacute;rio para equilibrar o volume do sangue e da &aacute;gua no organismo, ajudando na press&atilde;o arterial, nas fun&ccedil;&otilde;es card&iacute;acas e na contra&ccedil;&atilde;o muscular.<\/p>\n\n\n\n<p>O mineral faz parte de diferentes alimentos in natura e tamb&eacute;m da &aacute;gua. Ele tamb&eacute;m &eacute; utilizado em larga escala na ind&uacute;stria para diferentes fins, inclusive para a prepara&ccedil;&atilde;o de alimentos.&nbsp;<\/p>\n\n\n<div class=\"wp-block-image\">\n<figure class=\"aligncenter size-large is-resized\"><a href=\"https:\/\/alice.com.br\/blog\/conteudos-especiais\/modelo-de-plano-alimentar-semanal-gratuito\/\" target=\"_blank\" rel=\"noreferrer noopener\"><figure class=\"wp-attachment-8541\" ><img loading=\"lazy\" decoding=\"async\" src=\"https:\/\/alice.com.br\/blog\/wp-content\/uploads\/2022\/08\/plano-alimentar-semanal-banner-1024x731.jpg\" alt=\"planner plano alimentar semanal\" class=\"wp-image-8541\" width=\"512\" height=\"366\" srcset=\"https:\/\/alice.com.br\/blog\/wp-content\/uploads\/2022\/08\/plano-alimentar-semanal-banner-1024x731.jpg 1024w, https:\/\/alice.com.br\/blog\/wp-content\/uploads\/2022\/08\/plano-alimentar-semanal-banner-300x214.jpg 300w, https:\/\/alice.com.br\/blog\/wp-content\/uploads\/2022\/08\/plano-alimentar-semanal-banner-768x548.jpg 768w, https:\/\/alice.com.br\/blog\/wp-content\/uploads\/2022\/08\/plano-alimentar-semanal-banner-100x71.jpg 100w, https:\/\/alice.com.br\/blog\/wp-content\/uploads\/2022\/08\/plano-alimentar-semanal-banner-150x107.jpg 150w, https:\/\/alice.com.br\/blog\/wp-content\/uploads\/2022\/08\/plano-alimentar-semanal-banner.jpg 1080w\" sizes=\"auto, (max-width: 512px) 100vw, 512px\"><\/figure><\/a><\/figure>\n<\/div>\n\n\n<p>De acordo com o &uacute;ltimo relat&oacute;rio do Programa Nacional de Sa&uacute;de, apenas 12% dos brasileiros adultos t&ecirc;m consci&ecirc;ncia da alta ingest&atilde;o de sal na alimenta&ccedil;&atilde;o.<\/p>\n\n\n\n<p>O mesmo documento relata que o brasileiro chega a consumir em m&eacute;dia 9,3 gramas de sal diariamente, considerado alto para os padr&otilde;es de n&iacute;vel de ingest&atilde;o de s&oacute;dio. Contudo, a li&ccedil;&atilde;o de casa para n&atilde;o consumir excessivamente &eacute; entender como utiliz&aacute;-lo.&nbsp;<\/p>\n\n\n\n<p>H&aacute; uma linha t&ecirc;nue que impacta a qualidade de vida de milh&otilde;es de pessoas ao redor do mundo: quando o consumo extrapola o n&iacute;vel ideal, o sal e o s&oacute;dio deixam de controlar a press&atilde;o arterial para aument&aacute;-la, o que &eacute; um importante fator de risco para diferentes doen&ccedil;as.&nbsp;<\/p>\n\n\n\n<p>De modo geral, a OMS aponta que o consumo ideal de sal por dia &eacute; de 5 gramas &ndash; ou 2 gramas de s&oacute;dio. H&aacute; evid&ecirc;ncias cient&iacute;ficas que demonstram que quando o consumo ultrapassa esse n&iacute;vel, aumenta o risco para a sa&uacute;de.<\/p>\n\n\n\n<p>Entretanto, h&aacute; estudos que apontam que esse n&iacute;vel pode ser diferente para cada organismo, especialmente para pessoas que t&ecirc;m outros fatores de risco para doen&ccedil;as cardiovasculares, renais e tamb&eacute;m predisposi&ccedil;&otilde;es gen&eacute;ticas a outras doen&ccedil;as.<\/p>\n\n\n\n<h2 class=\"wp-block-heading\">Quantidade de sal nos alimentos: o que &eacute; um alimento rico em s&oacute;dio?<\/h2>\n\n\n\n<p>Para um alimento ser considerado rico em s&oacute;dio, de acordo com a Anvisa (Ag&ecirc;ncia Nacional de Vigil&acirc;ncia Sanit&aacute;ria) ele deve conter uma quantidade maior ou igual a 600 mg de s&oacute;dio por 100g ou maior ou igual a 300 mg de s&oacute;dio por 100 ml.<\/p>\n\n\n\n<p>Portanto, a recomenda&ccedil;&atilde;o &eacute; comer alimentos com sal e s&oacute;dio com modera&ccedil;&atilde;o e se atentar a esses limites determinados pela ag&ecirc;ncia.&nbsp;<\/p>\n\n\n\n<p>Para a nutricionista da Alice, <a href=\"https:\/\/alice.com.br\/time-de-saude\/priscila-fassini\" target=\"_blank\" rel=\"noreferrer noopener\">Priscila Fassini<\/a>, doutora em Ci&ecirc;ncias pela USP, uma alimenta&ccedil;&atilde;o baseada em alimentos frescos (in natura ou minimamente processados) ajuda nesse equil&iacute;brio do sal na alimenta&ccedil;&atilde;o. &ldquo;No mercado, devemos ficar atentos a quais produtos processados ou ultraprocessados estamos colocando no carrinho.<\/p>\n\n\n\n<p>Para isso, &eacute; importante ler a <a href=\"https:\/\/alice.com.br\/blog\/sua-saude\/como-ler-rotulos-de-alimentos\/\" target=\"_blank\" rel=\"noreferrer noopener\">tabela de informa&ccedil;&atilde;o nutricional dos r&oacute;tulos dos alimentos<\/a> para identificar aqueles que cont&eacute;m um alto teor de s&oacute;dio. &nbsp;Em casa, uma sugest&atilde;o &eacute; reduzir o consumo de sal dando prefer&ecirc;ncia para o uso de temperos naturais e ervas na prepara&ccedil;&atilde;o dos alimentos&rdquo;, explica.<\/p>\n\n\n\n<p>Essa escolha pode ser simples para controlar o excesso de sal, de acordo com o <a href=\"https:\/\/bvsms.saude.gov.br\/bvs\/publicacoes\/guia_alimentar_populacao_brasileira_2ed.pdf\" target=\"_blank\" rel=\"noopener\">Guia Alimentar da Popula&ccedil;&atilde;o Brasileira.<\/a> Algumas sugest&otilde;es do guia s&atilde;o: substituir refrigerantes por &aacute;gua, leite e frutas e repensar a compra de sopas &ldquo;de pacote&rdquo;, macarr&atilde;o &ldquo;instant&acirc;neo&rdquo;, pratos congelados prontos para aquecer, sandu&iacute;ches, frios e embutidos, maioneses e molhos industrializados.&nbsp;<\/p>\n\n\n\n<h2 class=\"wp-block-heading\">11 op&ccedil;&otilde;es de temperos que podem substituir o sal<\/h2>\n\n\n\n<h3 class=\"wp-block-heading\">Alecrim<\/h3>\n\n\n\n<p>Cabe muito bem com frango. Como &eacute; muito forte e seu sabor sobressai, ele harmoniza com v&aacute;rios tipos de carnes, como a de cordeiro. Tamb&eacute;m pode ser usado com abobrinha e berinjela.<\/p>\n\n\n\n<h3 class=\"wp-block-heading\">A&ccedil;afr&atilde;o da terra<\/h3>\n\n\n\n<p>Muito usado na galinhada.<\/p>\n\n\n\n<h3 class=\"wp-block-heading\">Alho por&oacute;<\/h3>\n\n\n\n<p>Ele &eacute; bem suave. Combina bem com queijos e risotos.<\/p>\n\n\n\n<h3 class=\"wp-block-heading\">Coentro<\/h3>\n\n\n\n<p>Pode ser usado com peixes de &aacute;gua salgada e moquecas.<\/p>\n\n\n\n<h3 class=\"wp-block-heading\">Cominho<\/h3>\n\n\n\n<p>Pode ser usado com carnes vermelhas e carnes de ca&ccedil;a (javali, jacar&eacute;) com sabores mais fortes e ex&oacute;ticos.<\/p>\n\n\n\n<h3 class=\"wp-block-heading\">Genribre<\/h3>\n\n\n\n<p>Pode ser usado genribre em muita comida, mas combina bem em molhos, peixes e frangos.<\/p>\n\n\n\n<h3 class=\"wp-block-heading\">Manjerona<\/h3>\n\n\n\n<p>Carnes vermelhas, carne bovina e molhos &agrave; base de tomate.<\/p>\n\n\n\n<h3 class=\"wp-block-heading\">Manjeric&atilde;o<\/h3>\n\n\n\n<p>Pizzas, massas, carnes e saladas.<\/p>\n\n\n\n<h3 class=\"wp-block-heading\">&zwj;Pimentas<\/h3>\n\n\n\n<p>T&ecirc;m o poder de ressaltar o sabor da comida, mas tome cuidado com a quantidade para n&atilde;o dominar todo o sabor do prato.<\/p>\n\n\n\n<h3 class=\"wp-block-heading\">Salsinha<\/h3>\n\n\n\n<p>Pode ser utilizada em peixes e na base de molhos.<\/p>\n\n\n\n<h3 class=\"wp-block-heading\">Tomilho<\/h3>\n\n\n\n<p>Combina muito bem com legumes assadas e tamb&eacute;m com molhos.<\/p>\n\n\n<div class=\"wp-block-image\">\n<figure class=\"aligncenter size-large is-resized\"><a href=\"https:\/\/alice.com.br\/ebook-alice-na-cozinha\" target=\"_blank\" rel=\"https:\/\/alice.com.br\/ebook-alice-na-cozinha noreferrer noopener\"><figure class=\"wp-attachment-1938\" ><img loading=\"lazy\" decoding=\"async\" src=\"https:\/\/alice.com.br\/blog\/wp-content\/uploads\/2022\/03\/banner_blog-ebook-1-1024x731.jpg\" alt=\"Ebook de receitas saud&aacute;veis Alice na cozinha\" class=\"wp-image-1938\" width=\"512\" height=\"366\" srcset=\"https:\/\/alice.com.br\/blog\/wp-content\/uploads\/2022\/03\/banner_blog-ebook-1-1024x731.jpg 1024w, https:\/\/alice.com.br\/blog\/wp-content\/uploads\/2022\/03\/banner_blog-ebook-1-300x214.jpg 300w, https:\/\/alice.com.br\/blog\/wp-content\/uploads\/2022\/03\/banner_blog-ebook-1-768x548.jpg 768w, https:\/\/alice.com.br\/blog\/wp-content\/uploads\/2022\/03\/banner_blog-ebook-1-100x71.jpg 100w, https:\/\/alice.com.br\/blog\/wp-content\/uploads\/2022\/03\/banner_blog-ebook-1-150x107.jpg 150w, https:\/\/alice.com.br\/blog\/wp-content\/uploads\/2022\/03\/banner_blog-ebook-1.jpg 1080w\" sizes=\"auto, (max-width: 512px) 100vw, 512px\"><\/figure><\/a><\/figure>\n<\/div>\n\n\n<h2 class=\"wp-block-heading\"><strong>R&oacute;tulo dos alimentos processados<\/strong><\/h2>\n\n\n\n<p>Os alimentos processados ou ultraprocessados t&ecirc;m alto teor de s&oacute;dio por diferentes raz&otilde;es. A ind&uacute;stria aliment&iacute;cia o acrescenta para intensificar o sabor, estender a dura&ccedil;&atilde;o dos produtos que chegam na prateleira e at&eacute; encobrir sabores indesej&aacute;veis de outros aditivos inclu&iacute;dos no seu processamento.<\/p>\n\n\n\n<p>E por mais &ldquo;saud&aacute;veis&rdquo; que aparentam ser, alimentos que s&atilde;o ultraprocessados tendem a ser pobres em fibras, vitaminas e minerais que s&atilde;o importantes para a preven&ccedil;&atilde;o de doen&ccedil;as do cora&ccedil;&atilde;o, diabetes e outras condi&ccedil;&otilde;es cr&ocirc;nicas.&nbsp;<\/p>\n\n\n\n<p>Todas essas informa&ccedil;&otilde;es est&atilde;o presentes na embalagem de cada produto, mas entre a polui&ccedil;&atilde;o visual e os termos t&eacute;cnicos fica dif&iacute;cil identificar o que, de fato, aquele produto representa para a sua sa&uacute;de.<\/p>\n\n\n\n<p>O relat&oacute;rio do Instituto Brasileiro de Defesa do Consumidor (Idec) aponta que apenas 25,1% da popula&ccedil;&atilde;o &eacute; capaz de compreender totalmente o que dizem os r&oacute;tulos.&nbsp;<\/p>\n\n\n\n<p>A expectativa da Anvisa &eacute; que a partir de outubro de 2022, essa compreens&atilde;o aumente. A ag&ecirc;ncia determinou uma reformula&ccedil;&atilde;o nos r&oacute;tulos para que fique mais simples de entender os ingredientes do produto e que o pr&oacute;prio consumidor possa fazer uma escolha mais consciente.&nbsp;<\/p>\n\n\n\n<p>Essa mudan&ccedil;a incluir&aacute; no lado frontal de toda embalagem um s&iacute;mbolo de lupa, facilmente capturada pelo nosso olhar, que indicar&aacute; o alto teor de a&ccedil;&uacute;cares adicionados, gorduras saturadas e s&oacute;dio.<\/p>\n\n\n\n<p>At&eacute; que essa mudan&ccedil;a impacte sua rotina, a recomenda&ccedil;&atilde;o &eacute; avaliar a diferen&ccedil;a entre os produtos antes de inclu&iacute;-los no carrinho, especialmente os n&iacute;veis de s&oacute;dio que est&atilde;o apontados na tabela nutricional.<\/p>\n\n\n\n<p><strong>Leia mais<\/strong>: <a href=\"http:\/\/alice.com.br\/blog\/artigo\/gordura-animal-faz-mal-para-o-nosso-corpo\" target=\"_blank\" rel=\"noreferrer noopener\">Gordura animal faz mal para o nosso corpo?<\/a><\/p>\n\n\n\n<html><body><h2>Alice tem o plano de sa&uacute;de certo para a sua empresa!<\/h2>\n<p>Alice &eacute; uma empresa de tecnologia que oferece planos de sa&uacute;de empresarial e tem a miss&atilde;o de tornar o mundo mais saud&aacute;vel. Nossa plataforma de cuidado cont&iacute;nuo garante que os nossos membros recebam o cuidado certo, na hora certa e no lugar certo, proporcionando uma experi&ecirc;ncia excepcional para eles.<\/p>\n<p>Nossos planos t&ecirc;m cobertura nacional completa, assim como o atendimento e a experi&ecirc;ncia &uacute;nica do Alice Agora, parceiro de sa&uacute;de confi&aacute;vel para todas as horas, direto no app. Fale com o Time de Sa&uacute;de 24\/7, receba resposta em at&eacute; 60 segundos e, se precisar, j&aacute; fa&ccedil;a uma consulta virtual com nossa equipe m&eacute;dica.<\/p>\n<p>Alice tamb&eacute;m tem suporte completo ao seu RH, com dados estrat&eacute;gicos para sua gest&atilde;o &ndash; desde reports de sa&uacute;de populacional at&eacute; de custo de cuidado &ndash;, onboarding exclusivo e account manager dedicado.<\/p>\n<p>Veja como Alice cuida do seu time e do seu or&ccedil;amento.<\/p>\n<html><body><div class=\"cta cta--post--slim_withlogo\">\n\t\t\t\t\t\t\t\t\t<a href=\"https:\/\/alice.com.br\/simulador\">\n\t\t\t\t\t\t\t\t\t<div class=\"logo\">\n\t\t\t\t\t\t\t\t\t\t<img src=\"https:\/\/alice.com.br\/blog\/wp-content\/themes\/arada\/dist\/images\/alice.svg\" width=\"288\" height=\"150\" aria-label=\"hidden\">\n\t\t\t\t\t\t\t\t\t<\/div>\n\t\t\t\t\t\t\t\t\t<span class=\"title\">Fa&ccedil;a uma Cota&ccedil;&atilde;o<\/span><span class=\"icon icon--arrow_right\"><\/span><\/a>\n\t\t\t\t\t\t\t\t<\/div><\/body><\/html><\/body><\/html><\/body><\/html>\n","protected":false},"excerpt":{"rendered":"","protected":false},"author":5,"featured_media":7109,"comment_status":"closed","ping_status":"closed","sticky":false,"template":"","format":"standard","meta":{"_acf_changed":false,"footnotes":""},"categories":[5],"tags":[75,92,127],"class_list":["post-2039","post","type-post","status-publish","format-standard","has-post-thumbnail","hentry","category-sua-saude","tag-alimentacao","tag-bem-estar","tag-receitas"],"acf":[],"_links":{"self":[{"href":"https:\/\/alice.com.br\/blog\/wp-json\/wp\/v2\/posts\/2039","targetHints":{"allow":["GET"]}}],"collection":[{"href":"https:\/\/alice.com.br\/blog\/wp-json\/wp\/v2\/posts"}],"about":[{"href":"https:\/\/alice.com.br\/blog\/wp-json\/wp\/v2\/types\/post"}],"author":[{"embeddable":true,"href":"https:\/\/alice.com.br\/blog\/wp-json\/wp\/v2\/users\/5"}],"replies":[{"embeddable":true,"href":"https:\/\/alice.com.br\/blog\/wp-json\/wp\/v2\/comments?post=2039"}],"version-history":[{"count":11,"href":"https:\/\/alice.com.br\/blog\/wp-json\/wp\/v2\/posts\/2039\/revisions"}],"predecessor-version":[{"id":16423,"href":"https:\/\/alice.com.br\/blog\/wp-json\/wp\/v2\/posts\/2039\/revisions\/16423"}],"wp:featuredmedia":[{"embeddable":true,"href":"https:\/\/alice.com.br\/blog\/wp-json\/wp\/v2\/media\/7109"}],"wp:attachment":[{"href":"https:\/\/alice.com.br\/blog\/wp-json\/wp\/v2\/media?parent=2039"}],"wp:term":[{"taxonomy":"category","embeddable":true,"href":"https:\/\/alice.com.br\/blog\/wp-json\/wp\/v2\/categories?post=2039"},{"taxonomy":"post_tag","embeddable":true,"href":"https:\/\/alice.com.br\/blog\/wp-json\/wp\/v2\/tags?post=2039"}],"curies":[{"name":"wp","href":"https:\/\/api.w.org\/{rel}","templated":true}]}}