{"id":2041,"date":"2021-07-14T03:10:00","date_gmt":"2021-07-14T03:10:00","guid":{"rendered":"http:\/\/blog.alice.com.br\/uncategorized\/saude-como-deve-ser\/"},"modified":"2025-08-21T11:19:15","modified_gmt":"2025-08-21T14:19:15","slug":"saude-como-deve-ser","status":"publish","type":"post","link":"https:\/\/alice.com.br\/blog\/sua-saude\/saude-como-deve-ser\/","title":{"rendered":"Sa\u00fade como deve ser: Informa\u00e7\u00e3o de qualidade baseada na Ci\u00eancia"},"content":{"rendered":"<html><body><p>O portal <a href=\"http:\/\/alice.com.br\/blog\/\" target=\"_blank\" rel=\"noopener\"><strong>Time de Sa&uacute;de<\/strong><\/a> entra no ar nesta quinta-feira (15) como seu novo lugar de sa&uacute;de e qualidade de vida na internet.<\/p>\r\n\r\n\r\n\r\n<p>Na era da sobrecarga de informa&ccedil;&atilde;o e desinforma&ccedil;&atilde;o &mdash; ainda mais em tempos de pandemia &mdash;, entendemos a necessidade de um hub de conte&uacute;dos sobre sa&uacute;de em que voc&ecirc; pode confiar. O portal Time de Sa&uacute;de busca ser um farol para voc&ecirc; navegar por conte&uacute;dos de qualidade, contextualizados e com base em evid&ecirc;ncias cient&iacute;ficas.&nbsp;<\/p>\r\n\r\n\r\n\r\n<p>Nossas reportagens ter&atilde;o sempre um norte propositivo de promover o seu cuidado e a sua sa&uacute;de. E tamb&eacute;m de prevenir problemas e de assegurar a sua qualidade de vida.<\/p>\r\n\r\n\r\n\r\n<p>Para o lan&ccedil;amento do portal, produzimos um <a href=\"http:\/\/alice.com.br\/blog\/artigo\/vacinas-contra-covid-19-por-que-voce-precisa-se-vacinar-contra-o-coronavirus\" target=\"_blank\" rel=\"noopener\">guia completo sobre as vacinas contra a covid-19<\/a>. Rebatemos o comportamento dos &ldquo;sommeliers&rdquo; de vacina, que t&ecirc;m questionado a efic&aacute;cia de imunizantes. Apresentamos os resultados das principais pesquisas sobre CoronaVac, AstraZeneca, Pfizer e Janssen.<\/p>\r\n\r\n\r\n\r\n<p>Tamb&eacute;m publicamos uma reportagem sobre <a href=\"http:\/\/alice.com.br\/blog\/artigo\/so-ha-luto-onde-existiu-amor-falar-sobre-dor-da-partida-e-essencial-nos-tempos-que-vivemos\" target=\"_blank\" rel=\"noopener\">o processo de luto durante a pandemia<\/a>. Aprofundamos o tema, com as nuances do comportamento humano diante da partida, estudos cl&aacute;ssicos e recentes, al&eacute;m de orienta&ccedil;&otilde;es para quem enfrenta a perda em um momento t&atilde;o delicado para todos n&oacute;s.<\/p>\r\n\r\n\r\n\r\n<h2 class=\"wp-block-heading\"><strong>Pilares de conte&uacute;do do time de sa&uacute;de<\/strong><\/h2>\r\n\r\n\r\n\r\n<p>S&atilde;o cinco pilares de conte&uacute;do sobre os quais escreveremos, produziremos v&iacute;deos e podcasts: Corpo, Mente, Alimentos, Sono e Comportamento.<\/p>\r\n\r\n\r\n\r\n<h3 class=\"wp-block-heading\"><strong>Corpo<\/strong><\/h3>\r\n\r\n\r\n\r\n<p>Em &gt;corpo, lan&ccedil;amos um olhar integrativo &agrave; sa&uacute;de dos leitores e leitoras, abordando de atividades f&iacute;sicas (n&atilde;o necessariamente exerc&iacute;cios) a postura, preven&ccedil;&atilde;o de dor e a&ccedil;&otilde;es para melhorar a respira&ccedil;&atilde;o.<\/p>\r\n\r\n\r\n\r\n<h3 class=\"wp-block-heading\"><strong>Mente<\/strong><\/h3>\r\n\r\n\r\n\r\n<p>Em mente, exploramos os mist&eacute;rios e fortalezas da mente e do c&eacute;rebro, endere&ccedil;ando quest&otilde;es de autocuidado e sa&uacute;de mental.<\/p>\r\n\r\n\r\n\r\n<h3 class=\"wp-block-heading\"><strong>Alimentos<\/strong><\/h3>\r\n\r\n\r\n\r\n<p>Em alimentos, nos debru&ccedil;amos sobre a rela&ccedil;&atilde;o das pessoas com a comida, focando sobretudo nos benef&iacute;cios de diversos alimentos para nosso organismo.<\/p>\r\n\r\n\r\n\r\n<h3 class=\"wp-block-heading\"><strong>Sono<\/strong><\/h3>\r\n\r\n\r\n\r\n<p>Em sono, trazemos perspectivas sobre a qualidade do sono e o impacto da qualidade de vida das pessoas.<\/p>\r\n\r\n\r\n\r\n<h3 class=\"wp-block-heading\"><strong>Comportamento<\/strong><\/h3>\r\n\r\n\r\n\r\n<p>Em comportamento, propomos debates sobre h&aacute;bitos contempor&acirc;neos que influenciam a sa&uacute;de das pessoas e contamos fatos hist&oacute;ricos da ci&ecirc;ncia.<\/p>\r\n\r\n\r\n\r\n<p>O portal Time de Sa&uacute;de &eacute; mantido pela gestora de sa&uacute;de <a href=\"https:\/\/alice.com.br\/\" target=\"_blank\" rel=\"noopener\"><strong>Alice<\/strong><\/a>. A miss&atilde;o da healthtech &eacute; tornar o mundo mais saud&aacute;vel.&nbsp;<\/p>\r\n\r\n\r\n\r\n<p>Nosso portal &eacute; gratuito, de acesso aberto a todos.<\/p>\r\n\r\n\r\n\r\n<p>Assim, a miss&atilde;o do Time de Sa&uacute;de &eacute; tornar o mundo mais saud&aacute;vel por meio de informa&ccedil;&atilde;o e educa&ccedil;&atilde;o em sa&uacute;de.&nbsp;<\/p>\r\n\r\n\r\n\r\n<p>O rigor jornal&iacute;stico e o amparo na Ci&ecirc;ncia s&atilde;o nosso ant&iacute;doto contra a <em>infoxica&ccedil;&atilde;o<\/em> e as fake news.<\/p>\r\n\r\n\r\n\r\n<p>Seja bem-vindo, favorite nosso portal, siga nossas redes sociais e fique bem informado e mais saud&aacute;vel acompanhando o Time de Sa&uacute;de.<\/p>\r\n\r\n\r\n\r\n<p><strong>Diego Iraheta<\/strong><\/p>\r\n\r\n\r\n\r\n<p>Jornalista respons&aacute;vel pelo portal Time de Sa&uacute;de<\/p>\r\n<html><body><div class=\"cta cta--post--slim_withlogo\">\n\t\t\t\t\t\t\t\t\t<a href=\"https:\/\/alice.com.br\/\">\n\t\t\t\t\t\t\t\t\t<div class=\"logo\">\n\t\t\t\t\t\t\t\t\t\t<img src=\"https:\/\/alice.com.br\/blog\/wp-content\/themes\/arada\/dist\/images\/alice.svg\" width=\"288\" height=\"150\" aria-label=\"hidden\">\n\t\t\t\t\t\t\t\t\t<\/div>\n\t\t\t\t\t\t\t\t\t<span class=\"title\">Conhe&ccedil;a a Alice<\/span><span class=\"icon icon--arrow_right\"><\/span><\/a>\n\t\t\t\t\t\t\t\t<\/div><\/body><\/html><\/body><\/html>\n","protected":false},"excerpt":{"rendered":"O Time de Sa\u00fade chega para ser seu novo espa\u00e7o confi\u00e1vel sobre sa\u00fade e bem-estar, com informa\u00e7\u00e3o de qualidade, baseada em ci\u00eancia e acess\u00edvel a todos.","protected":false},"author":5,"featured_media":7440,"comment_status":"closed","ping_status":"closed","sticky":false,"template":"","format":"standard","meta":{"_acf_changed":false,"footnotes":""},"categories":[5],"tags":[128],"class_list":["post-2041","post","type-post","status-publish","format-standard","has-post-thumbnail","hentry","category-sua-saude","tag-comportamento"],"acf":[],"_links":{"self":[{"href":"https:\/\/alice.com.br\/blog\/wp-json\/wp\/v2\/posts\/2041","targetHints":{"allow":["GET"]}}],"collection":[{"href":"https:\/\/alice.com.br\/blog\/wp-json\/wp\/v2\/posts"}],"about":[{"href":"https:\/\/alice.com.br\/blog\/wp-json\/wp\/v2\/types\/post"}],"author":[{"embeddable":true,"href":"https:\/\/alice.com.br\/blog\/wp-json\/wp\/v2\/users\/5"}],"replies":[{"embeddable":true,"href":"https:\/\/alice.com.br\/blog\/wp-json\/wp\/v2\/comments?post=2041"}],"version-history":[{"count":2,"href":"https:\/\/alice.com.br\/blog\/wp-json\/wp\/v2\/posts\/2041\/revisions"}],"predecessor-version":[{"id":19519,"href":"https:\/\/alice.com.br\/blog\/wp-json\/wp\/v2\/posts\/2041\/revisions\/19519"}],"wp:featuredmedia":[{"embeddable":true,"href":"https:\/\/alice.com.br\/blog\/wp-json\/wp\/v2\/media\/7440"}],"wp:attachment":[{"href":"https:\/\/alice.com.br\/blog\/wp-json\/wp\/v2\/media?parent=2041"}],"wp:term":[{"taxonomy":"category","embeddable":true,"href":"https:\/\/alice.com.br\/blog\/wp-json\/wp\/v2\/categories?post=2041"},{"taxonomy":"post_tag","embeddable":true,"href":"https:\/\/alice.com.br\/blog\/wp-json\/wp\/v2\/tags?post=2041"}],"curies":[{"name":"wp","href":"https:\/\/api.w.org\/{rel}","templated":true}]}}