{"id":2062,"date":"2021-08-03T08:43:35","date_gmt":"2021-08-03T08:43:35","guid":{"rendered":"http:\/\/blog.alice.com.br\/uncategorized\/vacinacao-completa-precisa-ter-segunda-dose\/"},"modified":"2022-11-11T15:47:34","modified_gmt":"2022-11-11T18:47:34","slug":"vacinacao-completa-precisa-ter-segunda-dose","status":"publish","type":"post","link":"https:\/\/alice.com.br\/blog\/sua-saude\/vacinacao-completa-precisa-ter-segunda-dose\/","title":{"rendered":"Sem segunda dose, n\u00e3o h\u00e1 imuniza\u00e7\u00e3o contra covid-19. Entenda"},"content":{"rendered":"<html><body><p>A vacina&ccedil;&atilde;o contra covid-19 avan&ccedil;a, chegando na faixa et&aacute;ria de 35 a 30 anos em todos os Estados brasileiros, mas este &eacute; s&oacute; o primeiro passo para frear a pandemia. Isso porque a maior parte das vacinas oferecidas no Brasil necessita de duas doses para concluir a prote&ccedil;&atilde;o.<\/p>\n\n\n\n<p><strong>Hoje, apenas 19% da popula&ccedil;&atilde;o est&aacute; totalmente imunizada contra o coronav&iacute;rus.&nbsp; <\/strong><\/p>\n\n\n\n<p><strong>&Eacute; uma propor&ccedil;&atilde;o bastante distante da meta de 85% ou mais para conquistarmos uma redu&ccedil;&atilde;o consider&aacute;vel da doen&ccedil;a em territ&oacute;rio nacional.<\/strong><\/p>\n\n\n\n<p>Apesar de a primeira dose da vacina chegar no final do primeiro semestre a pelo menos 47,54% da popula&ccedil;&atilde;o, com mais de 100 milh&otilde;es doses aplicadas, uma pessoa s&oacute; &eacute; considerada completamente imunizada duas semanas ap&oacute;s completar o regime de imuniza&ccedil;&atilde;o.<\/p>\n\n\n\n<p><strong>Sendo assim, ap&oacute;s 14 dias de receber a vacina de dose &uacute;nica da fabricante Janssen ou 14 dias ap&oacute;s a segunda dose da Butantan Sinovac (Coronavac), Pfizer\/BioNTech e AstraZeneca\/Oxford, imunizantes dispon&iacute;veis com regime de duas doses.<\/strong><\/p>\n\n\n\n<p>A import&acirc;ncia da segunda dose foi reportada nos ensaios cl&iacute;nicos das vacinas Coronavac, Pfizer e Astrazeneca que apontaram seguran&ccedil;a e efic&aacute;cia das inje&ccedil;&otilde;es. Os estudos consideraram que as pessoas tinham maiores quantidades de anticorpos para combater o v&iacute;rus <a href=\"http:\/\/alice.com.br\/blog\/artigo\/vacinas-contra-covid-19-por-que-voce-precisa-se-vacinar-contra-o-coronavirus\" target=\"_blank\" rel=\"noreferrer noopener\">ap&oacute;s a segunda dose da vacina<\/a>.<\/p>\n\n\n\n<p>A Ci&ecirc;ncia ainda estuda os efeitos da vacina&ccedil;&atilde;o incompleta na popula&ccedil;&atilde;o. Em termos gerais, a primeira dose pode causar uma falsa sensa&ccedil;&atilde;o de imunidade e traz potenciais preocupa&ccedil;&otilde;es:<\/p>\n\n\n\n<h2 class=\"wp-block-heading\">Mais exposi&ccedil;&atilde;o, mais casos de covid-19&nbsp;<\/h2>\n\n\n\n<p>Relaxamento em rela&ccedil;&atilde;o aos protocolos de higiene, a falta de uso de m&aacute;scara adequada ou diminui&ccedil;&atilde;o das medidas de distanciamento social podem aumentar o n&uacute;mero de casos e mortes entre pessoas n&atilde;o vacinadas ou com o regime incompleto de vacina&ccedil;&atilde;o.&nbsp;<\/p>\n\n\n\n<p>Vale ressaltar que o Brasil apresenta tend&ecirc;ncia de queda de mortos e cont&aacute;gio do coronav&iacute;rus desde que a vacina&ccedil;&atilde;o foi acelerada, mas ainda assim a m&eacute;dia m&oacute;vel est&aacute; em torno de 950 &oacute;bitos di&aacute;rios.&nbsp;<\/p>\n\n\n\n<h2 class=\"wp-block-heading\">Novas muta&ccedil;&otilde;es do coronav&iacute;rus<\/h2>\n\n\n\n<p>A vacina&ccedil;&atilde;o incompleta refor&ccedil;a um ambiente favor&aacute;vel para o surgimento de novas muta&ccedil;&otilde;es e cepas de covid-19, que podem ser resistentes &agrave;s vacinas aplicadas no Brasil. Esse cen&aacute;rio nos traz &agrave; estaca zero do ano passado, quando n&atilde;o havia vacina&ccedil;&atilde;o para proteger a popula&ccedil;&atilde;o da letalidade do v&iacute;rus.&nbsp;<\/p>\n\n\n\n<h2 class=\"wp-block-heading\">Impacto na imuniza&ccedil;&atilde;o coletiva<\/h2>\n\n\n\n<p>Outro ponto de aten&ccedil;&atilde;o e j&aacute; fomentado pela Ci&ecirc;ncia &eacute; que a pessoa que n&atilde;o completa a vacina&ccedil;&atilde;o, ou seja, n&atilde;o segue o calend&aacute;rio estipulado para a segunda dose fica desprotegida a longo prazo e n&atilde;o refor&ccedil;a o esquema de imuniza&ccedil;&atilde;o coletiva, que &eacute; o objetivo da vacina.&nbsp;&nbsp;<\/p>\n\n\n\n<p>Na pr&aacute;tica, essa realidade tamb&eacute;m &eacute; observada em diferentes pa&iacute;ses. Um estudo publicado na <a href=\"https:\/\/www.nature.com\/articles\/s41591-021-01410-w\" target=\"_blank\" rel=\"noreferrer noopener nofollow\">Nature<\/a>, realizado no Reino Unidos, um dos pa&iacute;ses mais avan&ccedil;ados na vacina&ccedil;&atilde;o, apontou que houve uma redu&ccedil;&atilde;o das infec&ccedil;&otilde;es por coronav&iacute;rus em cerca de 60% das pessoas que tomaram a primeira dose. Com a segunda dose, essa redu&ccedil;&atilde;o chega a 80% dos casos.&nbsp;<\/p>\n\n\n\n<h2 class=\"wp-block-heading\">Muta&ccedil;&atilde;o delta refor&ccedil;a a import&acirc;ncia da segunda dose&nbsp;<\/h2>\n\n\n\n<p>A varia&ccedil;&atilde;o delta do coronav&iacute;rus traz preocupa&ccedil;&otilde;es sobre a segunda dose. J&aacute; h&aacute; evid&ecirc;ncias de que a vacina pode frear a contamina&ccedil;&atilde;o, mas apenas em quem est&aacute; com o esquema de vacina&ccedil;&atilde;o completo.&nbsp;<\/p>\n\n\n\n<p>Uma publica&ccedil;&atilde;o recente no <a href=\"https:\/\/www.nejm.org\/doi\/full\/10.1056\/NEJMoa2108891\" target=\"_blank\" rel=\"noreferrer noopener nofollow\">New England Journal of Medicine<\/a> aponta que h&aacute; uma evid&ecirc;ncia de que a variante delta pode tornar a primeira dose da vacina menos eficaz do que j&aacute; foi observado com outras muta&ccedil;&otilde;es, mas que a segunda dose mant&eacute;m os n&iacute;veis de prote&ccedil;&atilde;o recomendados.&nbsp;<\/p>\n\n\n\n<p>A variante delta refor&ccedil;a a preocupa&ccedil;&atilde;o do avan&ccedil;o da vacina&ccedil;&atilde;o em todo o mundo que vem junto com a retomada da vida social, da reabertura de com&eacute;rcios, ambientes p&uacute;blicos e flexibiliza&ccedil;&atilde;o das medidas de distanciamento social.<\/p>\n\n\n\n<p>Esse cen&aacute;rio pode influenciar que a variante infecte as pessoas ainda n&atilde;o vacinadas e cause uma nova onda de aumento de casos, hospitaliza&ccedil;&atilde;o e mortes. Uma situa&ccedil;&atilde;o que refor&ccedil;a a segunda dose como essencial para frear as consequ&ecirc;ncias da pandemia.&nbsp;<\/p>\n\n\n\n<h2 class=\"wp-block-heading\">Qual o intervalo entre a primeira e a segunda dose das vacinas?<\/h2>\n\n\n\n<h3 class=\"wp-block-heading\">AstraZeneca\/Oxford\/Fiocruz<\/h3>\n\n\n\n<p><span>Intervalo de 12 semanas entre as duas doses.<\/span><\/p>\n\n\n\n<p><a href=\"http:\/\/alice.com.br\/blog\/artigo\/covid-19-como-funciona-a-vacina-da-astrazeneca\" target=\"_blank\" rel=\"noopener\">Covid-19: Como funciona a vacina da Astrazeneca<\/a><\/p>\n\n\n\n<h3 class=\"wp-block-heading\">Coronavac (Sinovac\/BioNTech)<\/h3>\n\n\n\n<p>&zwj;I<span>ntervalo 4 semanas entre as duas doses.<\/span><\/p>\n\n\n\n<p><a href=\"http:\/\/alice.com.br\/blog\/artigo\/como-funciona-a-coronavac-e-qual-a-sua-eficacia\" target=\"_blank\" rel=\"noopener\">Vacinas contra covid-19: Como funciona a CoronaVac<\/a><\/p>\n\n\n\n<h3 class=\"wp-block-heading\">Pfizer\/BioNTech<\/h3>\n\n\n\n<p>&zwj;<span>Intervalo de 12 semanas entre as duas doses (aprovada pela Anvisa) ou 21 dias (Bula aprovada pela FDA &ndash; ag&ecirc;ncia reguladora americana).<\/span><\/p>\n\n\n\n<p><a href=\"http:\/\/alice.com.br\/blog\/artigo\/covid-19-como-funciona-a-vacina-da-pfizer\" target=\"_blank\" rel=\"noopener\">Covid-19: Como funciona a vacina da Pfizer<\/a><\/p>\n\n\n\n<h3 class=\"wp-block-heading\">Janssen<\/h3>\n\n\n\n<p>&zwj;<span>Apenas uma dose &eacute; necess&aacute;ria.<\/span><\/p>\n\n\n\n<p><strong>&zwj;<\/strong><a href=\"http:\/\/alice.com.br\/blog\/artigo\/como-funciona-a-vacina-da-janssen-contra-covid-19\" target=\"_blank\" rel=\"noopener\">Como funciona a vacina da Janssen contra covid-19<\/a><\/p>\n\n\n\n<h2 class=\"wp-block-heading\">Como funciona a segunda dose das vacinas?&nbsp;<\/h2>\n\n\n\n<p>A combina&ccedil;&atilde;o de duas, tr&ecirc;s doses ou at&eacute; mesmo aplica&ccedil;&atilde;o anual de vacinas para alcan&ccedil;ar a maior imuniza&ccedil;&atilde;o n&atilde;o &eacute; uma novidade dentro da Ci&ecirc;ncia ou no calend&aacute;rio do Programa Nacional de Imuniza&ccedil;&atilde;o (PNI) do Minist&eacute;rio da Sa&uacute;de.&nbsp;<\/p>\n\n\n\n<p>Este regime &eacute; utilizado para controlar doen&ccedil;as a partir de doses de refor&ccedil;o ou at&eacute; mesmo para lidar com as muta&ccedil;&otilde;es, como &eacute; o caso da gripe Influenza, cuja vacina&ccedil;&atilde;o anual &eacute; recomendada para combater as altera&ccedil;&otilde;es dos v&iacute;rus ao longo do tempo, que podem gerar complica&ccedil;&otilde;es e mortes.&nbsp;<\/p>\n\n\n\n<p><strong>No caso das vacinas contra o covid-19, que tem um esquema de duas doses, a primeira dose ajuda seu corpo a criar uma resposta imunol&oacute;gica para o v&iacute;rus e a segunda &eacute; um refor&ccedil;o que fortalece a imunidade.&nbsp;&nbsp;<\/strong><\/p>\n\n\n\n<p>A segunda dose deve ser do fabricante da primeira dose e seguindo o intervalo recomendado para cada imunizante. N&atilde;o h&aacute; estudos que demonstrem a possibilidade de substitui&ccedil;&atilde;o entre vacinas para a popula&ccedil;&atilde;o geral.&nbsp;<\/p>\n\n\n\n<p>A recomenda&ccedil;&atilde;o do Minist&eacute;rio da Sa&uacute;de &eacute; apenas para gr&aacute;vidas e pu&eacute;rperas que receberam a primeira dose da AstraZeneca. Estes grupos devem tomar a vacina da Pfizer na segunda aplica&ccedil;&atilde;o, e na aus&ecirc;ncia do imunizante, podem concluir o esquema vacinal com a Butantan Sinovac (Coronavac).&nbsp;<\/p>\n\n\n\n<h2 class=\"wp-block-heading\">E se a segunda dose atrasar?<\/h2>\n\n\n\n<p>A recomenda&ccedil;&atilde;o do PNI &eacute; respeitar os intervalos recomendados para cada vacina. Por&eacute;m, caso haja um atraso, o esquema vacinal deve ser completado com a administra&ccedil;&atilde;o da segunda dose o mais r&aacute;pido poss&iacute;vel para evitar preju&iacute;zos na resposta imune.&nbsp;<\/p>\n\n\n\n<p>Sendo assim, mesmo com o atraso, a pessoa receber&aacute; a segunda dose e n&atilde;o precisar&aacute; reiniciar o ciclo vacinal tomando novamente a primeira dose.&nbsp;<\/p>\n\n\n\n<p>O que pode atrasar a aplica&ccedil;&atilde;o da segunda dose da vacina s&atilde;o alguns eventos adversos como a infec&ccedil;&atilde;o por coronav&iacute;rus entre a aplica&ccedil;&atilde;o da primeira e da segunda dose ou decorrentes de outras vacinas.&nbsp;<\/p>\n\n\n\n<p>Nesse cen&aacute;rio, o profissional de sa&uacute;de recomenda uma nova data para a aplica&ccedil;&atilde;o da segunda dose, mas mesmo ap&oacute;s a doen&ccedil;a &eacute; essencial retornar para a conclus&atilde;o da vacina&ccedil;&atilde;o e refor&ccedil;ar a prote&ccedil;&atilde;o para diminuir as chances de reinfec&ccedil;&atilde;o ou infec&ccedil;&atilde;o por novas poss&iacute;veis cepas.&nbsp;<\/p>\n\n\n\n<p>Tamb&eacute;m &eacute; importante manter um intervalo curto de tempo com a administra&ccedil;&atilde;o da vacina contra a covid-19 e outras do PNI, como a de febre amarela, tr&iacute;plice viral, varicela e tetra viral.&nbsp;<\/p>\n\n\n\n<h2 class=\"wp-block-heading\">Os efeitos colaterais da segunda dose&nbsp;<\/h2>\n\n\n\n<p>Os efeitos colaterais de cada vacina variam de pessoa para pessoa. Sendo assim, n&atilde;o h&aacute; previs&atilde;o de que quem sentiu determinado efeito adverso na primeira dose sentir&aacute; na segunda e vice-versa. Eventuais efeitos como dor no local da aplica&ccedil;&atilde;o, fadiga, febre, dor de cabe&ccedil;a s&atilde;o leves e podem durar at&eacute; tr&ecirc;s dias.<\/p>\n\n\n\n<p><strong>Leia mais: <\/strong><a href=\"http:\/\/alice.com.br\/blog\/artigo\/vacinas-contra-covid-19-por-que-voce-precisa-se-vacinar-contra-o-coronavirus\" target=\"_blank\" rel=\"noopener\"><strong>Vacinas contra covid-19: Por que voc&ecirc; precisa se vacinar?<\/strong><\/a><\/p>\n<html><body><div class=\"cta cta--post--slim_withlogo\">\n\t\t\t\t\t\t\t\t\t<a href=\"https:\/\/alice.com.br\/\">\n\t\t\t\t\t\t\t\t\t<div class=\"logo\">\n\t\t\t\t\t\t\t\t\t\t<img src=\"https:\/\/alice.com.br\/blog\/wp-content\/themes\/arada\/dist\/images\/alice.svg\" width=\"288\" height=\"150\" aria-label=\"hidden\">\n\t\t\t\t\t\t\t\t\t<\/div>\n\t\t\t\t\t\t\t\t\t<span class=\"title\">Conhe&ccedil;a a Alice<\/span><span class=\"icon icon--arrow_right\"><\/span><\/a>\n\t\t\t\t\t\t\t\t<\/div><\/body><\/html><\/body><\/html>\n","protected":false},"excerpt":{"rendered":"","protected":false},"author":5,"featured_media":7719,"comment_status":"closed","ping_status":"closed","sticky":false,"template":"","format":"standard","meta":{"_acf_changed":false,"footnotes":""},"categories":[5],"tags":[92,141],"class_list":["post-2062","post","type-post","status-publish","format-standard","has-post-thumbnail","hentry","category-sua-saude","tag-bem-estar","tag-covid-19"],"acf":[],"_links":{"self":[{"href":"https:\/\/alice.com.br\/blog\/wp-json\/wp\/v2\/posts\/2062","targetHints":{"allow":["GET"]}}],"collection":[{"href":"https:\/\/alice.com.br\/blog\/wp-json\/wp\/v2\/posts"}],"about":[{"href":"https:\/\/alice.com.br\/blog\/wp-json\/wp\/v2\/types\/post"}],"author":[{"embeddable":true,"href":"https:\/\/alice.com.br\/blog\/wp-json\/wp\/v2\/users\/5"}],"replies":[{"embeddable":true,"href":"https:\/\/alice.com.br\/blog\/wp-json\/wp\/v2\/comments?post=2062"}],"version-history":[{"count":2,"href":"https:\/\/alice.com.br\/blog\/wp-json\/wp\/v2\/posts\/2062\/revisions"}],"predecessor-version":[{"id":7720,"href":"https:\/\/alice.com.br\/blog\/wp-json\/wp\/v2\/posts\/2062\/revisions\/7720"}],"wp:featuredmedia":[{"embeddable":true,"href":"https:\/\/alice.com.br\/blog\/wp-json\/wp\/v2\/media\/7719"}],"wp:attachment":[{"href":"https:\/\/alice.com.br\/blog\/wp-json\/wp\/v2\/media?parent=2062"}],"wp:term":[{"taxonomy":"category","embeddable":true,"href":"https:\/\/alice.com.br\/blog\/wp-json\/wp\/v2\/categories?post=2062"},{"taxonomy":"post_tag","embeddable":true,"href":"https:\/\/alice.com.br\/blog\/wp-json\/wp\/v2\/tags?post=2062"}],"curies":[{"name":"wp","href":"https:\/\/api.w.org\/{rel}","templated":true}]}}