{"id":3469,"date":"2022-08-18T09:00:00","date_gmt":"2022-08-18T12:00:00","guid":{"rendered":"https:\/\/blog.alice.com.br\/?p=3469"},"modified":"2023-09-18T19:11:45","modified_gmt":"2023-09-18T22:11:45","slug":"como-alimentacao-influencia-saude-mental","status":"publish","type":"post","link":"https:\/\/alice.com.br\/blog\/empresas\/como-alimentacao-influencia-saude-mental\/","title":{"rendered":"Como a alimenta\u00e7\u00e3o pode influenciar a sa\u00fade mental do time"},"content":{"rendered":"<html><body><p>J&aacute; ouviu falar que o intestino &eacute; o nosso segundo c&eacute;rebro? Pode parecer estranho, mas pesquisas cient&iacute;ficas trazem evid&ecirc;ncias de que a alimenta&ccedil;&atilde;o tem influ&ecirc;ncia nas intera&ccedil;&otilde;es entre o c&eacute;rebro, o intestino e a microbiota da regi&atilde;o gastrointestinal.&nbsp;&nbsp;<\/p>\n\n\n\n<p>De acordo com <a href=\"https:\/\/www.nature.com\/articles\/s41398-022-01922-0\" target=\"_blank\" rel=\"noreferrer noopener nofollow\">revis&atilde;o cient&iacute;fica publicada pela revista Nature<\/a>, a maneira como esses elementos se comunicam pode trazer implica&ccedil;&otilde;es para a sa&uacute;de cerebral.&nbsp;<\/p>\n\n\n\n<p>&ldquo;A dieta n&atilde;o apenas desempenha um papel crucial na forma&ccedil;&atilde;o do microbioma intestinal mas tamb&eacute;m pode modular a estrutura e a fun&ccedil;&atilde;o do c&eacute;rebro por meio desses canais de comunica&ccedil;&atilde;o&rdquo;, explica o estudo.&nbsp;&nbsp;<\/p>\n\n\n\n<p>A m&eacute;dica <a href=\"https:\/\/alice.com.br\/time-de-saude\/beatriz-macedo\" target=\"_blank\" rel=\"noreferrer noopener\">Beatriz Macedo, da Alice<\/a>, explica o que acontece quando h&aacute; um desequil&iacute;brio na flora intestinal, condi&ccedil;&atilde;o chamada de disbiose.&nbsp;<\/p>\n\n\n\n<figure class=\"wp-block-pullquote\"><blockquote><p><strong>&ldquo;A disbiose tem a ver com a quantidade e a qualidade das bact&eacute;rias no trato intestinal. Um desequil&iacute;brio pode afetar a produ&ccedil;&atilde;o do triptofano, que &eacute; um precursor (elemento qu&iacute;mico que d&aacute; origem a outro) da <a href=\"https:\/\/timedesaude.com.br\/sono\/melatonina-como-funciona-suplemento-regula-o-sono\/\" target=\"_blank\" rel=\"noreferrer noopener\">melatonina<\/a> e da <a href=\"https:\/\/alice.com.br\/blog\/sua-saude\/o-que-e-serotonina-como-ela-age-no-corpo\/\" target=\"_blank\" rel=\"noreferrer noopener\">serotonina<\/a>, que atravessam a barreira do intestino e chegam at&eacute; o c&eacute;rebro. Essa altera&ccedil;&atilde;o de produ&ccedil;&atilde;o pode consumir o triptofano e causar altera&ccedil;&otilde;es do humor, por exemplo&rdquo;&nbsp;<\/strong><\/p><cite><strong>Beatriz Macedo, m&eacute;dica da Alice<\/strong><\/cite><\/blockquote><\/figure>\n\n\n\n<p>Ela explica tamb&eacute;m que, em alguns casos, outras fun&ccedil;&otilde;es cognitivas tamb&eacute;m podem ser afetadas, como a mem&oacute;ria, a aten&ccedil;&atilde;o e a concentra&ccedil;&atilde;o.<\/p>\n\n\n\n<p>De acordo com a m&eacute;dica, da mesma forma que a disbiose pode ser desencadeada por uma alimenta&ccedil;&atilde;o pouco equilibrada, ela tamb&eacute;m pode ser resultado de mudan&ccedil;as no estado mental {&eacute; uma via de m&atilde;o-dupla}.<\/p>\n\n\n\n<p>&ldquo;No sentido oposto, quando temos uma situa&ccedil;&atilde;o de estresse, por exemplo, ativamos o sistema de luta e fuga, e aumentamos a produ&ccedil;&atilde;o do cortisol, o que tamb&eacute;m pode afetar o microbioma intestinal e gerar o catabolismo de alguns amino&aacute;cidos, causando tamb&eacute;m a disbiose. Isso dificulta a produ&ccedil;&atilde;o das bact&eacute;rias saud&aacute;veis, resultando em uma condi&ccedil;&atilde;o intestinal ruim&rdquo;, afirma.<\/p>\n\n\n\n<h2 class=\"wp-block-heading\">Ideias para melhorar a alimenta&ccedil;&atilde;o dos funcion&aacute;rios<\/h2>\n\n\n\n<p>Ou seja, entender a rela&ccedil;&atilde;o entre nutri&ccedil;&atilde;o e <a href=\"https:\/\/alice.com.br\/blog\/empresas\/saude-mental-no-trabalho-como-promover-na-empresa\/\" target=\"_blank\" rel=\"noreferrer noopener\">sa&uacute;de mental<\/a> &eacute; importante para as empresas que se preocupam com os colaboradores.&nbsp;<\/p>\n\n\n\n<p>Planejar a&ccedil;&otilde;es voltadas &agrave; conscientiza&ccedil;&atilde;o e &agrave; ado&ccedil;&atilde;o de bons h&aacute;bitos alimentares podem trazer diversos ganhos aos integrantes do time, o que inclui mais disposi&ccedil;&atilde;o, foco e bom humor, principalmente para <a href=\"https:\/\/alice.com.br\/blog\/empresas\/como-formar-equipe-alta-performance\/\" target=\"_blank\" rel=\"noreferrer noopener\">equipes de alta performance<\/a>.<\/p>\n\n\n\n<p>Por isso, a campanha Setembro Amarelo, com foco na preven&ccedil;&atilde;o ao suic&iacute;dio, pode ser uma boa oportunidade para <a href=\"https:\/\/alice.com.br\/blog\/empresas\/saude-mental-empresas-ideias\/\" target=\"_blank\" rel=\"noreferrer noopener\">come&ccedil;ar ou aprofundar iniciativas<\/a> que ajudem a melhorar a nutri&ccedil;&atilde;o, e por consequ&ecirc;ncia, a sa&uacute;de mental do time {<a href=\"https:\/\/alice.com.br\/blog\/empresas\/como-melhorar-saude-mental\/\" target=\"_blank\" rel=\"noreferrer noopener\">inclusive a do RH!<\/a>}.<\/p>\n\n\n\n<p>As atividades podem envolver palestras ou at&eacute; iniciativas mais criativas, como desafios e encontros gourmet. Veja algumas sugest&otilde;es para planejar, iniciar ou melhorar:<\/p>\n\n\n\n<ul class=\"wp-block-list\">\n<li>Palestras e workshops com profissionais de sa&uacute;de sobre os benef&iacute;cios da alimenta&ccedil;&atilde;o equilibrada para o corpo e para a mente;&nbsp;<\/li>\n\n\n\n<li>Elabora&ccedil;&atilde;o e distribui&ccedil;&atilde;o de material com dicas para comer melhor;<\/li>\n\n\n\n<li>Divulga&ccedil;&atilde;o de conte&uacute;dos sobre alimenta&ccedil;&atilde;o saud&aacute;vel em canais de comunica&ccedil;&atilde;o interna;<\/li>\n\n\n\n<li>Disponibiliza&ccedil;&atilde;o de snacks saud&aacute;veis, como frutas e castanhas;<\/li>\n\n\n\n<li>Adapta&ccedil;&atilde;o de petiscos e sobremesas oferecidas durante coffee breaks de eventos com op&ccedil;&otilde;es nutritivas e saborosas;<\/li>\n\n\n\n<li>Parcerias com restaurantes e outros estabelecimentos que ofere&ccedil;am alimenta&ccedil;&atilde;o balanceada para desconto no valor das refei&ccedil;&otilde;es;<\/li>\n\n\n\n<li>Personaliza&ccedil;&atilde;o e distribui&ccedil;&atilde;o de brindes, como marmiteiras e bolsas t&eacute;rmicas;<\/li>\n\n\n\n<li>Oferecimento de copa ou cozinha equipadas para aquecer alimentos feitos em casa;<\/li>\n\n\n\n<li>Realiza&ccedil;&atilde;o de oficina de culin&aacute;ria, com receitas pr&aacute;ticas e saud&aacute;veis;<\/li>\n\n\n\n<li>Inclus&atilde;o de confrarias de alimenta&ccedil;&atilde;o saud&aacute;vel entre os grupos de afinidade da empresa;<\/li>\n\n\n\n<li>Acompanhamento permanente de funcion&aacute;rios que tenham problemas alimentares como diabetes, doen&ccedil;a cel&iacute;aca ou obesidade;&nbsp;<\/li>\n<\/ul>\n\n\n<div class=\"wp-block-image\">\n<figure class=\"aligncenter size-large is-resized\"><a href=\"https:\/\/alice.com.br\/ebook-alice-na-cozinha?utm_source=referral&amp;utm_medium=blog&amp;utm_campaign=checkup-geral\" target=\"_blank\" rel=\"https:\/\/alice.com.br\/ebook-alice-na-cozinha noreferrer noopener\"><figure class=\"wp-attachment-1938\" ><img loading=\"lazy\" decoding=\"async\" src=\"https:\/\/alice.com.br\/blog\/wp-content\/uploads\/2022\/03\/banner_blog-ebook-1-1024x731.jpg\" alt=\"Ebook de receitas saud&aacute;veis Alice na cozinha\" class=\"wp-image-1938\" width=\"512\" height=\"366\" srcset=\"https:\/\/alice.com.br\/blog\/wp-content\/uploads\/2022\/03\/banner_blog-ebook-1-1024x731.jpg 1024w, https:\/\/alice.com.br\/blog\/wp-content\/uploads\/2022\/03\/banner_blog-ebook-1-300x214.jpg 300w, https:\/\/alice.com.br\/blog\/wp-content\/uploads\/2022\/03\/banner_blog-ebook-1-768x548.jpg 768w, https:\/\/alice.com.br\/blog\/wp-content\/uploads\/2022\/03\/banner_blog-ebook-1-100x71.jpg 100w, https:\/\/alice.com.br\/blog\/wp-content\/uploads\/2022\/03\/banner_blog-ebook-1-150x107.jpg 150w, https:\/\/alice.com.br\/blog\/wp-content\/uploads\/2022\/03\/banner_blog-ebook-1.jpg 1080w\" sizes=\"auto, (max-width: 512px) 100vw, 512px\"><\/figure><\/a><\/figure>\n<\/div>\n\n\n<h3 class=\"wp-block-heading\">Como ajudar o colaborador a montar um plano alimentar equilibrado<\/h3>\n\n\n\n<p>Para que o c&eacute;rebro, o intestino e a microbiota atuem em sintonia, &eacute; importante que o seu funcion&aacute;rio tenha uma alimenta&ccedil;&atilde;o balanceada.<\/p>\n\n\n\n<p>Por isso, vale a pena entender como montar um <a href=\"https:\/\/timedesaude.com.br\/alimentos\/como-montar-plano-alimentar-refeicoes\/\" target=\"_blank\" rel=\"noreferrer noopener\">plano alimentar<\/a> equilibrado, orientar o time sobre isso e oferecer caminhos para todos possam seguir o programa.<\/p>\n\n\n\n<p>No almo&ccedil;o, por exemplo, o ideal &eacute; que o prato seja composto de 50% de verduras e legumes. A outra metade deve ser dividida entre os cereais e tub&eacute;rculos (25%), como arroz, quinoa, milho, macarr&atilde;o, batata, mandioca e mandioquinha, e os alimentos fontes de prote&iacute;na (25%), tanto de origem animal (carnes, peixe, frango, aves ou ovo) quanto vegetal (feij&atilde;o, lentilha, gr&atilde;o de bico, ervilha ou soja).<\/p>\n\n\n\n<p>Para complementar a refei&ccedil;&atilde;o, &eacute; recomendado incluir gorduras boas, como o azeite de oliva para temperar, ou sementes de ab&oacute;bora e girassol na salada.&nbsp;<\/p>\n\n\n\n<p>As frutas s&atilde;o op&ccedil;&otilde;es saud&aacute;veis de sobremesa, sendo que as c&iacute;tricas ajudam a absorver o ferro da refei&ccedil;&atilde;o.<\/p>\n\n\n\n<p>A nutricionista <a href=\"https:\/\/alice.com.br\/time-de-saude\/priscila-fassini\" target=\"_blank\" rel=\"noreferrer noopener\">Priscila Fassini, da Alice<\/a>, assinala que dietas ricas em fibras e vegetais tamb&eacute;m est&atilde;o associadas a altera&ccedil;&otilde;es microbianas intestinais que favorecem a sa&uacute;de.&nbsp;<\/p>\n\n\n\n<figure class=\"wp-block-image size-large\"><figure class=\"wp-attachment-3473\" ><img loading=\"lazy\" decoding=\"async\" width=\"1080\" height=\"771\" src=\"https:\/\/alice.com.br\/blog\/wp-content\/uploads\/2022\/08\/ALICE_Blog_Setembro_Amarelo_Nutricao_Interna.jpg\" alt=\"Nutri&ccedil;&atilde;o e sa&uacute;de mental\" class=\"wp-image-3473\" srcset=\"https:\/\/alice.com.br\/blog\/wp-content\/uploads\/2022\/08\/ALICE_Blog_Setembro_Amarelo_Nutricao_Interna.jpg 1080w, https:\/\/alice.com.br\/blog\/wp-content\/uploads\/2022\/08\/ALICE_Blog_Setembro_Amarelo_Nutricao_Interna-300x214.jpg 300w, https:\/\/alice.com.br\/blog\/wp-content\/uploads\/2022\/08\/ALICE_Blog_Setembro_Amarelo_Nutricao_Interna-768x548.jpg 768w, https:\/\/alice.com.br\/blog\/wp-content\/uploads\/2022\/08\/ALICE_Blog_Setembro_Amarelo_Nutricao_Interna-100x71.jpg 100w, https:\/\/alice.com.br\/blog\/wp-content\/uploads\/2022\/08\/ALICE_Blog_Setembro_Amarelo_Nutricao_Interna-150x107.jpg 150w\" sizes=\"auto, (max-width: 1080px) 100vw, 1080px\"><\/figure><\/figure>\n\n\n\n<h2 class=\"wp-block-heading\">Vitamina para a mente: alimentos que ajudam a dar um &ldquo;boost&rdquo; no c&eacute;rebro<\/h2>\n\n\n\n<p>De acordo com a nutricionista, determinados alimentos t&ecirc;m maior potencial de beneficiar diretamente o c&eacute;rebro, como apontou publica&ccedil;&atilde;o da <a href=\"https:\/\/www.health.harvard.edu\/healthbeat\/foods-linked-to-better-brainpower\" target=\"_blank\" rel=\"noreferrer noopener nofollow\">Harvard Business Review<\/a>. Veja abaixo alguns exemplos.<\/p>\n\n\n\n<h3 class=\"wp-block-heading\">Vegetais de folhas verdes<\/h3>\n\n\n\n<p>Couve, espinafre e br&oacute;colis s&atilde;o ricos em nutrientes bons &#8203;&#8203;para o c&eacute;rebro, como vitamina K, lute&iacute;na, folato e betacaroteno. Pesquisas sugerem que esses alimentos podem ajudar a retardar o decl&iacute;nio cognitivo.<\/p>\n\n\n\n<h3 class=\"wp-block-heading\">Peixes<\/h3>\n\n\n\n<p>S&atilde;o fontes abundantes de &ocirc;mega-3 e de gorduras insaturadas saud&aacute;veis.<\/p>\n\n\n\n<p>Ambos podem ajudar a diminuir a forma&ccedil;&atilde;o de placas no c&eacute;rebro por uma prote&iacute;na chamada beta-amil&oacute;ide. Em grande quantidade, elas prejudicam a sinaliza&ccedil;&atilde;o entre as c&eacute;lulas cerebrais. Sugere-se o consumo de peixes pelo menos duas vezes por semana, mas de variedades com baixo teor de merc&uacute;rio, como salm&atilde;o, bacalhau e atum enlatado.<\/p>\n\n\n\n<h3 class=\"wp-block-heading\">Berries<\/h3>\n\n\n\n<p>Os flavon&oacute;ides, pigmentos naturais de frutas vermelhas como morango e mirtilo, ajudam a melhorar a mem&oacute;ria.&nbsp;<\/p>\n\n\n\n<h3 class=\"wp-block-heading\">Ch&aacute; e caf&eacute;<\/h3>\n\n\n\n<p>A cafe&iacute;na presente no caf&eacute; ou ch&aacute; pode oferecer maior concentra&ccedil;&atilde;o de curto e longo prazo, al&eacute;m de ajudar na consolida&ccedil;&atilde;o de mem&oacute;rias.&nbsp;&nbsp;<\/p>\n\n\n\n<h3 class=\"wp-block-heading\">Nozes<\/h3>\n\n\n\n<p>S&atilde;o excelentes fontes de prote&iacute;nas e gorduras saud&aacute;veis. Tamb&eacute;m s&atilde;o ricas em &ocirc;mega-3 do tipo ALA, o que ajuda a manter as art&eacute;rias limpas e a press&atilde;o arterial baixa. Isso &eacute; bom para o cora&ccedil;&atilde;o e para o c&eacute;rebro.<\/p>\n\n\n\n<h3 class=\"wp-block-heading\">Iogurtes, coalhada e kefir<\/h3>\n\n\n\n<p>Outro alimento que pode ajudar a equilibrar a flora intestinal e beneficiar a conex&atilde;o com o c&eacute;rebro s&atilde;o os probi&oacute;ticos, que s&atilde;o compostos por bact&eacute;rias ben&eacute;ficas ao organismo e s&atilde;o encontrados no iogurte natural, na coalhada e no kefir.<\/p>\n\n\n\n<p>&ldquo;Esses microorganismos vivos, quando administrados em quantidade adequada, conferem benef&iacute;cios para a sa&uacute;de&rdquo;, explica a nutricionista Priscila Fassini.&nbsp;<\/p>\n\n\n\n<h3 class=\"wp-block-heading\">Frutas em geral<\/h3>\n\n\n\n<p>Um <a href=\"https:\/\/www.cambridge.org\/core\/journals\/british-journal-of-nutrition\/article\/frequency-of-fruit-consumption-and-savoury-snacking-predict-psychological-health-selective-mediation-via-cognitive-failures\/B6A4BDD48E1A39C133DF454860A53239\" target=\"_blank\" rel=\"noreferrer noopener nofollow\">estudo publicado no British Journal of Nutrition<\/a> concluiu que o consumo frequente de frutas traz muitos benef&iacute;cios &agrave; sa&uacute;de mental. Est&aacute; associado &agrave; redu&ccedil;&atilde;o dos sintomas de depress&atilde;o e a uma maior percep&ccedil;&atilde;o de bem-estar psicol&oacute;gico positivo.&nbsp;<\/p>\n\n\n\n<p>A pesquisa destaca, por&eacute;m, que esse tipo de cuidado contribui para uma boa sa&uacute;de mental, mas n&atilde;o substitui o tratamento em casos mais graves.&nbsp;&nbsp;<\/p>\n\n\n\n<h2 class=\"wp-block-heading\">Programa de Alimenta&ccedil;&atilde;o do Trabalhador<\/h2>\n\n\n\n<p>Um dos incentivos oficiais para que as empresas possam apoiar a alimenta&ccedil;&atilde;o dos funcion&aacute;rios &eacute; o Programa de Alimenta&ccedil;&atilde;o do Trabalhador (PAT), institu&iacute;do pela <a href=\"http:\/\/www.planalto.gov.br\/ccivil_03\/leis\/l6321.htm\" target=\"_blank\" rel=\"noreferrer noopener nofollow\">lei n&deg; 6.321\/76<\/a>.<\/p>\n\n\n\n<p>As empresas participantes t&ecirc;m direito a deduzir, do lucro tribut&aacute;vel para fins de imposto sobre a renda das pessoas jur&iacute;dicas, o dobro das despesas realizadas em programas de alimenta&ccedil;&atilde;o.<\/p>\n\n\n\n<p>Em geral, essa compensa&ccedil;&atilde;o recai sobre custos com vale-alimenta&ccedil;&atilde;o ou cesta de alimentos. O objetivo principal &eacute; promover a sa&uacute;de nutricional de trabalhadores com renda de at&eacute; cinco sal&aacute;rios m&iacute;nimos.&nbsp;<\/p>\n\n\n\n<p>Empresas que fornecem refei&ccedil;&otilde;es aos funcion&aacute;rios tamb&eacute;m podem participar do programa, que recomenda seguir as diretrizes contidas no <a href=\"https:\/\/bvsms.saude.gov.br\/bvs\/publicacoes\/guia_alimentar_populacao_brasileira_2ed.pdf\" target=\"_blank\" rel=\"noreferrer noopener nofollow\">Guia Alimentar para a Popula&ccedil;&atilde;o Brasileira<\/a> na composi&ccedil;&atilde;o dos card&aacute;pios.&nbsp;<\/p>\n\n\n\n<h2 class=\"wp-block-heading\">O que &eacute; o Setembro Amarelo<\/h2>\n\n\n\n<p>A campanha <a href=\"https:\/\/www.setembroamarelo.com\/\" target=\"_blank\" rel=\"noreferrer noopener nofollow\">Setembro Amarelo<\/a> busca incentivar os cuidados com a sa&uacute;de mental como medida de preven&ccedil;&atilde;o aos suic&iacute;dios.&nbsp;<\/p>\n\n\n\n<p>Isso porque 96,8% dos casos de suic&iacute;dio est&atilde;o relacionados a transtornos como depress&atilde;o, bipolaridade e abuso de subst&acirc;ncias.&nbsp;<\/p>\n\n\n\n<p>No Brasil, a iniciativa &eacute; liderada pela Associa&ccedil;&atilde;o Brasileira de Psiquiatria (ABP) e pelo Conselho Federal de Medicina (CFM).&nbsp;<\/p>\n\n\n\n<p>&ldquo;As entidades m&eacute;dicas acreditam em uma sociedade engajada na defesa da vida e em gestores comprometidos com pol&iacute;ticas p&uacute;blicas que realmente transformem esse cen&aacute;rio&rdquo;, registra <a href=\"http:\/\/www.flip3d.com.br\/web\/pub\/cfm\/index9\/?numero=14#page\/5\" target=\"_blank\" rel=\"noreferrer noopener nofollow\">cartilha<\/a> com orienta&ccedil;&otilde;es sobre o tema.&nbsp;<\/p>\n\n\n\n<p>P.S.: Se voc&ecirc; estiver precisando de apoio, o CVV (Centro de Valoriza&ccedil;&atilde;o da Vida) oferece atendimento gratuito por telefone 24 horas. O fone &eacute;: 188. O chat funciona em hor&aacute;rios espec&iacute;ficos <a href=\"https:\/\/www.cvv.org.br\/chat\/\" target=\"_blank\" rel=\"noreferrer noopener nofollow\">no site do CVV<\/a>.<\/p>\n\n\n\n<html><body><h2>Alice tem o plano de sa&uacute;de certo para a sua empresa!<\/h2>\n<p>Alice &eacute; uma empresa de tecnologia que oferece planos de sa&uacute;de empresarial e tem a miss&atilde;o de tornar o mundo mais saud&aacute;vel. Nossa plataforma de cuidado cont&iacute;nuo garante que os nossos membros recebam o cuidado certo, na hora certa e no lugar certo, proporcionando uma experi&ecirc;ncia excepcional para eles.<\/p>\n<p>Nossos planos t&ecirc;m cobertura nacional completa, assim como o atendimento e a experi&ecirc;ncia &uacute;nica do Alice Agora, parceiro de sa&uacute;de confi&aacute;vel para todas as horas, direto no app. Fale com o Time de Sa&uacute;de 24\/7, receba resposta em at&eacute; 60 segundos e, se precisar, j&aacute; fa&ccedil;a uma consulta virtual com nossa equipe m&eacute;dica.<\/p>\n<p>Alice tamb&eacute;m tem suporte completo ao seu RH, com dados estrat&eacute;gicos para sua gest&atilde;o &ndash; desde reports de sa&uacute;de populacional at&eacute; de custo de cuidado &ndash;, onboarding exclusivo e account manager dedicado.<\/p>\n<p>Veja como Alice cuida do seu time e do seu or&ccedil;amento.<\/p>\n<html><body><div class=\"cta cta--post--slim_withlogo\">\n\t\t\t\t\t\t\t\t\t<a href=\"https:\/\/alice.com.br\/simulador\">\n\t\t\t\t\t\t\t\t\t<div class=\"logo\">\n\t\t\t\t\t\t\t\t\t\t<img src=\"https:\/\/alice.com.br\/blog\/wp-content\/themes\/arada\/dist\/images\/alice.svg\" width=\"288\" height=\"150\" aria-label=\"hidden\">\n\t\t\t\t\t\t\t\t\t<\/div>\n\t\t\t\t\t\t\t\t\t<span class=\"title\">Fa&ccedil;a uma Cota&ccedil;&atilde;o<\/span><span class=\"icon icon--arrow_right\"><\/span><\/a>\n\t\t\t\t\t\t\t\t<\/div><\/body><\/html><\/body><\/html><\/body><\/html>\n","protected":false},"excerpt":{"rendered":"Pesquisas cient\u00edficas indicam uma rela\u00e7\u00e3o entre nutri\u00e7\u00e3o e sa\u00fade mental; saiba como incentivar os bons h\u00e1bitos alimentares.\n","protected":false},"author":5,"featured_media":3472,"comment_status":"open","ping_status":"open","sticky":false,"template":"","format":"standard","meta":{"_acf_changed":false,"footnotes":""},"categories":[6],"tags":[92,94,93,96],"class_list":["post-3469","post","type-post","status-publish","format-standard","has-post-thumbnail","hentry","category-empresas","tag-bem-estar","tag-empresas","tag-felicidade-no-trabalho","tag-saude-dos-funcionarios"],"acf":[],"_links":{"self":[{"href":"https:\/\/alice.com.br\/blog\/wp-json\/wp\/v2\/posts\/3469","targetHints":{"allow":["GET"]}}],"collection":[{"href":"https:\/\/alice.com.br\/blog\/wp-json\/wp\/v2\/posts"}],"about":[{"href":"https:\/\/alice.com.br\/blog\/wp-json\/wp\/v2\/types\/post"}],"author":[{"embeddable":true,"href":"https:\/\/alice.com.br\/blog\/wp-json\/wp\/v2\/users\/5"}],"replies":[{"embeddable":true,"href":"https:\/\/alice.com.br\/blog\/wp-json\/wp\/v2\/comments?post=3469"}],"version-history":[{"count":37,"href":"https:\/\/alice.com.br\/blog\/wp-json\/wp\/v2\/posts\/3469\/revisions"}],"predecessor-version":[{"id":16244,"href":"https:\/\/alice.com.br\/blog\/wp-json\/wp\/v2\/posts\/3469\/revisions\/16244"}],"wp:featuredmedia":[{"embeddable":true,"href":"https:\/\/alice.com.br\/blog\/wp-json\/wp\/v2\/media\/3472"}],"wp:attachment":[{"href":"https:\/\/alice.com.br\/blog\/wp-json\/wp\/v2\/media?parent=3469"}],"wp:term":[{"taxonomy":"category","embeddable":true,"href":"https:\/\/alice.com.br\/blog\/wp-json\/wp\/v2\/categories?post=3469"},{"taxonomy":"post_tag","embeddable":true,"href":"https:\/\/alice.com.br\/blog\/wp-json\/wp\/v2\/tags?post=3469"}],"curies":[{"name":"wp","href":"https:\/\/api.w.org\/{rel}","templated":true}]}}