{"id":3503,"date":"2022-08-18T09:00:00","date_gmt":"2022-08-18T12:00:00","guid":{"rendered":"https:\/\/blog.alice.com.br\/?p=3503"},"modified":"2023-09-18T19:11:45","modified_gmt":"2023-09-18T22:11:45","slug":"como-melhorar-saude-mental","status":"publish","type":"post","link":"https:\/\/alice.com.br\/blog\/empresas\/como-melhorar-saude-mental\/","title":{"rendered":"Ideias para melhorar a sa\u00fade mental do RH"},"content":{"rendered":"<html><body><p>Se o RH est&aacute; focado na <a href=\"https:\/\/alice.com.br\/blog\/empresas\/saude-mental-no-trabalho-como-promover-na-empresa\/\" target=\"_blank\" rel=\"noreferrer noopener\">sa&uacute;de mental<\/a> dos funcion&aacute;rios, quem est&aacute; cuidando da cabe&ccedil;a do RH?<\/p>\r\n\r\n\r\n\r\n<p>Foi pensando nisso que elencamos uma s&eacute;rie atividades que voc&ecirc;, da &aacute;rea de People, pode colocar em pr&aacute;tica em benef&iacute;cio da sua pr&oacute;pria sa&uacute;de mental {e, claro, indicar para os funcion&aacute;rios da sua empresa tamb&eacute;m!}.<\/p>\r\n\r\n\r\n\r\n<p>Se faz parte do seu trabalho <a href=\"https:\/\/alice.com.br\/blog\/empresas\/saude-mental-empresas-ideias\/\" target=\"_blank\" rel=\"noreferrer noopener\">planejar as a&ccedil;&otilde;es para a campanha Setembro Amarelo<\/a>, que tem foco na preven&ccedil;&atilde;o ao suic&iacute;dio, nada mais justo do que aproveitar essa oportunidade para come&ccedil;ar ou aprofundar iniciativas que ajudem tamb&eacute;m no seu pr&oacute;prio psicol&oacute;gico.<\/p>\r\n\r\n\r\n\r\n<p>E tudo come&ccedil;a com o <a href=\"https:\/\/alice.com.br\/blog\/empresas\/autocuidado\/\" target=\"_blank\" rel=\"noreferrer noopener\">autocuidado<\/a>.&nbsp;<\/p>\r\n\r\n\r\n\r\n<figure class=\"wp-block-pullquote\">\r\n<blockquote>\r\n<p><strong>&ldquo;Pensar em sa&uacute;de mental &eacute; pensar em autocuidado emocional, f&iacute;sico, social e espiritual&rdquo;<\/strong><\/p>\r\n<cite><strong>Amanda Severo Lins Vitta, psic&oacute;loga da comunidade de sa&uacute;de da <a href=\"https:\/\/alice.com.br\/\" target=\"_blank\" rel=\"noreferrer noopener\">Alice<\/a><\/strong><\/cite><\/blockquote>\r\n<\/figure>\r\n\r\n\r\n\r\n<p>Essas pr&aacute;ticas (individuais e coletivas) podem ajudar voc&ecirc; a lidar melhor com as pr&oacute;prias emo&ccedil;&otilde;es, a se conectar consigo mesmo e a obter maior compreens&atilde;o sobre situa&ccedil;&otilde;es que causem inc&ocirc;modo ou sofrimento.<\/p>\r\n\r\n\r\n\r\n<h2 class=\"wp-block-heading\">Foco nas atividades prazerosas<\/h2>\r\n\r\n\r\n\r\n<p>O que te faz feliz quando voc&ecirc; n&atilde;o est&aacute; trabalhando? Arte, dan&ccedil;a, esporte e passeios ao ar livre nos d&atilde;o a oportunidade de mudar o foco, oxigenando a mente e acalmando as emo&ccedil;&otilde;es.&nbsp;<\/p>\r\n\r\n\r\n\r\n<p>&ldquo;Vivemos em uma sociedade onde descansar &eacute; &lsquo;pecado&rsquo; e nos cobramos para produzir o tempo todo. Esquecemos de que precisamos desses momentos e de que, conforme evid&ecirc;ncias em estudos cient&iacute;ficos, quando realizamos atividades prazerosas, nossa produ&ccedil;&atilde;o aumenta em outras demandas da vida, como o trabalho&rdquo;, explica a psic&oacute;loga Amanda Vitta.<\/p>\r\n\r\n\r\n\r\n<p>Artes pl&aacute;sticas e c&ecirc;nicas, din&acirc;micas de express&atilde;o corporal, m&uacute;sica e escrita liter&aacute;ria est&atilde;o entre os processos criativos que ajudam a melhorar o estado emocional.&nbsp;<\/p>\r\n\r\n\r\n\r\n<p>Um <a href=\"https:\/\/www.ncbi.nlm.nih.gov\/pmc\/articles\/PMC2804629\/\" target=\"_blank\" rel=\"noreferrer noopener nofollow\">estudo<\/a> realizado por Heather L. Stuckey e Jeremy Nobel mostrou que isso acontece porque h&aacute; uma conex&atilde;o com a pr&oacute;pria identidade. Quando associadas a tratamento m&eacute;dico, as pr&aacute;ticas art&iacute;sticas ajudam as pessoas a se dissociarem das doen&ccedil;as e a acessarem o que as pesquisadoras chamam de &ldquo;reservat&oacute;rio de cura&rdquo; &ndash; aquela for&ccedil;a interior para enfrentar as adversidades.&nbsp;<\/p>\r\n\r\n\r\n\r\n<p>Passeios ao ar livre tamb&eacute;m trazem efeitos f&iacute;sicos e mentais positivos. Um <a href=\"https:\/\/www.frontiersin.org\/articles\/10.3389\/fpsyg.2019.00722\/full\" target=\"_blank\" rel=\"noreferrer noopener nofollow\">estudo realizado em 2019<\/a>, com coleta de saliva para identifica&ccedil;&atilde;o de marcadores bioqu&iacute;micos, mostrou que passar apenas 20 minutos em contato com a natureza ajuda a diminuir os n&iacute;veis de cortisol, o horm&ocirc;nio do estresse.<\/p>\r\n\r\n\r\n\r\n<figure class=\"wp-block-image size-large\"><figure class=\"wp-attachment-3517\" ><img loading=\"lazy\" decoding=\"async\" width=\"1080\" height=\"771\" class=\"wp-image-3517\" src=\"https:\/\/alice.com.br\/blog\/wp-content\/uploads\/2022\/08\/ALICE_Blog_Setembro_Amarelo_Saude_Mental_Colaboradores_Interna.jpg\" alt=\"Como melhorar a sa&uacute;de mental\" srcset=\"https:\/\/alice.com.br\/blog\/wp-content\/uploads\/2022\/08\/ALICE_Blog_Setembro_Amarelo_Saude_Mental_Colaboradores_Interna.jpg 1080w, https:\/\/alice.com.br\/blog\/wp-content\/uploads\/2022\/08\/ALICE_Blog_Setembro_Amarelo_Saude_Mental_Colaboradores_Interna-300x214.jpg 300w, https:\/\/alice.com.br\/blog\/wp-content\/uploads\/2022\/08\/ALICE_Blog_Setembro_Amarelo_Saude_Mental_Colaboradores_Interna-768x548.jpg 768w, https:\/\/alice.com.br\/blog\/wp-content\/uploads\/2022\/08\/ALICE_Blog_Setembro_Amarelo_Saude_Mental_Colaboradores_Interna-100x71.jpg 100w, https:\/\/alice.com.br\/blog\/wp-content\/uploads\/2022\/08\/ALICE_Blog_Setembro_Amarelo_Saude_Mental_Colaboradores_Interna-150x107.jpg 150w\" sizes=\"auto, (max-width: 1080px) 100vw, 1080px\"><\/figure><\/figure>\r\n\r\n\r\n\r\n<h3 class=\"wp-block-heading\">Ideias de atividades para relaxar a mente<\/h3>\r\n\r\n\r\n\r\n<ul class=\"wp-block-list\">\r\n<li>dan&ccedil;ar e cantar;<\/li>\r\n\r\n\r\n\r\n<li>ler um bom livro;<\/li>\r\n\r\n\r\n\r\n<li>brincar com o animal de estima&ccedil;&atilde;o;<\/li>\r\n\r\n\r\n\r\n<li>organizar o arm&aacute;rio ou quarto;<\/li>\r\n\r\n\r\n\r\n<li>tomar um banho relaxante;<\/li>\r\n\r\n\r\n\r\n<li>maratonar s&eacute;ries;<\/li>\r\n\r\n\r\n\r\n<li>arriscar-se na cozinha, fazendo pratos saborosos {<a href=\"https:\/\/alice.com.br\/blog\/empresas\/como-alimentacao-influencia-saude-mental\/\" target=\"_blank\" rel=\"noreferrer noopener\">sabia que a alimenta&ccedil;&atilde;o pode influenciar a sa&uacute;de mental?<\/a>};<\/li>\r\n\r\n\r\n\r\n<li>ir a um sal&atilde;o de beleza ou fazer um spa em casa;<\/li>\r\n\r\n\r\n\r\n<li>encontrar com pessoas queridas.<\/li>\r\n<\/ul>\r\n\r\n\r\n\r\n<p>&ldquo;Ah, mas eu n&atilde;o tenho tempo&rdquo;, voc&ecirc; pode ter pensado. Mas n&atilde;o precisa se matricular na academia ou correr uma maratona logo de cara. Comece pegando aquele livro da cabeceira que faz tempo que voc&ecirc; quer ler. E coloque na agenda. Pense que isso &eacute; um compromisso com voc&ecirc; mesmo, uma prioridade. Toda ter&ccedil;a, &agrave;s 20h, bloqueado para leitura. Mas n&atilde;o vale marcar algo em cima depois, heim?<\/p>\r\n\r\n\r\n\r\n<h2 class=\"wp-block-heading\">Participe de grupos de apoio<\/h2>\r\n\r\n\r\n\r\n<p>Seja em reuni&otilde;es presenciais ou em plataformas virtuais, tem muita gente disposta a compartilhar experi&ecirc;ncias em grupos de apoio. Nelas, s&atilde;o trocadas informa&ccedil;&otilde;es sobre relacionamentos, trabalho, fam&iacute;lia e outras situa&ccedil;&otilde;es mais desafiadoras do dia a dia.<\/p>\r\n\r\n\r\n\r\n<p>A principal vantagem &eacute; perceber que n&atilde;o se est&aacute; sozinho. A partir dos relatos de pessoas que j&aacute; passaram por situa&ccedil;&otilde;es semelhantes, s&atilde;o visualizados caminhos para enfrentar os pr&oacute;prios problemas.&nbsp;<\/p>\r\n\r\n\r\n\r\n<p>Para serem eficazes, por&eacute;m, &eacute; recomendado que esses grupos contenham regras claras {inclusive sobre confidencialidade!} e com um mediador qualificado. Al&eacute;m de filtrar eventuais informa&ccedil;&otilde;es equivocadas, esse facilitador poder&aacute; direcionar as discuss&otilde;es para os objetivos comuns.&nbsp;<\/p>\r\n\r\n\r\n\r\n<h2 class=\"wp-block-heading\">Fa&ccedil;a um di&aacute;rio das emo&ccedil;&otilde;es<\/h2>\r\n\r\n\r\n\r\n<p>Algumas vezes nos sentimos desanimados ou incomodados, sem que haja um motivo aparente. Uma t&eacute;cnica que tem sido bastante difundida para chegar &agrave; raiz de sentimentos negativos e alavancar os positivos &eacute; o di&aacute;rio das emo&ccedil;&otilde;es.<\/p>\r\n\r\n\r\n\r\n<p>Em ingl&ecirc;s, essa pr&aacute;tica de escrever diariamente &eacute; chamada de journaling. O h&aacute;bito, segundo publica&ccedil;&atilde;o da <a href=\"https:\/\/www.urmc.rochester.edu\/encyclopedia\/content.aspx?ContentID=4552&amp;ContentTypeID=1\" target=\"_blank\" rel=\"noreferrer noopener nofollow\">Universidade de Rochester (de Nova York, nos EUA)<\/a>, ajuda a controlar sintomas e a melhorar o humor, porque nos permite priorizar problemas, medos e preocupa&ccedil;&otilde;es, al&eacute;m de tra&ccedil;ar maneiras de encar&aacute;-los.<\/p>\r\n\r\n\r\n\r\n<p>A psic&oacute;loga Aline Prato, da <a href=\"https:\/\/alice.com.br\/\" target=\"_blank\" rel=\"noreferrer noopener\">Alice<\/a>, explica que o registro pode incluir pensamentos, sentimentos, comportamentos e seus contextos.&nbsp;&nbsp;<\/p>\r\n\r\n\r\n\r\n<figure class=\"wp-block-pullquote\">\r\n<blockquote>\r\n<p><strong>&ldquo;Quando sentir ansiedade ou qualquer outra sensa&ccedil;&atilde;o desagrad&aacute;vel, pause e preste aten&ccedil;&atilde;o aos seus pensamentos. Se poss&iacute;vel, anote em um caderno ou no celular, assim que acontecer ou no final do dia&rdquo;<\/strong><\/p>\r\n<cite><strong>Aline Prato, psic&oacute;loga da <a href=\"https:\/\/alice.com.br\/\" target=\"_blank\" rel=\"noreferrer noopener\">Alice<\/a><\/strong><\/cite><\/blockquote>\r\n<\/figure>\r\n\r\n\r\n\r\n<p>O ideal &eacute; primeiro registrar a situa&ccedil;&atilde;o. O que aconteceu? Quais pensamentos passaram pela mente? O que sentiu? Tentar nomear as emo&ccedil;&otilde;es &eacute; muito importante para que seja poss&iacute;vel tamb&eacute;m identificar a frequ&ecirc;ncia em que elas ocorrem.&nbsp;<\/p>\r\n\r\n\r\n\r\n<p>Em cada registro, vale ainda anotar se houve rea&ccedil;&otilde;es fisiol&oacute;gicas ou se foi poss&iacute;vel perceber alguma mudan&ccedil;a no corpo.&nbsp;<\/p>\r\n\r\n\r\n\r\n<p>Em seguida, o comportamento deve ser avaliado. O que fiz ou deixei de fazer? Por que agi de determinada maneira? &Eacute; poss&iacute;vel remediar essa situa&ccedil;&atilde;o ou n&atilde;o tenho controle sobre ela? Como posso agir quando algo semelhante ocorrer?<\/p>\r\n\r\n\r\n\r\n<p>Os benef&iacute;cios da pr&aacute;tica de escrever em um di&aacute;rio j&aacute; foram analisados em diversas pesquisas cient&iacute;ficas. Muitas delas apontam que a t&eacute;cnica pode, inclusive, auxiliar no tratamento de <a href=\"https:\/\/onlinelibrary.wiley.com\/doi\/abs\/10.1111\/psyp.12990\" target=\"_blank\" rel=\"noreferrer noopener nofollow\">ansiedade cr&ocirc;nica<\/a> e de <a href=\"https:\/\/www.sciencedirect.com\/science\/article\/abs\/pii\/S0165032713004448\" target=\"_blank\" rel=\"noreferrer noopener nofollow\">depress&atilde;o<\/a>.&nbsp;&nbsp;<\/p>\r\n\r\n\r\n\r\n<h2 class=\"wp-block-heading\">Por que fazer terapia pode ser o caminho em certas situa&ccedil;&otilde;es<\/h2>\r\n\r\n\r\n\r\n<p>Alguns estados emocionais ou transtornos demandam orienta&ccedil;&atilde;o profissional one-on-one. Nesses casos, fazer terapia com um psic&oacute;logo por um per&iacute;odo facilita a compreens&atilde;o e o manejo dos problemas enfrentados.&nbsp;<\/p>\r\n\r\n\r\n\r\n<p>Para a ci&ecirc;ncia, a <a href=\"https:\/\/timedesaude.com.br\/mente\/o-que-e-terapia-comportamental\/\" target=\"_blank\" rel=\"noreferrer noopener\">Terapia Cognitivo-Comportamental (TCC)<\/a> &eacute; considerada a &ldquo;<a href=\"https:\/\/www.ncbi.nlm.nih.gov\/pmc\/articles\/PMC5797481\/\" target=\"_blank\" rel=\"noreferrer noopener nofollow\">padr&atilde;o ouro<\/a>&rdquo; no tratamento e no encaminhamento de muitos contextos de sa&uacute;de mental.<\/p>\r\n\r\n\r\n\r\n<p>Baseada em <a href=\"https:\/\/pubmed.ncbi.nlm.nih.gov\/20547435\/\" target=\"_blank\" rel=\"noreferrer noopener nofollow\">protocolos robustos<\/a>, question&aacute;rios e testes com respaldo cient&iacute;fico, essa metodologia tem como objetivo analisar emo&ccedil;&otilde;es e atitudes, para que se possa construir uma rea&ccedil;&atilde;o saud&aacute;vel a elas.&nbsp;<\/p>\r\n\r\n\r\n\r\n<p>Parte-se do princ&iacute;pio de que com a reestrutura&ccedil;&atilde;o dos nossos pensamentos, somos capazes de responder de forma mais assertiva aos est&iacute;mulos externos, seja lidando com emo&ccedil;&otilde;es complexas ou situa&ccedil;&otilde;es de desconforto.<\/p>\r\n\r\n\r\n\r\n<p>Com essas estrat&eacute;gias, o objetivo do psic&oacute;logo que aplica a TCC &eacute; que haja remiss&atilde;o dos sintomas inicialmente apresentados e que o indiv&iacute;duo reconhe&ccedil;a que est&aacute; no centro do seu autocuidado, gerando autonomia em sa&uacute;de mental e maior qualidade de vida.&nbsp;<\/p>\r\n\r\n\r\n\r\n<h3 class=\"wp-block-heading\">Terapia alternativas e pr&aacute;ticas integrativas<\/h3>\r\n\r\n\r\n\r\n<p>O <a href=\"https:\/\/aps.saude.gov.br\/ape\/pics\" target=\"_blank\" rel=\"noreferrer noopener nofollow\">Minist&eacute;rio da Sa&uacute;de<\/a> reconhece diversas pr&aacute;ticas como complementares aos modelos tradicionais de cuidado. Em geral, as atividades propiciam relaxamento e reflex&atilde;o.<\/p>\r\n\r\n\r\n\r\n<p>Conhe&ccedil;a algumas delas:&nbsp;<\/p>\r\n\r\n\r\n\r\n<ul class=\"wp-block-list\">\r\n<li>Acupuntura (estimula&ccedil;&atilde;o de pontos espec&iacute;ficos do corpo com agulhas);<\/li>\r\n\r\n\r\n\r\n<li>Apiterapia (uso de produtos derivados de abelhas para promo&ccedil;&atilde;o da sa&uacute;de);<\/li>\r\n\r\n\r\n\r\n<li>Aromaterapia (uso de &oacute;leos essenciais e de florais voltados para o bem-estar);<\/li>\r\n\r\n\r\n\r\n<li>Ayurveda (mescla t&eacute;cnicas de relaxamento, massagens, plantas medicinais e posturas corporais);<\/li>\r\n\r\n\r\n\r\n<li>Cromoterapia (uso de l&acirc;mpadas com cores do espectro solar para restaurar o equil&iacute;brio energ&eacute;tico do corpo);<\/li>\r\n\r\n\r\n\r\n<li>Geoterapia (uso de argila, barro e lamas medicinais para reequil&iacute;brio energ&eacute;tico);<\/li>\r\n\r\n\r\n\r\n<li>Homeopatia (uso de medicamentos homeop&aacute;ticos);&nbsp;<\/li>\r\n\r\n\r\n\r\n<li><a href=\"https:\/\/timedesaude.com.br\/mente\/beneficios-desafios-meditacao\/\" target=\"_blank\" rel=\"noreferrer noopener\">Medita&ccedil;&atilde;o<\/a> (pr&aacute;tica mental para focalizar a aten&ccedil;&atilde;o);<\/li>\r\n\r\n\r\n\r\n<li>Osteopatia (uso de t&eacute;cnicas de manipula&ccedil;&atilde;o do sistema musculoesquel&eacute;tico);<\/li>\r\n\r\n\r\n\r\n<li>Ozonioterapia (aplica&ccedil;&atilde;o de mistura dos gases oxig&ecirc;nio e oz&ocirc;nio);<\/li>\r\n\r\n\r\n\r\n<li>Reike (canaliza&ccedil;&atilde;o de energia vital por meio das m&atilde;os);<\/li>\r\n\r\n\r\n\r\n<li><a href=\"https:\/\/timedesaude.com.br\/mente\/praticar-yoga-para-iniciantes\/\" target=\"_blank\" rel=\"noreferrer noopener\">Yoga<\/a> (exerc&iacute;cios de respira&ccedil;&atilde;o e posturas para trabalhar corpo e mente).&nbsp;<\/li>\r\n<\/ul>\r\n\r\n\r\n\r\n<h2 class=\"wp-block-heading\">Por fim, mantenha-se informado &nbsp;<\/h2>\r\n\r\n\r\n\r\n<p>Uma op&ccedil;&atilde;o did&aacute;tica e acess&iacute;vel &eacute; buscar aprender sobre as emo&ccedil;&otilde;es a partir de livros, v&iacute;deos e cursos. Atrav&eacute;s do conhecimento, entendemos como certos mecanismos mentais podem ser formados e quais rea&ccedil;&otilde;es desencadeiam.<\/p>\r\n\r\n\r\n\r\n<p>Em situa&ccedil;&otilde;es de <a href=\"https:\/\/timedesaude.com.br\/mente\/saiba-como-aliviar-sintomas-ansiedade\/\" target=\"_blank\" rel=\"noreferrer noopener\">ansiedade<\/a>, por exemplo, tendemos a ver as circunst&acirc;ncias de maneira exagerada, superdimensionando determinados aspectos. A incerteza sobre o futuro tamb&eacute;m causa bastante desconforto.&nbsp;<\/p>\r\n\r\n\r\n\r\n<p>Diversas pesquisas mostram que algumas t&eacute;cnicas podem ser aprendidas para superar esse medos.&nbsp;<\/p>\r\n\r\n\r\n\r\n<p>&ldquo;Uma estrat&eacute;gia simples envolve incentivar a pessoa a gastar menos tempo se preocupando com o que pode acontecer e, em vez disso, se concentrar na vida no presente&rdquo;, assinalam Dan W. Grupe e Jack B. Nitschke, em <a href=\"https:\/\/www.ncbi.nlm.nih.gov\/pmc\/articles\/PMC4276319\/\" target=\"_blank\" rel=\"noreferrer noopener nofollow\">artigo cient&iacute;fico<\/a> sobre a ansiedade pela &oacute;tica da incerteza.&nbsp;<\/p>\r\n\r\n\r\n\r\n<p>O Portal Time de Sa&uacute;de montou um <a href=\"https:\/\/timedesaude.com.br\/videos\/curso-de-mindfulness\/\" target=\"_blank\" rel=\"noreferrer noopener\">curso de mindfulness<\/a>, onde se ensina a pr&aacute;tica da aten&ccedil;&atilde;o plena. Assista abaixo &agrave; primeira sess&atilde;o:<\/p>\r\n\r\n\r\n\r\n<figure class=\"wp-block-embed is-type-video is-provider-youtube wp-block-embed-youtube wp-embed-aspect-16-9 wp-has-aspect-ratio\">\r\n<div class=\"wp-block-embed__wrapper\">https:\/\/youtu.be\/NPfZjLGDZeE<\/div>\r\n<\/figure>\r\n\r\n\r\n\r\n<p>Conte&uacute;dos voltados para o <a href=\"https:\/\/timedesaude.com.br\/felicidade-no-trabalho\/tecnicas-autoconhecimento-mais-motivacao\/\" target=\"_blank\" rel=\"noreferrer noopener\">autoconhecimento<\/a>, a <a href=\"https:\/\/timedesaude.com.br\/felicidade-no-trabalho\/como-desenvolver-a-inteligencia-emocional\/\" target=\"_blank\" rel=\"noreferrer noopener\">intelig&ecirc;ncia emocional<\/a> e a <a href=\"https:\/\/timedesaude.com.br\/felicidade-no-trabalho\/como-ser-mais-confiante\/\" target=\"_blank\" rel=\"noreferrer noopener\">autoconfian&ccedil;a<\/a> podem ser bastante &uacute;teis para ajudar aqueles que buscam respostas &agrave;s suas inquieta&ccedil;&otilde;es.&nbsp;<\/p>\r\n\r\n\r\n\r\n<p>Vale ressaltar que a dica &eacute; procurar fontes confi&aacute;veis, com reconhecida compet&ecirc;ncia t&eacute;cnica sobre o tema.&nbsp;<\/p>\r\n\r\n\r\n\r\n<h2 class=\"wp-block-heading\">O que &eacute; o Setembro Amarelo?<\/h2>\r\n\r\n\r\n\r\n<p>A campanha <a href=\"https:\/\/www.setembroamarelo.com\/\" target=\"_blank\" rel=\"noreferrer noopener nofollow\">Setembro Amarelo<\/a> busca incentivar os cuidados com a sa&uacute;de mental como medida de preven&ccedil;&atilde;o aos suic&iacute;dios.&nbsp;<\/p>\r\n\r\n\r\n\r\n<p>Isso porque 96,8% dos casos de suic&iacute;dio est&atilde;o relacionados a transtornos como depress&atilde;o, bipolaridade e abuso de subst&acirc;ncias.&nbsp;<\/p>\r\n\r\n\r\n\r\n<p>No Brasil, a iniciativa &eacute; liderada pela Associa&ccedil;&atilde;o Brasileira de Psiquiatria (ABP) e pelo Conselho Federal de Medicina (CFM).&nbsp;<\/p>\r\n\r\n\r\n\r\n<p>&ldquo;As entidades m&eacute;dicas acreditam em uma sociedade engajada na defesa da vida e em gestores comprometidos com pol&iacute;ticas p&uacute;blicas que realmente transformem esse cen&aacute;rio&rdquo;, registra <a href=\"http:\/\/www.flip3d.com.br\/web\/pub\/cfm\/index9\/?numero=14#page\/5\" target=\"_blank\" rel=\"noreferrer noopener nofollow\">cartilha<\/a> com orienta&ccedil;&otilde;es sobre o tema.&nbsp;<\/p>\r\n\r\n\r\n\r\n<p>P.S.: Se voc&ecirc; estiver precisando de apoio, o CVV (Centro de Valoriza&ccedil;&atilde;o da Vida) oferece atendimento gratuito por telefone 24 horas. O fone &eacute;: 188. O chat funciona em hor&aacute;rios espec&iacute;ficos <a href=\"https:\/\/www.cvv.org.br\/chat\/\" target=\"_blank\" rel=\"noreferrer noopener nofollow\">no site do CVV<\/a>.<\/p>\r\n\r\n\r\n\r\n<html><body><h2>Alice tem o plano de sa&uacute;de certo para a sua empresa!<\/h2>\n<p>Alice &eacute; uma empresa de tecnologia que oferece planos de sa&uacute;de empresarial e tem a miss&atilde;o de tornar o mundo mais saud&aacute;vel. Nossa plataforma de cuidado cont&iacute;nuo garante que os nossos membros recebam o cuidado certo, na hora certa e no lugar certo, proporcionando uma experi&ecirc;ncia excepcional para eles.<\/p>\n<p>Nossos planos t&ecirc;m cobertura nacional completa, assim como o atendimento e a experi&ecirc;ncia &uacute;nica do Alice Agora, parceiro de sa&uacute;de confi&aacute;vel para todas as horas, direto no app. Fale com o Time de Sa&uacute;de 24\/7, receba resposta em at&eacute; 60 segundos e, se precisar, j&aacute; fa&ccedil;a uma consulta virtual com nossa equipe m&eacute;dica.<\/p>\n<p>Alice tamb&eacute;m tem suporte completo ao seu RH, com dados estrat&eacute;gicos para sua gest&atilde;o &ndash; desde reports de sa&uacute;de populacional at&eacute; de custo de cuidado &ndash;, onboarding exclusivo e account manager dedicado.<\/p>\n<p>Veja como Alice cuida do seu time e do seu or&ccedil;amento.<\/p>\n<html><body><div class=\"cta cta--post--slim_withlogo\">\n\t\t\t\t\t\t\t\t\t<a href=\"https:\/\/alice.com.br\/simulador\">\n\t\t\t\t\t\t\t\t\t<div class=\"logo\">\n\t\t\t\t\t\t\t\t\t\t<img src=\"https:\/\/alice.com.br\/blog\/wp-content\/themes\/arada\/dist\/images\/alice.svg\" width=\"288\" height=\"150\" aria-label=\"hidden\">\n\t\t\t\t\t\t\t\t\t<\/div>\n\t\t\t\t\t\t\t\t\t<span class=\"title\">Fa&ccedil;a uma Cota&ccedil;&atilde;o<\/span><span class=\"icon icon--arrow_right\"><\/span><\/a>\n\t\t\t\t\t\t\t\t<\/div><\/body><\/html><\/body><\/html><\/body><\/html>\n","protected":false},"excerpt":{"rendered":"Elencamos uma s\u00e9rie de atividades que as pessoas de Recursos Humanos podem fazer para focar na pr\u00f3pria sa\u00fade mental.\r\n","protected":false},"author":5,"featured_media":3515,"comment_status":"closed","ping_status":"closed","sticky":false,"template":"","format":"standard","meta":{"_acf_changed":false,"footnotes":""},"categories":[6],"tags":[92,94,97,98,96],"class_list":["post-3503","post","type-post","status-publish","format-standard","has-post-thumbnail","hentry","category-empresas","tag-bem-estar","tag-empresas","tag-mercado-de-trabalho","tag-performance","tag-saude-dos-funcionarios"],"acf":[],"_links":{"self":[{"href":"https:\/\/alice.com.br\/blog\/wp-json\/wp\/v2\/posts\/3503","targetHints":{"allow":["GET"]}}],"collection":[{"href":"https:\/\/alice.com.br\/blog\/wp-json\/wp\/v2\/posts"}],"about":[{"href":"https:\/\/alice.com.br\/blog\/wp-json\/wp\/v2\/types\/post"}],"author":[{"embeddable":true,"href":"https:\/\/alice.com.br\/blog\/wp-json\/wp\/v2\/users\/5"}],"replies":[{"embeddable":true,"href":"https:\/\/alice.com.br\/blog\/wp-json\/wp\/v2\/comments?post=3503"}],"version-history":[{"count":65,"href":"https:\/\/alice.com.br\/blog\/wp-json\/wp\/v2\/posts\/3503\/revisions"}],"predecessor-version":[{"id":16243,"href":"https:\/\/alice.com.br\/blog\/wp-json\/wp\/v2\/posts\/3503\/revisions\/16243"}],"wp:featuredmedia":[{"embeddable":true,"href":"https:\/\/alice.com.br\/blog\/wp-json\/wp\/v2\/media\/3515"}],"wp:attachment":[{"href":"https:\/\/alice.com.br\/blog\/wp-json\/wp\/v2\/media?parent=3503"}],"wp:term":[{"taxonomy":"category","embeddable":true,"href":"https:\/\/alice.com.br\/blog\/wp-json\/wp\/v2\/categories?post=3503"},{"taxonomy":"post_tag","embeddable":true,"href":"https:\/\/alice.com.br\/blog\/wp-json\/wp\/v2\/tags?post=3503"}],"curies":[{"name":"wp","href":"https:\/\/api.w.org\/{rel}","templated":true}]}}