{"id":5004,"date":"2022-10-13T12:22:12","date_gmt":"2022-10-13T15:22:12","guid":{"rendered":"https:\/\/blog.alice.com.br\/?p=5004"},"modified":"2023-04-25T15:13:40","modified_gmt":"2023-04-25T18:13:40","slug":"sintomas-gripe-covid-o-que-fazer","status":"publish","type":"post","link":"https:\/\/alice.com.br\/blog\/sua-saude\/sintomas-gripe-covid-o-que-fazer\/","title":{"rendered":"Sintomas de covid-19 e gripe: veja quais s\u00e3o e o que fazer"},"content":{"rendered":"<html><body><p><em>Atualizado em 21 de novembro de 2022<\/em><\/p>\r\n\r\n\r\n\r\n<p>Mesmo convivendo h&aacute; alguns anos com o combo de covid-19, influenza (ou gripe) e resfriado, n&atilde;o &eacute; t&atilde;o f&aacute;cil distinguir cada uma delas, n&atilde;o &eacute; mesmo?&nbsp;<\/p>\r\n\r\n\r\n\r\n<p>Diante do aumento do n&uacute;mero de pessoas com infec&ccedil;&otilde;es virais, incluindo uma nova onda de covid em novembro, segundo os dados da <a href=\"https:\/\/gitlab.fiocruz.br\/marcelo.gomes\/infogripe\/-\/blob\/master\/Boletins%20do%20InfoGripe\/Resumo_InfoGripe_atual.pdf\" target=\"_blank\" rel=\"noreferrer noopener nofollow\">Fiocruz<\/a>, surgem as d&uacute;vidas: <strong>quais s&atilde;o os sintomas de cada uma dessas doen&ccedil;as? E o que fazer?<\/strong>&nbsp;<\/p>\r\n\r\n\r\n\r\n<p>O primeiro passo &eacute; entender o inimigo mais comum no momento. <\/p>\r\n\r\n\r\n\r\n<p>De acordo com dados do <a href=\"https:\/\/gitlab.fiocruz.br\/marcelo.gomes\/infogripe\/-\/blob\/master\/Boletins%20do%20InfoGripe\/Resumo_InfoGripe_atual.pdf\" target=\"_blank\" rel=\"noreferrer noopener nofollow\">boletim InfoGripe<\/a>, desenvolvido pela Fiocruz, de todas as infec&ccedil;&otilde;es respirat&oacute;rias identificadas no Brasil nas &uacute;ltimas quatro semanas, 47% foram causadas pelo v&iacute;rus Sars-CoV-2, que provoca a covid-19. Em outubro, por exemplo, era o v&iacute;rus influenza, popularmente conhecido como v&iacute;rus da gripe &ndash; com predom&iacute;nio do subtipo H3N2.&nbsp;<\/p>\r\n\r\n\r\n\r\n<p>Mas, conforme explica Thiago Santos, m&eacute;dico de fam&iacute;lia e comunidade da Alice, o tratamento tanto para covid-19 como para gripe &eacute; o mesmo, seja qual for o v&iacute;rus causador.&nbsp;<\/p>\r\n\r\n\r\n\r\n<p>&ldquo;Para n&oacute;s, saber se &eacute; influenza ou se &eacute; coronav&iacute;rus n&atilde;o muda muito o contexto do tratamento, que foca no cuidado dos sintomas. Se a pessoa tiver um agravamento do quadro, a&iacute; sim vale diferenciar&rdquo;, explica.&nbsp;<\/p>\r\n\r\n\r\n\r\n<p>De todo modo, &eacute; importante tomar cuidado para n&atilde;o passar a doen&ccedil;a adiante, seja ela gripe ou covid-19.<\/p>\r\n\r\n\r\n\r\n<h2 class=\"wp-block-heading\">Covid-19 e gripe: quais s&atilde;o os sintomas?<\/h2>\r\n\r\n\r\n\r\n<p>Tanto a covid-19 (causada pelo v&iacute;rus coronav&iacute;rus) quanto a gripe (causada pelo v&iacute;rus influenza) t&ecirc;m sintomas muito parecidos &ndash; e por isso &eacute; mais comum que os profissionais da sa&uacute;de se refiram a essas doen&ccedil;as sob o termo gen&eacute;rico de s&iacute;ndrome gripal.<\/p>\r\n\r\n\r\n\r\n<p>Segundo o <a href=\"https:\/\/bvsms.saude.gov.br\/bvs\/cartazes\/sindrome_gripal_classificacao_risco_manejo.pdf\" target=\"_blank\" rel=\"noreferrer noopener nofollow\">Minist&eacute;rio da Sa&uacute;de<\/a>, para identificar uma <strong>s&iacute;ndrome gripal<\/strong>, a pessoa deve ter febre e mais dois dos seguintes sintomas:&nbsp;<\/p>\r\n\r\n\r\n\r\n<ul class=\"wp-block-list\">\r\n<li>Dor de garganta;<\/li>\r\n\r\n\r\n\r\n<li>Tosse;<\/li>\r\n\r\n\r\n\r\n<li>Dor no corpo;<\/li>\r\n\r\n\r\n\r\n<li>Dor de cabe&ccedil;a;<\/li>\r\n\r\n\r\n\r\n<li>Coriza;<\/li>\r\n\r\n\r\n\r\n<li>Congest&atilde;o nasal;<\/li>\r\n\r\n\r\n\r\n<li>Calafrio;<\/li>\r\n\r\n\r\n\r\n<li>Altera&ccedil;&atilde;o no olfato ou paladar.<\/li>\r\n<\/ul>\r\n\r\n\r\n\r\n<p>Quem j&aacute; passou pela covid-19 ou pela gripe deve ter reconhecido a lista e, de acordo com Santos, alguns sintomas tendem a ser mais frequentes em cada doen&ccedil;a, embora n&atilde;o sejam exclusivos.&nbsp;<\/p>\r\n\r\n\r\n\r\n<p><strong>Covid-19<\/strong><\/p>\r\n\r\n\r\n\r\n<p>Al&eacute;m dos sintomas da lista acima, a pessoa com covid-19 costuma ter:<\/p>\r\n\r\n\r\n\r\n<ul class=\"wp-block-list\">\r\n<li>Febre mais baixa, em compara&ccedil;&atilde;o com a gripe;<\/li>\r\n\r\n\r\n\r\n<li>Perda de olfato e de paladar pode surgir, mas n&atilde;o &eacute; regra.<\/li>\r\n<\/ul>\r\n\r\n\r\n\r\n<p><strong>Influenza&nbsp;<\/strong><\/p>\r\n\r\n\r\n\r\n<p>Al&eacute;m dos sintomas da s&iacute;ndrome gripal listados acima, a pessoa com influenza costuma ter:<\/p>\r\n\r\n\r\n\r\n<ul class=\"wp-block-list\">\r\n<li>Sintomas que aparecem mais rapidamente, de s&uacute;bito;<\/li>\r\n\r\n\r\n\r\n<li>Febre alta;<\/li>\r\n\r\n\r\n\r\n<li>Espirro, congest&atilde;o nasal e coriza.<\/li>\r\n<\/ul>\r\n\r\n\r\n\r\n<h3 class=\"wp-block-heading\">Quem s&atilde;o os grupos de maior risco, como idosos e crian&ccedil;as<\/h3>\r\n\r\n\r\n\r\n<p>Alguns grupos exigem mais aten&ccedil;&atilde;o para o desenvolvimento de doen&ccedil;as mais graves (chamadas de S&iacute;ndrome Respirat&oacute;ria Aguda Grave, ou SRAG), como por exemplo:&nbsp;<\/p>\r\n\r\n\r\n\r\n<ul class=\"wp-block-list\">\r\n<li>Idosos;<\/li>\r\n\r\n\r\n\r\n<li>Crian&ccedil;as abaixo dos dois anos;<\/li>\r\n\r\n\r\n\r\n<li>Gestantes;&nbsp;<\/li>\r\n\r\n\r\n\r\n<li>Pessoas com doen&ccedil;as cr&ocirc;nicas.<\/li>\r\n<\/ul>\r\n\r\n\r\n\r\n<p>Isso acontece por diferentes motivos. No caso dos idosos, o sistema imunol&oacute;gico tende a se desregular com o passar da idade, o que prejudica a rea&ccedil;&atilde;o das c&eacute;lulas de defesa diante de novas amea&ccedil;as, como os v&iacute;rus causadores das infec&ccedil;&otilde;es respirat&oacute;rias. Essa caracter&iacute;stica &eacute; chamada de <a href=\"http:\/\/www.sbai.org.br\/revistas\/vol355\/Imunossenescencia.pdf\" target=\"_blank\" rel=\"noreferrer noopener nofollow\">imunossenesc&ecirc;ncia<\/a>. <\/p>\r\n\r\n\r\n\r\n<p>As crian&ccedil;as t&ecirc;m um sistema imune em desenvolvimento, que leva anos at&eacute; chegar &agrave; maturidade &ndash; atingida, normalmente, perto da adolesc&ecirc;ncia. Al&eacute;m dos anticorpos entregues via amamenta&ccedil;&atilde;o, a viv&ecirc;ncia com os microrganismos e a prote&ccedil;&atilde;o instigada pelas vacinas v&atilde;o contribuir para o fortalecimento do sistema imunol&oacute;gico, segundo informa&ccedil;&otilde;es da <a href=\"https:\/\/www.sbp.com.br\/imprensa\/detalhe\/nid\/como-aumentar-a-imunidade-do-bebe\/\" target=\"_blank\" rel=\"noreferrer noopener nofollow\">Sociedade Brasileira de Pediatria<\/a>. <\/p>\r\n\r\n\r\n\r\n<p>J&aacute; nas gestantes, a preocupa&ccedil;&atilde;o com a forma&ccedil;&atilde;o do beb&ecirc;, que pode ser visto como um &ldquo;corpo estranho&rdquo;{vale lembrar que ele &eacute; formado por 50% do DNA paterno}, pode diminuir a rea&ccedil;&atilde;o do sistema de defesa e abrir espa&ccedil;o para doen&ccedil;as mais graves. O mesmo acontece com as pessoas com doen&ccedil;as cr&ocirc;nicas. Seja por conta da condi&ccedil;&atilde;o ou do tratamento, o sistema imunol&oacute;gico tamb&eacute;m pode ser enfraquecido. <br><br>Os sintomas tamb&eacute;m podem mudar conforme a faixa et&aacute;ria, segundo o m&eacute;dico Thiago Santos. &ldquo;Idosos n&atilde;o apresentam uma temperatura mais alta, em geral, enquanto crian&ccedil;as normalmente t&ecirc;m um pico de febre e podem ter sintomas gastrointestinais, como diarreia, n&aacute;usea e v&ocirc;mito&rdquo;, detalha.<br><br>E, embora exista um risco maior de agravamento, h&aacute; medidas que ajudam na prote&ccedil;&atilde;o. &ldquo;Esses grupos de pessoas s&atilde;o vacinados primeiro contra a gripe todos os anos nas campanhas&rdquo;, lembra. <\/p>\r\n\r\n\r\n\r\n<p>Vale destacar que, desde setembro, a <a href=\"https:\/\/www.gov.br\/anvisa\/pt-br\/assuntos\/noticias-anvisa\/2022\/covid-19-anvisa-aprova-vacina-da-pfizer-para-criancas-entre-6-meses-e-4-anos#:~:text=A%20Anvisa%20aprovou%2C%20nesta%20sexta,Brasil%20para%20esta%20faixa%20et%C3%A1ria.\" target=\"_blank\" rel=\"noreferrer noopener\">Anvisa <\/a>(Ag&ecirc;ncia Nacional de Vigil&acirc;ncia Sanit&aacute;ria) libera o uso da vacina contra a covid-19 em crian&ccedil;as a partir dos seis meses de idade, e as <a href=\"https:\/\/www.capital.sp.gov.br\/noticia\/saude-alerta-para-a-importancia-de-vacinar-criancas-a-partir-dos-6-meses-contra-covid-19\" target=\"_blank\" rel=\"noreferrer noopener nofollow\">prefeituras<\/a> t&ecirc;m chamado a popula&ccedil;&atilde;o e orientado sobre a import&acirc;ncia do imunizante.<\/p>\r\n\r\n\r\n\r\n<h2 class=\"wp-block-heading\">Estou com sintomas de gripe ou covid-19, o que fazer?<\/h2>\r\n\r\n\r\n\r\n<p>Seja gripe ou covid-19, a maior preocupa&ccedil;&atilde;o deve ser cuidar e monitorar os sintomas, al&eacute;m de evitar transmitir a doen&ccedil;a a outras pessoas.&nbsp;<\/p>\r\n\r\n\r\n\r\n<p>Para isso, alguns cuidados s&atilde;o fundamentais, segundo lembra Oliveira. &ldquo;Aprendemos nos &uacute;ltimos anos a priorizar a etiqueta quando temos qualquer sintoma respirat&oacute;rio, e isso engloba usar a m&aacute;scara, higienizar as m&atilde;os e manter distanciamento&rdquo;, explica.<\/p>\r\n\r\n\r\n\r\n<p>Vale tamb&eacute;m manter a carteirinha de vacina&ccedil;&atilde;o em dia. Isso diminui o risco de complica&ccedil;&otilde;es, j&aacute; que a imuniza&ccedil;&atilde;o contribui para a produ&ccedil;&atilde;o de <a href=\"https:\/\/alice.com.br\/blog\/sua-saude\/imunidade-baixa-como-a-defesa-do-corpo-age\/\" target=\"_blank\" rel=\"noreferrer noopener\">anticorpos <\/a>por cerca de seis meses &ndash; que &eacute; o tempo ideal at&eacute; passar as temporadas mais frias do ano.<\/p>\r\n\r\n\r\n\r\n<p>Segundo Santos, de forma geral, o foco do cuidado n&atilde;o &eacute; usar medicamentos contra o v&iacute;rus, mas aliviar os sintomas para que o <a href=\"https:\/\/alice.com.br\/blog\/sua-saude\/o-que-fazer-para-fortalecer-a-imunidade\/\" target=\"_blank\" rel=\"noreferrer noopener\">sistema imunol&oacute;gico<\/a> d&ecirc; conta da batalha sozinho {e ele consegue!}.&nbsp;<\/p>\r\n\r\n\r\n\r\n<p>&ldquo;Se a pessoa tiver febre, pode tomar um antit&eacute;rmico. No caso da congest&atilde;o, deve-se fazer a <a href=\"https:\/\/alice.com.br\/blog\/sua-saude\/como-aliviar-rinite-habitos\/\" target=\"_blank\" rel=\"noreferrer noopener\">lavagem nasal<\/a>. Se tiver dor no corpo, pode tomar analg&eacute;sico. &Eacute; preciso ir avaliando se h&aacute; sinais de piora ao longo do tempo&rdquo;, detalha o m&eacute;dico. Entre 5 a 10 dias, a doen&ccedil;a tende a ir embora.&nbsp;<\/p>\r\n\r\n\r\n\r\n<h2 class=\"wp-block-heading\">Como deve ser o isolamento em caso de covid-19 <\/h2>\r\n\r\n\r\n\r\n<p>Segundo o <a href=\"https:\/\/www.gov.br\/saude\/pt-br\/assuntos\/noticias\/2022\/janeiro\/ministerio-da-saude-reduz-para-7-dias-o-isolamento-de-casos-por-covid-19\" target=\"_blank\" rel=\"noreferrer noopener nofollow\">Minist&eacute;rio da Sa&uacute;de<\/a>, o isolamento pode ser de 5, 7 ou 10 dias. Entenda as diferen&ccedil;as:<\/p>\r\n\r\n\r\n\r\n<p><strong>5 dias<\/strong><\/p>\r\n\r\n\r\n\r\n<p>Para sair do isolamento no 5&ordm; dia, &eacute; preciso n&atilde;o ter mais sintomas respirat&oacute;rios e febre h&aacute; pelo menos 24 horas, sem o uso de antit&eacute;rmicos, e realizar testagem (RT-PCR ou teste r&aacute;pido de ant&iacute;geno) para covid-19 com resultado negativo. Se o resultado for positivo, &eacute; necess&aacute;rio permanecer em isolamento por 10 dias a contar do in&iacute;cio dos sintomas.<\/p>\r\n\r\n\r\n\r\n<p><strong>7 dias<\/strong><\/p>\r\n\r\n\r\n\r\n<p>O isolamento pode ser de 7 dias desde que a pessoa n&atilde;o apresente sintomas respirat&oacute;rios e febre h&aacute; pelo menos 24 horas sem o uso de antit&eacute;rmicos. N&atilde;o &eacute; necess&aacute;rio fazer teste nesse caso.<\/p>\r\n\r\n\r\n\r\n<p>Se a pessoa ainda tiver sintomas no 7&ordm; dia, &eacute; preciso fazer o teste. Caso o resultado seja negativo, a pessoa dever&aacute; aguardar 24 horas sem sintomas respirat&oacute;rios e febre, e sem o uso de antit&eacute;rmico, para sair do isolamento. <\/p>\r\n\r\n\r\n\r\n<p>Com o diagn&oacute;stico positivo, dever&aacute; ser mantido o isolamento por pelo menos 10 dias contados a partir do in&iacute;cio dos sintomas, e o isolamento s&oacute; pode acabar desde que n&atilde;o haja mais sintomas respirat&oacute;rios e febre h&aacute; pelo menos 24h.<\/p>\r\n\r\n\r\n<p class=\"embed embed--16by9\"><iframe loading=\"lazy\" title=\"Lavagem nasal para aliviar o nariz entupido\" width=\"500\" height=\"281\" src=\"https:\/\/www.youtube.com\/embed\/6R84jofE7pI?feature=oembed\" frameborder=\"0\" allow=\"accelerometer; autoplay; clipboard-write; encrypted-media; gyroscope; picture-in-picture; web-share\" referrerpolicy=\"strict-origin-when-cross-origin\" allowfullscreen><\/iframe><\/p>\r\n\r\n\r\n<h2 class=\"wp-block-heading\">Influenza, H1N1, H3N2, gripe: qual &eacute; a diferen&ccedil;a?<\/h2>\r\n\r\n\r\n\r\n<p>Antes de confundir os nomes, vale uma explica&ccedil;&atilde;o. Influenza &eacute; o nome dado ao v&iacute;rus causador da gripe comum, e se divide em quatro tipos:&nbsp;<\/p>\r\n\r\n\r\n\r\n<ul class=\"wp-block-list\">\r\n<li>A;<\/li>\r\n\r\n\r\n\r\n<li>B;<\/li>\r\n\r\n\r\n\r\n<li>C;<\/li>\r\n\r\n\r\n\r\n<li>D.<\/li>\r\n<\/ul>\r\n\r\n\r\n\r\n<p>Os tipos que mais impactam a sa&uacute;de s&atilde;o A e B, mas &eacute; mais f&aacute;cil reconhec&ecirc;-los por outros nomes: H1N1 e H3N2, por exemplo, s&atilde;o variantes (ou subtipos) do v&iacute;rus influenza A, enquanto Yamagata e Victoria s&atilde;o as linhagens derivadas do influenza B.<\/p>\r\n\r\n\r\n\r\n<p>Assim como o coronav&iacute;rus que, de tempos em tempos, apresenta novas variantes {gamma, delta e &ocirc;micron soam familiar?}, o v&iacute;rus da influenza tamb&eacute;m sofre altera&ccedil;&otilde;es gen&eacute;ticas e d&aacute; origem &agrave;s variantes, como no caso do H1N1 e H3N2.&nbsp;<\/p>\r\n\r\n\r\n\r\n<p>Aline Oliveira, m&eacute;dica de fam&iacute;lia e comunidade da Alice, explica que as variantes s&atilde;o vers&otilde;es modificadas do v&iacute;rus original e que podem gerar caracter&iacute;sticas diferentes na doen&ccedil;a. &ldquo;Sabemos que o H1N1 pode evoluir para uma s&iacute;ndrome respirat&oacute;ria aguda grave (SRAG) com mais frequ&ecirc;ncia que o H3N2, por exemplo&rdquo;, explica.&nbsp;<\/p>\r\n\r\n\r\n\r\n<h3 class=\"wp-block-heading\">Vacina contra a gripe\/influenza<\/h3>\r\n\r\n\r\n\r\n<p>E a gripe? &Eacute; o nome da doen&ccedil;a aguda do sistema respirat&oacute;rio que pode ser causada por todos esses v&iacute;rus. Por ser sazonal (ou que tende a surgir com mais frequ&ecirc;ncia em determinadas &eacute;pocas), as variantes podem mudar a cada ano &ndash; e &eacute; o que acontece, j&aacute; que as vacinas s&atilde;o adaptadas para os v&iacute;rus que estiverem em maior circula&ccedil;&atilde;o.&nbsp;<\/p>\r\n\r\n\r\n\r\n<p>Todos os anos, as ag&ecirc;ncias de vigil&acirc;ncia sanit&aacute;ria regionais enviam para a OMS (Organiza&ccedil;&atilde;o Mundial da Sa&uacute;de) informa&ccedil;&otilde;es sobre as variantes do influenza mais frequentes. Depois de analisar os dados, a entidade divulga suas recomenda&ccedil;&otilde;es sobre quais v&iacute;rus devem ser prevenidos e isso acontece em dois momentos: em fevereiro e em setembro, de acordo com a chegada das esta&ccedil;&otilde;es mais frias em cada hemisf&eacute;rio.<\/p>\r\n\r\n\r\n\r\n<p>No dia 23 de setembro, por exemplo, a <a href=\"https:\/\/www.who.int\/news\/item\/23-09-2022-new-recommendations-for-the-composition-of-influenza-vaccines-in-2023-for-the-southern-hemisphere\" target=\"_blank\" rel=\"noreferrer noopener nofollow\">OMS <\/a>recomendou que, para a temporada de inverno de 2023 dos pa&iacute;ses do hemisf&eacute;rio Sul, a popula&ccedil;&atilde;o seja protegida contra:&nbsp;<\/p>\r\n\r\n\r\n\r\n<ul class=\"wp-block-list\">\r\n<li>Influenza A (H1N1);<\/li>\r\n\r\n\r\n\r\n<li>Influenza A (H3N2);<\/li>\r\n\r\n\r\n\r\n<li>Influenza B (linhagem Victoria);<\/li>\r\n\r\n\r\n\r\n<li>Influenza B (linhagem Yamagata).<\/li>\r\n<\/ul>\r\n\r\n\r\n\r\n<p>As <a href=\"https:\/\/www.gov.br\/saude\/pt-br\/assuntos\/saude-de-a-a-z\/c\/calendario-nacional-de-vacinacao\/arquivos\/informe-da-24a-campanha-nacional-de-vacinacao-contra-a-influenza.pdf\" target=\"_blank\" rel=\"noreferrer noopener nofollow\">campanhas de vacina&ccedil;&atilde;o<\/a> no Brasil come&ccedil;am meses antes do inverno chegar {para dar tempo de proteger todo mundo} e priorizam alguns grupos, como crian&ccedil;as, idosos, profissionais da sa&uacute;de, professores, gestantes, povos ind&iacute;genas, profissionais de for&ccedil;as de seguran&ccedil;a e salvamento, al&eacute;m de for&ccedil;as armadas e pessoas com doen&ccedil;as cr&ocirc;nicas. Isso n&atilde;o impede que todo mundo busque a vacina&ccedil;&atilde;o, seja pela amplia&ccedil;&atilde;o do p&uacute;blico-alvo ou via rede particular.&nbsp;&nbsp;&nbsp;<\/p>\r\n\r\n\r\n\r\n<h3 class=\"wp-block-heading\">Gripe mal curada: como tratar?<\/h3>\r\n\r\n\r\n\r\n<p>Se os sintomas ultrapassam o prazo de 10 dias ou se pioram com um desconforto respirat&oacute;rio, falta de ar, febre que n&atilde;o passa com rem&eacute;dio e mal-estar geral, esses s&atilde;o sinais que devem gerar um alerta, de acordo com Oliveira.&nbsp;<\/p>\r\n\r\n\r\n\r\n<p>&ldquo;&Eacute; comum o termo &lsquo;gripe mal curada&rsquo; nesses casos, mas n&atilde;o se trata disso. O quadro infeccioso pode dar espa&ccedil;o para uma infec&ccedil;&atilde;o bacteriana secund&aacute;ria e gerar uma sinusite, nos adultos, ou pneumonia, nas crian&ccedil;as e adultos&rdquo;, explica a m&eacute;dica.&nbsp;<\/p>\r\n\r\n\r\n\r\n<p>Infec&ccedil;&otilde;es causadas por bact&eacute;rias, ao contr&aacute;rio dos v&iacute;rus, exigem um tratamento espec&iacute;fico com medicamentos antibi&oacute;ticos. &ldquo;Por isso &eacute; importante acompanhar a evolu&ccedil;&atilde;o da doen&ccedil;a, que &eacute; o que fazemos via o <a href=\"https:\/\/alice.com.br\/blog\/gestora-de-saude\/alice-agora-atendimento-online\/\" target=\"_blank\" rel=\"noreferrer noopener\">Alice Agora<\/a>&rdquo;, detalha Oliveira.<\/p>\r\n<html><body><div class=\"cta cta--post--slim_withlogo\">\n\t\t\t\t\t\t\t\t\t<a href=\"https:\/\/alice.com.br\/\">\n\t\t\t\t\t\t\t\t\t<div class=\"logo\">\n\t\t\t\t\t\t\t\t\t\t<img src=\"https:\/\/alice.com.br\/blog\/wp-content\/themes\/arada\/dist\/images\/alice.svg\" width=\"288\" height=\"150\" aria-label=\"hidden\">\n\t\t\t\t\t\t\t\t\t<\/div>\n\t\t\t\t\t\t\t\t\t<span class=\"title\">Conhe&ccedil;a a Alice<\/span><span class=\"icon icon--arrow_right\"><\/span><\/a>\n\t\t\t\t\t\t\t\t<\/div><\/body><\/html><\/body><\/html>\n","protected":false},"excerpt":{"rendered":"Monitorar os sinais e evitar a transmiss\u00e3o da doen\u00e7a, seja qual for, s\u00e3o passos essenciais diante do aumento de casos.\n","protected":false},"author":21,"featured_media":5014,"comment_status":"closed","ping_status":"closed","sticky":false,"template":"","format":"standard","meta":{"_acf_changed":false,"footnotes":""},"categories":[5],"tags":[92],"class_list":["post-5004","post","type-post","status-publish","format-standard","has-post-thumbnail","hentry","category-sua-saude","tag-bem-estar"],"acf":[],"_links":{"self":[{"href":"https:\/\/alice.com.br\/blog\/wp-json\/wp\/v2\/posts\/5004","targetHints":{"allow":["GET"]}}],"collection":[{"href":"https:\/\/alice.com.br\/blog\/wp-json\/wp\/v2\/posts"}],"about":[{"href":"https:\/\/alice.com.br\/blog\/wp-json\/wp\/v2\/types\/post"}],"author":[{"embeddable":true,"href":"https:\/\/alice.com.br\/blog\/wp-json\/wp\/v2\/users\/21"}],"replies":[{"embeddable":true,"href":"https:\/\/alice.com.br\/blog\/wp-json\/wp\/v2\/comments?post=5004"}],"version-history":[{"count":25,"href":"https:\/\/alice.com.br\/blog\/wp-json\/wp\/v2\/posts\/5004\/revisions"}],"predecessor-version":[{"id":13393,"href":"https:\/\/alice.com.br\/blog\/wp-json\/wp\/v2\/posts\/5004\/revisions\/13393"}],"wp:featuredmedia":[{"embeddable":true,"href":"https:\/\/alice.com.br\/blog\/wp-json\/wp\/v2\/media\/5014"}],"wp:attachment":[{"href":"https:\/\/alice.com.br\/blog\/wp-json\/wp\/v2\/media?parent=5004"}],"wp:term":[{"taxonomy":"category","embeddable":true,"href":"https:\/\/alice.com.br\/blog\/wp-json\/wp\/v2\/categories?post=5004"},{"taxonomy":"post_tag","embeddable":true,"href":"https:\/\/alice.com.br\/blog\/wp-json\/wp\/v2\/tags?post=5004"}],"curies":[{"name":"wp","href":"https:\/\/api.w.org\/{rel}","templated":true}]}}