{"id":5789,"date":"2021-12-27T17:48:00","date_gmt":"2021-12-27T20:48:00","guid":{"rendered":"https:\/\/blog.alice.com.br\/?p=5789"},"modified":"2023-09-20T17:23:52","modified_gmt":"2023-09-20T20:23:52","slug":"vitamina-d-para-que-serve-beneficios","status":"publish","type":"post","link":"https:\/\/alice.com.br\/blog\/sua-saude\/vitamina-d-para-que-serve-beneficios\/","title":{"rendered":"Vitamina D: veja para que serve, benef\u00edcios e como tomar"},"content":{"rendered":"<html><body><p>S&oacute; no Brasil, 7,5 milh&otilde;es de pessoas acima dos 50 anos t&ecirc;m insufici&ecirc;ncia de vitamina D, segundo estudo publicado pela revista cient&iacute;fica <a href=\"https:\/\/www.nature.com\/articles\/s41598-020-70329-y\" target=\"_blank\" rel=\"nofollow noopener\">Nature<\/a>. Bastante gente, n&eacute;?&nbsp;<\/p>\r\n<p>Pulando para o mundo inteiro, o n&uacute;mero de pessoas com defici&ecirc;ncia dessa vitamina chega a 1 bilh&atilde;o.&nbsp;<\/p>\r\n<p>Entendendo por que a vitamina D &eacute; t&atilde;o importante para o corpo, voc&ecirc; tamb&eacute;m perceber&aacute; que &eacute; preocupante que exista tanta gente com defici&ecirc;ncia desse nutriente.&nbsp;<\/p>\r\n<p>Por outro lado, tamb&eacute;m h&aacute; muita desinforma&ccedil;&atilde;o a respeito da vitamina D. Com tantas informa&ccedil;&otilde;es desencontradas, fomos atr&aacute;s do que a ci&ecirc;ncia diz a respeito.<\/p>\r\n<h2>O que &eacute; a vitamina D?<\/h2>\r\n<p>A vitamina D &eacute; uma vitamina lipossol&uacute;vel (sol&uacute;vel em gordura) usada pelo corpo para o desenvolvimento e a manuten&ccedil;&atilde;o dos ossos. Ela &eacute; armazenada especialmente no f&iacute;gado.<\/p>\r\n<h2>Para que serve a vitamina D?<\/h2>\r\n<p>Ela promove a absor&ccedil;&atilde;o de c&aacute;lcio no intestino e mant&eacute;m as concentra&ccedil;&otilde;es s&eacute;ricas de c&aacute;lcio e fosfato adequadas para a mineraliza&ccedil;&atilde;o &oacute;ssea e preven&ccedil;&atilde;o da tetania hipocalc&ecirc;mica (contra&ccedil;&atilde;o involunt&aacute;ria dos m&uacute;sculos, que causam c&atilde;ibras e espasmos). Esses nutrientes tamb&eacute;m ajudam a manter os dentes saud&aacute;veis.&nbsp;<\/p>\r\n<p>Sem vitamina D suficiente, os ossos podem se tornar finos, quebradi&ccedil;os ou deformados. Ela tamb&eacute;m ajuda a proteger os adultos mais velhos da osteoporose.<\/p>\r\n<p>A vitamina D tem outras fun&ccedil;&otilde;es no corpo, incluindo redu&ccedil;&atilde;o de inflama&ccedil;&otilde;es, modula&ccedil;&atilde;o de processos como o crescimento celular, al&eacute;m de atuar nos sistemas neuromuscular e imunol&oacute;gico e no metabolismo da glicose.<\/p>\r\n<h2>Benef&iacute;cios da vitamina D<\/h2>\r\n<p>A vitamina D participa de tantas fun&ccedil;&otilde;es do corpo humano {e algumas ainda est&atilde;o sendo estudadas} que algumas pessoas defendem que ela opera milagres. Mas n&atilde;o &eacute; bem assim.&nbsp;<\/p>\r\n<p>Alguns estudos observaram que a falta de vitamina D tem efeitos negativos no corpo. Um deles, por exemplo, associou a defici&ecirc;ncia ao decl&iacute;nio cognitivo, mas n&atilde;o afirmou que a suplementa&ccedil;&atilde;o traria benef&iacute;cios para a sa&uacute;de cognitiva. Outros estudos s&atilde;o necess&aacute;rios para bater esse martelo.<\/p>\r\n<p>At&eacute; o momento, pode-se afirmar que os benef&iacute;cios da vitamina D incluem preservar o sistema osteomuscular e atuar na imunidade, no sistema cardiovascular e no sistema nervoso.<\/p>\r\n<h3>Diferen&ccedil;a entre vitamina D2 e D3<\/h3>\r\n<p>Vitamina D2 (ergocalciferol) e D3 (colecalciferol) s&atilde;o duas formas diferentes do nutriente.<\/p>\r\n<p>Tuca Baldan, nutricionista da Alice, conta que, apesar da suplementa&ccedil;&atilde;o poder ser feita com os dois tipos de vitamina D, a prefer&ecirc;ncia deve ser pela vitamina D3, por causa da efetividade.<\/p>\r\n<p>&ldquo;A forma mais recomendada para tratamento e suplementa&ccedil;&atilde;o &eacute; o colecalciferol ou vitamina D3, por ser mais efetiva quando se trata de aumentar suas taxas de vitamina D, segundo estudos&rdquo;, justifica.<\/p>\r\n<h2>Principais alimentos ricos em vitamina D<\/h2>\r\n<p>A melhor forma de obter vitamina D &eacute; tomando sol ou suplementando-a. Mas a alimenta&ccedil;&atilde;o tamb&eacute;m pode dar uma forcinha para alcan&ccedil;ar os n&iacute;veis adequados. Esses s&atilde;o os alimentos que fornecem vitamina D:<\/p>\r\n<ul>\r\n<li>Salm&atilde;o selvagem;<\/li>\r\n<li>Sardinha&nbsp;<\/li>\r\n<li>Atum enlatado;<\/li>\r\n<li>F&iacute;gado de boi;<\/li>\r\n<li>Gema de ovo;<\/li>\r\n<li>&Oacute;leo de f&iacute;gado de bacalhau;<\/li>\r\n<li>Cogumelos {sabia que eles sintetizam vitamina D quando expostos ao sol do mesmo jeito que humanos?}.<\/li>\r\n<\/ul>\r\n<h2>Quais os n&iacute;veis normais de vitamina D?<\/h2>\r\n<p>O n&iacute;vel normal de vitamina D no sangue &eacute; de 20 ng\/mL ou mais para pessoas saud&aacute;veis abaixo de 60 anos e de 30 ng\/mL a 60 ng\/mL para quem tem mais de 60 anos e grupos de risco, como gestantes e pessoas com doen&ccedil;as autoimunes.&nbsp;<\/p>\r\n<h3>Como medir o n&iacute;vel de vitamina D?<\/h3>\r\n<p>A quantidade de vitamina D de cada indiv&iacute;duo &eacute; medida por meio de exames, conforme a necessidade de cada pessoa.&nbsp;<\/p>\r\n<h2>Quais s&atilde;o os sintomas da falta de vitamina D no corpo?<\/h2>\r\n<p>Quando os n&iacute;veis de vitamina D est&atilde;o baixos, a taxa de c&aacute;lcio presente no organismo &eacute; reduzida, o que afeta negativamente a sa&uacute;de &oacute;ssea de crian&ccedil;as (podendo surgir o raquitismo) e em adultos, desenvolvendo osteopenia e osteoporose.<\/p>\r\n<p>Ela tamb&eacute;m est&aacute; relacionada com a maior propens&atilde;o do indiv&iacute;duo a infec&ccedil;&otilde;es, afinal, o sistema imunol&oacute;gico fica mais fragilizado.&nbsp;<\/p>\r\n<p>Portanto, a falta de vitamina D pode afetar a qualidade de vida e o bem-estar do indiv&iacute;duo&nbsp;<\/p>\r\n<p>Resumindo, esses s&atilde;o alguns dos sintomas da defici&ecirc;ncia de vitamina D, de acordo com a <a href=\"https:\/\/my.clevelandclinic.org\/health\/diseases\/15050-vitamin-d-vitamin-d-deficiency\" target=\"_blank\" rel=\"nofollow noopener\">Cleveland Clinic<\/a>:<\/p>\r\n<ul>\r\n<li>Cansa&ccedil;o;<\/li>\r\n<li>Dores nos ossos e nos m&uacute;sculos;<\/li>\r\n<li>Fraqueza m&uacute;scular;<\/li>\r\n<li>C&acirc;imbras;<\/li>\r\n<li>Mudan&ccedil;as de humor e depress&atilde;o.<\/li>\r\n<\/ul>\r\n<h2>A falta de vitamina D causa depress&atilde;o?<\/h2>\r\n<p>Esse nutriente participa da regula&ccedil;&atilde;o do sistema nervoso. Por isso, a defici&ecirc;ncia de vitamina D pode favorecer transtornos como a depress&atilde;o &mdash; mas n&atilde;o caus&aacute;-la.<\/p>\r\n<p>Um <a href=\"https:\/\/www.tandfonline.com\/doi\/full\/10.1080\/10408398.2022.2096560\" target=\"_blank\" rel=\"nofollow noopener\">estudo recente publicado na revista Critical Reviews in Food Science and Nutrition<\/a> usou duas metodologias padr&atilde;o ouro (revis&atilde;o sistem&aacute;tica de estudos cl&iacute;nicos randomizados) para entender se suplementar vitamina D ajudaria a lidar com sintomas depressivos em compara&ccedil;&atilde;o a placebos.&nbsp;<\/p>\r\n<p>A an&aacute;lise apontou que a suplementa&ccedil;&atilde;o pode, sim, reduzir os sintomas da depress&atilde;o, mas os pesquisadores afirmaram que os resultados t&ecirc;m &ldquo;certeza muito baixa&rdquo;.&nbsp;<\/p>\r\n<p>Na d&uacute;vida, converse com um profissional de sa&uacute;de para entender se a suplementa&ccedil;&atilde;o traria vantagens no seu caso. &Eacute; importante ressaltar que a vitamina D n&atilde;o substitui outros <a href=\"https:\/\/alice.com.br\/blog\/sua-saude\/como-lidar-depressao\/\">tratamentos para depress&atilde;o<\/a>, como terapia e medica&ccedil;&atilde;o.<\/p>\r\n<h2>Vitamina D e imunidade<\/h2>\r\n<p>A ci&ecirc;ncia j&aacute; comprovou que a <a href=\"https:\/\/www.ncbi.nlm.nih.gov\/pmc\/articles\/PMC3166406\/\" target=\"_blank\" rel=\"nofollow noopener\">defici&ecirc;ncia de vitamina D &eacute; prevalente em doen&ccedil;as autoimunes<\/a>, como diabetes tipo 1 e esclerose m&uacute;ltipla, e doen&ccedil;as reumatol&oacute;gicas, como o l&uacute;pus e a artrite reumatoide<\/p>\r\n<p>Diversos estudos, entretanto, ainda investigam o papel da vitamina D na imunidade.&nbsp;<\/p>\r\n<p>Cientistas descobriram, por exemplo, a presen&ccedil;a do receptor da vitamina D em quase todas as c&eacute;lulas do sistema imunol&oacute;gico, <a href=\"https:\/\/www.ncbi.nlm.nih.gov\/pmc\/articles\/PMC7281985\/\" target=\"_blank\" rel=\"nofollow noopener\">segundo artigo cient&iacute;fico publicado em 2020<\/a>.&nbsp;<\/p>\r\n<p><a href=\"https:\/\/www.cambridge.org\/core\/journals\/proceedings-of-the-nutrition-society\/article\/vitamin-d-and-immune-function-an-overview\/302152110AEE222430F44164E53FEA90\" target=\"_blank\" rel=\"nofollow noopener\">Outra an&aacute;lise<\/a> sugere que a vitamina D &eacute; um fator-chave para ligar a imunidade inata &agrave; imunidade adaptativa.&nbsp;<\/p>\r\n<p>Tamb&eacute;m j&aacute; foi constatado que as c&eacute;lulas do sistema imunol&oacute;gico s&atilde;o capazes de sintetizar e responder &agrave; vitamina D, mas os pesquisadores ainda buscam entender os mecanismos dessa associa&ccedil;&atilde;o.&nbsp;<\/p>\r\n<p>De acordo com a <a href=\"https:\/\/www.hsph.harvard.edu\/nutritionsource\/vitamin-d\/\" target=\"_blank\" rel=\"nofollow noopener\">Escola de Sa&uacute;de P&uacute;blica de Harvard<\/a>, os ensaios cl&iacute;nicos que fornecem suplementos de vitamina D &agrave;s pessoas para afetar uma doen&ccedil;a espec&iacute;fica ainda s&atilde;o inconclusivos.<\/p>\r\n<p>Como ainda n&atilde;o h&aacute; indica&ccedil;&atilde;o cient&iacute;fica aprovada para prescri&ccedil;&atilde;o de suplementa&ccedil;&atilde;o de vitamina D visando efeitos al&eacute;m da sa&uacute;de &oacute;ssea, a <a href=\"https:\/\/www.endocrino.org.br\/nota-de-esclarecimento-vitamina-d-e-covid-19\/\" target=\"_blank\" rel=\"nofollow noopener\">Sociedade Brasileira de Endocrinologia e Metabologia<\/a> emitiu nota de esclarecimento, em que repudiou a prescri&ccedil;&atilde;o de altas doses de vitamina D como estrat&eacute;gia de imunidade frente &agrave; covid-19.<\/p>\r\n<h2>Quando suplementar vitamina D?<\/h2>\r\n<p>Os suplementos s&oacute; s&atilde;o indicados quando o n&iacute;vel de vitamina D est&aacute; abaixo do ideal para a idade ou quando a condi&ccedil;&atilde;o cl&iacute;nica requer a suplementa&ccedil;&atilde;o.&nbsp;<\/p>\r\n<p>Nesses casos, s&oacute; tomar sol n&atilde;o adianta. &ldquo;Quem est&aacute; com quantidades insuficientes precisa suplementar&rdquo;, orienta a <a href=\"https:\/\/alice.com.br\/rede-credenciada\/especialista\/dermatologia\/fabia-schalch\" target=\"_blank\" rel=\"noopener\">dermatologista Fabia Schalch, da Comunidade de Sa&uacute;de da Alice<\/a>.<\/p>\r\n<p>E quem determina quando &eacute; necess&aacute;rio? &ldquo;&Eacute; imprescind&iacute;vel consultar um profissional da sa&uacute;de de confian&ccedil;a para a prescri&ccedil;&atilde;o da dose adequada de suplementa&ccedil;&atilde;o para voc&ecirc;, de acordo com sua necessidade, exames avaliados e hist&oacute;rico de sa&uacute;de. A automedica&ccedil;&atilde;o &eacute; perigosa e pode causar danos para a sa&uacute;de&rdquo;, afirma Baldan.<\/p>\r\n<p>Algumas popula&ccedil;&otilde;es t&ecirc;m risco aumentado de defici&ecirc;ncia de vitamina D e precisam de aten&ccedil;&atilde;o:<\/p>\r\n<ul>\r\n<li>Gestantes;<\/li>\r\n<li>Idosos com hist&oacute;rico de fraturas;<\/li>\r\n<li>Pessoas com obesidade;<\/li>\r\n<li>Pessoas com pele escura (a melanina atua como barreira para a radia&ccedil;&atilde;o UVB necess&aacute;ria para a s&iacute;ntese da vitamina, como voc&ecirc; ver&aacute; adiante);<\/li>\r\n<li>Pacientes com doen&ccedil;a renal cr&ocirc;nica;<\/li>\r\n<li>Pacientes com s&iacute;ndromes de m&aacute;-absor&ccedil;&atilde;o (fibrose c&iacute;stica, doen&ccedil;a inflamat&oacute;ria intestinal, doen&ccedil;a de Crohn);<\/li>\r\n<li>Pacientes com raquitismo\/osteomal&aacute;cia, osteoporose e hiperparatiroidismo secund&aacute;rio.<\/li>\r\n<\/ul>\r\n<h2>Sol e vitamina D: grandes aliados<\/h2>\r\n<p>N&atilde;o &agrave; toa ela tamb&eacute;m &eacute; conhecida como a &ldquo;vitamina do sol&rdquo;: a vitamina D &eacute; produzida pelo corpo humano quando a pele &eacute; exposta &agrave; luz solar.&nbsp;<\/p>\r\n<h3>Produ&ccedil;&atilde;o de vitamina D pela pele<\/h3>\r\n<p>Para que essa s&iacute;ntese aconte&ccedil;a, os raios ultravioleta B (UVB) precisam atingir o colesterol nas c&eacute;lulas da pele, fornecendo a energia necess&aacute;ria para a produ&ccedil;&atilde;o.<\/p>\r\n<p>Fabia Schalch destaca que a fotoprote&ccedil;&atilde;o &eacute; sempre recomendada quando a pele fica em contato com os raios solares.&nbsp;<\/p>\r\n<p>&ldquo;Pessoas que n&atilde;o t&ecirc;m defici&ecirc;ncia de vitamina D e desejam fazer um banho de sol di&aacute;rio para manter os n&iacute;veis devem utilizar <a href=\"https:\/\/alice.com.br\/blog\/sua-saude\/como-escolher-melhor-protetor-solar\/\" target=\"_blank\" rel=\"noopener\">filtro solar<\/a>&rdquo;, afirma a dermatologista.&nbsp;&nbsp;<\/p>\r\n<p>Pesquisa realizada pela <a href=\"https:\/\/www.sbd-sp.org.br\/geral\/pesquisa-da-sbd-mostra-que-a-sintese-de-vitamina-d-nao-e-comprometida-pelo-uso-de-protetor-solar\/\" target=\"_blank\" rel=\"nofollow noopener\">Sociedade Brasileira de Dermatologia<\/a> constatou que a s&iacute;ntese de vitamina D n&atilde;o &eacute; comprometida pelo uso de protetor solar &mdash; important&iacute;ssimo para evitar queimaduras e prevenir o c&acirc;ncer de pele.<\/p>\r\n<h3>Por quanto tempo &eacute; necess&aacute;rio tomar sol?<\/h3>\r\n<p>O tempo de exposi&ccedil;&atilde;o varia de acordo com a regi&atilde;o em que se vive, ja que cada uma est&aacute; em uma latitude, o que varia sua posi&ccedil;&atilde;o frente ao sol.&nbsp;<\/p>\r\n<p>&ldquo;Os estudos dizem que a gente precisaria de 20 a 30 minutos de exposi&ccedil;&atilde;o durante o sol forte, n&atilde;o &eacute; aquele solzinho da manh&atilde;&rdquo;, diz a dermatologista da Comunidade de Sa&uacute;de da Alice.&nbsp;<\/p>\r\n<p><a href=\"https:\/\/pubmed.ncbi.nlm.nih.gov\/20072137\/\" target=\"_blank\" rel=\"nofollow noopener\">Pesquisadores do Reino Unido<\/a> estimaram que, por l&aacute;, expor diariamente 35% da superf&iacute;cie da pele ao sol, durante 13 minutos, perto do meio-dia, seria suficiente para atingir n&iacute;veis satisfat&oacute;rios de vitamina D no corpo.&nbsp;<\/p>\r\n<p>Estudos realizados na <a href=\"https:\/\/pubmed.ncbi.nlm.nih.gov\/24494046\/\" target=\"_blank\" rel=\"nofollow noopener\">&Iacute;ndia<\/a> e na <a href=\"https:\/\/pubmed.ncbi.nlm.nih.gov\/24494051\/\" target=\"_blank\" rel=\"nofollow noopener\">Ar&aacute;bia Saudita<\/a> apontaram o per&iacute;odo entre 11h e 14h como o mais favor&aacute;vel para a produ&ccedil;&atilde;o de vitamina D pelo corpo. J&aacute; em <a href=\"https:\/\/pubmed.ncbi.nlm.nih.gov\/19667143\/\">pa&iacute;ses situados em altas latitudes<\/a>, pode ser necess&aacute;rio um tempo maior de exposi&ccedil;&atilde;o ao sol.<\/p>\r\n<h2>Aten&ccedil;&atilde;o ao excesso de vitamina D<\/h2>\r\n<p>Tuca Baldan conta que valores acima de 100 ng\/mL s&atilde;o considerados t&oacute;xicos para o corpo. Por isso a automedica&ccedil;&atilde;o &eacute; t&atilde;o arriscada.&nbsp;<\/p>\r\n<p>&ldquo;As manifesta&ccedil;&otilde;es cl&iacute;nicas de toxicidade por vitamina D podem variar de sintomas leves a graves, envolvendo risco de vida&rdquo;, alerta.<\/p>\r\n<p>Doses excessivas de vitamina D podem causar at&eacute; risco de vida:<\/p>\r\n<ul>\r\n<li>Hipercalcemia (n&iacute;vel elevado de c&aacute;lcio no sangue);<\/li>\r\n<li>N&aacute;usea;<\/li>\r\n<li>V&ocirc;mitos;<\/li>\r\n<li>Fraqueza;<\/li>\r\n<li>Anorexia;<\/li>\r\n<li>Desidrata&ccedil;&atilde;o;<\/li>\r\n<li>Insufici&ecirc;ncia renal.&nbsp;<\/li>\r\n<\/ul>\r\n<h2>Posso tomar vitamina D todos os dias?<\/h2>\r\n<p>Quem determinar&aacute; a frequ&ecirc;ncia da suplementa&ccedil;&atilde;o &eacute; o profissional de sa&uacute;de que a receitou.&nbsp;<\/p>\r\n<h2>Qual o melhor hor&aacute;rio para tomar vitamina D?<\/h2>\r\n<p>N&atilde;o existe um melhor hor&aacute;rio para a suplementa&ccedil;&atilde;o. &ldquo;De maneira geral, &eacute; mais importante que as vitaminas sejam tomadas na melhor hora para o paciente, j&aacute; que isso ajuda a criar uma rotina e evita o esquecimento das doses de suplementa&ccedil;&atilde;o&rdquo;, ensina Tuca Baldan.<\/p>\r\n<h3>Como tomar vitamina D?<\/h3>\r\n<p>Tome a vitamina D seguindo a recomenda&ccedil;&atilde;o de um(a) profissional de sa&uacute;de. De prefer&ecirc;ncia, consuma-a com alimentos que contenham alguma fonte de gordura saud&aacute;vel. Como ela &eacute; uma vitamina lipossol&uacute;vel, ser&aacute; melhor absorvida pelo organismo dessa forma.<\/p>\r\n<h2>A vitamina D engorda?<\/h2>\r\n<p>N&atilde;o. Um estudo publicado na revista cient&iacute;fica <a href=\"https:\/\/www.ncbi.nlm.nih.gov\/pmc\/articles\/PMC9370694\/\">Nutrients<\/a> analisou mais de 3.600 pessoas por 10 anos e n&atilde;o encontrou nenhuma rela&ccedil;&atilde;o entre ganho de peso e vitamina D.<\/p>\r\n<h2>A vitamina D na terceira idade<\/h2>\r\n<p>Ap&oacute;s os 70 anos, a absor&ccedil;&atilde;o de vitamina D pela pele j&aacute; n&atilde;o &eacute; t&atilde;o eficaz, principalmente pelo afinamento e as mudan&ccedil;as no metabolismo da pele.<\/p>\r\n<p>&ldquo;Para essa popula&ccedil;&atilde;o, &eacute; uma ilus&atilde;o achar que a vitamina D ser&aacute; produzida apenas com a exposi&ccedil;&atilde;o ao sol. Se estiverem com defici&ecirc;ncia do nutriente, precisam suplementar via oral&rdquo;, afirma a dermatologista Fabia Schalch.&nbsp;<\/p>\r\n<p>Como a automedica&ccedil;&atilde;o n&atilde;o &eacute; recomendada em nenhuma idade, &eacute; importante ter o acompanhamento de um profissional da sa&uacute;de.&nbsp;<\/p><html><body><h2>Alice tem o plano de sa&uacute;de certo para a sua empresa!<\/h2>\n<p>Alice &eacute; uma empresa de tecnologia que oferece planos de sa&uacute;de empresarial e tem a miss&atilde;o de tornar o mundo mais saud&aacute;vel. Nossa plataforma de cuidado cont&iacute;nuo garante que os nossos membros recebam o cuidado certo, na hora certa e no lugar certo, proporcionando uma experi&ecirc;ncia excepcional para eles.<\/p>\n<p>Nossos planos t&ecirc;m cobertura nacional completa, assim como o atendimento e a experi&ecirc;ncia &uacute;nica do Alice Agora, parceiro de sa&uacute;de confi&aacute;vel para todas as horas, direto no app. Fale com o Time de Sa&uacute;de 24\/7, receba resposta em at&eacute; 60 segundos e, se precisar, j&aacute; fa&ccedil;a uma consulta virtual com nossa equipe m&eacute;dica.<\/p>\n<p>Alice tamb&eacute;m tem suporte completo ao seu RH, com dados estrat&eacute;gicos para sua gest&atilde;o &ndash; desde reports de sa&uacute;de populacional at&eacute; de custo de cuidado &ndash;, onboarding exclusivo e account manager dedicado.<\/p>\n<p>Veja como Alice cuida do seu time e do seu or&ccedil;amento.<\/p>\n<html><body><div class=\"cta cta--post--slim_withlogo\">\n\t\t\t\t\t\t\t\t\t<a href=\"https:\/\/alice.com.br\/simulador\">\n\t\t\t\t\t\t\t\t\t<div class=\"logo\">\n\t\t\t\t\t\t\t\t\t\t<img src=\"https:\/\/alice.com.br\/blog\/wp-content\/themes\/arada\/dist\/images\/alice.svg\" width=\"288\" height=\"150\" aria-label=\"hidden\">\n\t\t\t\t\t\t\t\t\t<\/div>\n\t\t\t\t\t\t\t\t\t<span class=\"title\">Fa&ccedil;a uma Cota&ccedil;&atilde;o<\/span><span class=\"icon icon--arrow_right\"><\/span><\/a>\n\t\t\t\t\t\t\t\t<\/div><\/body><\/html><\/body><\/html><\/body><\/html>\n","protected":false},"excerpt":{"rendered":"Como saber que estou com defici\u00eancia de vitamina D? Quem precisa suplementar? Qual a rela\u00e7\u00e3o dela com depress\u00e3o e imunidade? Tire essas e outras d\u00favidas\r\n","protected":false},"author":5,"featured_media":15204,"comment_status":"closed","ping_status":"closed","sticky":false,"template":"","format":"standard","meta":{"_acf_changed":false,"footnotes":""},"categories":[5],"tags":[75,130,92],"class_list":["post-5789","post","type-post","status-publish","format-standard","has-post-thumbnail","hentry","category-sua-saude","tag-alimentacao","tag-atividade-fisica","tag-bem-estar"],"acf":[],"_links":{"self":[{"href":"https:\/\/alice.com.br\/blog\/wp-json\/wp\/v2\/posts\/5789","targetHints":{"allow":["GET"]}}],"collection":[{"href":"https:\/\/alice.com.br\/blog\/wp-json\/wp\/v2\/posts"}],"about":[{"href":"https:\/\/alice.com.br\/blog\/wp-json\/wp\/v2\/types\/post"}],"author":[{"embeddable":true,"href":"https:\/\/alice.com.br\/blog\/wp-json\/wp\/v2\/users\/5"}],"replies":[{"embeddable":true,"href":"https:\/\/alice.com.br\/blog\/wp-json\/wp\/v2\/comments?post=5789"}],"version-history":[{"count":15,"href":"https:\/\/alice.com.br\/blog\/wp-json\/wp\/v2\/posts\/5789\/revisions"}],"predecessor-version":[{"id":16353,"href":"https:\/\/alice.com.br\/blog\/wp-json\/wp\/v2\/posts\/5789\/revisions\/16353"}],"wp:featuredmedia":[{"embeddable":true,"href":"https:\/\/alice.com.br\/blog\/wp-json\/wp\/v2\/media\/15204"}],"wp:attachment":[{"href":"https:\/\/alice.com.br\/blog\/wp-json\/wp\/v2\/media?parent=5789"}],"wp:term":[{"taxonomy":"category","embeddable":true,"href":"https:\/\/alice.com.br\/blog\/wp-json\/wp\/v2\/categories?post=5789"},{"taxonomy":"post_tag","embeddable":true,"href":"https:\/\/alice.com.br\/blog\/wp-json\/wp\/v2\/tags?post=5789"}],"curies":[{"name":"wp","href":"https:\/\/api.w.org\/{rel}","templated":true}]}}