{"id":5909,"date":"2022-01-26T15:57:00","date_gmt":"2022-01-26T18:57:00","guid":{"rendered":"https:\/\/blog.alice.com.br\/?p=5909"},"modified":"2025-08-21T08:55:28","modified_gmt":"2025-08-21T11:55:28","slug":"sono-rem-que-e-importancia","status":"publish","type":"post","link":"https:\/\/alice.com.br\/blog\/sua-saude\/sono-rem-que-e-importancia\/","title":{"rendered":"O que \u00e9 o Sono REM e por que ele \u00e9 importante? Entenda"},"content":{"rendered":"<html><body><p>Dormir &eacute; uma necessidade humana. O sono &eacute; um processo natural de redu&ccedil;&atilde;o da consci&ecirc;ncia e das atividades corporais para a recupera&ccedil;&atilde;o de energia e a regula&ccedil;&atilde;o de fun&ccedil;&otilde;es vitais do organismo.<\/p>\r\n\r\n\r\n\r\n<p>Os <a href=\"https:\/\/www.ninds.nih.gov\/Disorders\/Patient-Caregiver-Education\/Understanding-Sleep\" target=\"_blank\" rel=\"noreferrer noopener nofollow\">ciclos do sono<\/a> s&atilde;o designados pela sigla REM, que significa Rapid Eye Movement (movimento r&aacute;pido dos olhos), e s&atilde;o divididos em fases:<\/p>\r\n\r\n\r\n\r\n<h2 class=\"wp-block-heading\">Vamos come&ccedil;ar pelo Sono n&atilde;o-REM<\/h2>\r\n\r\n\r\n\r\n<h3 class=\"wp-block-heading\">Est&aacute;gio 1 &ndash; adormecimento<\/h3>\r\n\r\n\r\n\r\n<p>H&aacute; uma transi&ccedil;&atilde;o entre estar acordado e dormindo. Os m&uacute;sculos relaxam, os movimentos dos olhos ficam lentos, a frequ&ecirc;ncia card&iacute;aca come&ccedil;a a diminuir e a respira&ccedil;&atilde;o fica mais leve. As ondas cerebrais come&ccedil;am a diminuir.<\/p>\r\n\r\n\r\n\r\n<h3 class=\"wp-block-heading\">Est&aacute;gio 2 &ndash;&nbsp; sono leve<\/h3>\r\n\r\n\r\n\r\n<p>Os batimentos card&iacute;acos e a respira&ccedil;&atilde;o diminuem, os m&uacute;sculos relaxam ainda mais, a temperatura do corpo cai e os movimentos dos olhos param. A atividade das ondas cerebrais diminui, se desconectando de est&iacute;mulos externos.&nbsp;<\/p>\r\n\r\n\r\n\r\n<h3 class=\"wp-block-heading\">Est&aacute;gio 3 &ndash; sono profundo<\/h3>\r\n\r\n\r\n\r\n<p>Os batimentos card&iacute;acos e a respira&ccedil;&atilde;o diminuem para os n&iacute;veis mais baixos. Os m&uacute;sculos ficam bem relaxados e as ondas cerebrais ficam muito lentas.<\/p>\r\n\r\n\r\n\r\n<h2 class=\"wp-block-heading\">Sono REM<\/h2>\r\n\r\n\r\n\r\n<h3 class=\"wp-block-heading\">Atividade cerebral<\/h3>\r\n\r\n\r\n\r\n<p>Os olhos se movem rapidamente de um lado para o outro por tr&aacute;s das p&aacute;lpebras fechadas. A atividade das ondas cerebrais de frequ&ecirc;ncia mista se torna mais pr&oacute;xima da observada quando estamos acordados. A respira&ccedil;&atilde;o fica mais r&aacute;pida e irregular, e a frequ&ecirc;ncia card&iacute;aca e a press&atilde;o arterial aumentam.&nbsp;<\/p>\r\n\r\n\r\n\r\n<p>Quando estamos dormindo, percorremos os est&aacute;gios do sono REM e n&atilde;o-REM v&aacute;rias vezes. Normalmente, o sono REM ocorre pela primeira vez cerca de 90 minutos ap&oacute;s o adormecer. Durante uma noite t&iacute;pica de descanso, os per&iacute;odos REM v&atilde;o se tornando cada vez mais longos e profundos.&nbsp;<\/p>\r\n\r\n\r\n\r\n<p>Para que o descanso noturno seja reparador, o ideal &eacute; que todas as etapas do sono sejam percorridas.<\/p>\r\n\r\n\r\n\r\n<p>&ldquo;Em geral, a gente precisa fazer entre cinco e seis ciclos de sono REM e N&Atilde;O-REM para ter uma <a href=\"https:\/\/alice.com.br\/blog\/sua-saude\/dicas-para-dormir-melhor\/\" target=\"_blank\" rel=\"noreferrer noopener\">boa noite de sono<\/a>, com <a href=\"https:\/\/alice.com.br\/blog\/sua-saude\/qualidade-do-sono-como-ter-sono-saudavel\/\" target=\"_blank\" rel=\"noreferrer noopener\">qualidade<\/a>&rdquo;, afirma o m&eacute;dico Vin&iacute;cius Ynoe de Moraes, da <a href=\"https:\/\/alice.com.br\/\" target=\"_blank\" rel=\"noreferrer noopener\">comunidade de sa&uacute;de da Alice<\/a>.&nbsp;<\/p>\r\n\r\n\r\n\r\n<p><strong>&gt;&gt;<\/strong> <a href=\"https:\/\/alice.com.br\/blog\/sua-saude\/tecnica-4-7-8-para-dormir-como-funciona\/\" target=\"_blank\" rel=\"noreferrer noopener\">T&eacute;cnica 4-7-8 para dormir: veja como funciona e como fazer<\/a><\/p>\r\n\r\n\r\n\r\n<h2 class=\"wp-block-heading\">Por que o sono REM &eacute; importante?<\/h2>\r\n\r\n\r\n\r\n<p>O est&aacute;gio de sono REM &eacute; tamb&eacute;m conhecido como &ldquo;sono paradoxal&rdquo; ou &ldquo;sono dessincronizado&rdquo;, devido &agrave;s semelhan&ccedil;as fisiol&oacute;gicas com os per&iacute;odos em que estamos acordados.&nbsp;<\/p>\r\n\r\n\r\n\r\n<p>&Eacute; durante o sono REM que sonhamos. Os m&uacute;sculos do bra&ccedil;o e da perna ficam temporariamente paralisados, enquanto o c&eacute;rebro permanece ativo.<\/p>\r\n\r\n\r\n\r\n<p><a href=\"https:\/\/www.ncbi.nlm.nih.gov\/books\/NBK11121\/\" target=\"_blank\" rel=\"noreferrer noopener nofollow\">Cientistas acreditam<\/a> que essa aus&ecirc;ncia de movimentos musculares trouxe benef&iacute;cios evolutivos, pois nos impede de representar os sonhos, evitando danos ao corpo e a outras pessoas.&nbsp;<\/p>\r\n\r\n\r\n\r\n<p>Nessa fase, o c&eacute;rebro faz conex&otilde;es neurais importantes para o bem-estar e a sa&uacute;de f&iacute;sica e mental &ndash; inclusive <a href=\"https:\/\/alice.com.br\/blog\/sua-saude\/sono-bom-para-aumentar-imunidade\/\" target=\"_blank\" rel=\"noreferrer noopener\">ajudando a aumentar a imunidade<\/a>.<\/p>\r\n\r\n\r\n\r\n<p>Entre as fun&ccedil;&otilde;es atribu&iacute;das ao sono REM est&atilde;o a manuten&ccedil;&atilde;o do equil&iacute;brio dos sistemas biol&oacute;gicos (homeostase) e a estimula&ccedil;&atilde;o de &aacute;reas essenciais para a aprendizagem.<\/p>\r\n\r\n\r\n\r\n<p>&ldquo;Nessa fase do sono, existem altera&ccedil;&otilde;es nas estruturas cerebrais que s&atilde;o muito&nbsp;importantes para fun&ccedil;&otilde;es cognitivas como, por exemplo, o armazenamento de informa&ccedil;&otilde;es&rdquo;, acrescenta o m&eacute;dico Vin&iacute;cius Ynoe de Moraes.&nbsp;<\/p>\r\n\r\n\r\n\r\n<p>Alguns estudos sugerem que a priva&ccedil;&atilde;o do sono REM prejudica a forma&ccedil;&atilde;o ou express&atilde;o de mem&oacute;rias espaciais e emocionais. Por isso, &eacute; muito importante que as crian&ccedil;as durmam bastante, de forma a permanecerem bastante tempo nesse est&aacute;gio de sono para propiciar o desenvolvimento cerebral e a fixa&ccedil;&atilde;o do aprendizado di&aacute;rio.&nbsp;<\/p>\r\n\r\n\r\n<div class=\"wp-block-image\">\r\n<figure class=\"aligncenter size-large is-resized\"><a href=\"https:\/\/alice.com.br\/blog\/conteudos-especiais\/planner-controle-de-habitos-gratis\/\" target=\"_blank\" rel=\"noreferrer noopener\"><figure class=\"wp-attachment-10142\" ><img loading=\"lazy\" decoding=\"async\" class=\"wp-image-10142\" src=\"https:\/\/alice.com.br\/blog\/wp-content\/uploads\/2022\/12\/Planner-de-Controle-de-Habitos_Banner-para-LP-1024x731.jpg\" alt=\"Planner de Controle de H&aacute;bitos\" width=\"512\" height=\"366\" srcset=\"https:\/\/alice.com.br\/blog\/wp-content\/uploads\/2022\/12\/Planner-de-Controle-de-Habitos_Banner-para-LP-1024x731.jpg 1024w, https:\/\/alice.com.br\/blog\/wp-content\/uploads\/2022\/12\/Planner-de-Controle-de-Habitos_Banner-para-LP-300x214.jpg 300w, https:\/\/alice.com.br\/blog\/wp-content\/uploads\/2022\/12\/Planner-de-Controle-de-Habitos_Banner-para-LP-768x548.jpg 768w, https:\/\/alice.com.br\/blog\/wp-content\/uploads\/2022\/12\/Planner-de-Controle-de-Habitos_Banner-para-LP-100x71.jpg 100w, https:\/\/alice.com.br\/blog\/wp-content\/uploads\/2022\/12\/Planner-de-Controle-de-Habitos_Banner-para-LP-150x107.jpg 150w, https:\/\/alice.com.br\/blog\/wp-content\/uploads\/2022\/12\/Planner-de-Controle-de-Habitos_Banner-para-LP.jpg 1080w\" sizes=\"auto, (max-width: 512px) 100vw, 512px\"><\/figure><\/a><\/figure>\r\n<\/div>\r\n\r\n\r\n<h2 class=\"wp-block-heading\">Como a qualidade do sono REM pode afetar a sa&uacute;de<\/h2>\r\n\r\n\r\n\r\n<p>Entender em profundidade como o c&eacute;rebro se comporta na fase REM ainda &eacute; um desafio para a Ci&ecirc;ncia, mas o avan&ccedil;o de pesquisas nesse campo pode ajudar na preven&ccedil;&atilde;o de problemas de sa&uacute;de.<\/p>\r\n\r\n\r\n\r\n<p>Um deles &eacute; o <a href=\"https:\/\/www.ncbi.nlm.nih.gov\/pmc\/articles\/PMC6095693\/\" target=\"_blank\" rel=\"noreferrer noopener nofollow\">transtorno comportamental do sono REM<\/a>. Ele se manifesta por meio de movimentos s&uacute;bitos e sons vocais emitidos durante sonhos v&iacute;vidos. Essa rea&ccedil;&atilde;o f&iacute;sica foi associada a uma perda do t&ocirc;nus muscular durante essa etapa do sono.&nbsp;<\/p>\r\n\r\n\r\n\r\n<p>Diversos estudos relacionaram o transtorno a doen&ccedil;as neurodegenerativas, como o Parkinson.&nbsp;&ldquo;Pacientes com transtorno comportamental do sono REM devem ser monitorados de perto quanto ao desenvolvimento de doen&ccedil;as neurodegenerativas, pois a detec&ccedil;&atilde;o precoce e o tratamento sintom&aacute;tico podem melhorar seu resultado em longo prazo&rdquo;, afirmam os autores de pesquisa publicada na revista <a href=\"https:\/\/www.nature.com\/articles\/ncpneuro0280\" target=\"_blank\" rel=\"noreferrer noopener nofollow\">Nature<\/a>.<\/p>\r\n\r\n\r\n\r\n<p>Tamb&eacute;m existem evid&ecirc;ncias cient&iacute;ficas de que os per&iacute;odos de sono REM v&atilde;o diminuindo conforme vamos envelhecendo. Compreender como isso afeta o armazenamento da mem&oacute;ria tamb&eacute;m pode abrir caminhos para a preven&ccedil;&atilde;o e o tratamento do Alzheimer.<\/p>\r\n\r\n\r\n\r\n<p>Outro problema de sa&uacute;de que pode ter rela&ccedil;&atilde;o com o sono REM &eacute; o transtorno de estresse p&oacute;s-traum&aacute;tico.&nbsp;<\/p>\r\n\r\n\r\n\r\n<p>Uma pesquisa publicada no <a href=\"https:\/\/www.jneurosci.org\/content\/37\/46\/11233\" target=\"_blank\" rel=\"noreferrer noopener nofollow\">Journal of Neuroscience<\/a> descobriu que os participantes que passaram mais tempo em sono REM tiveram menor atividade cerebral relacionada ao medo, um poss&iacute;vel ind&iacute;cio de menor propens&atilde;o ao desenvolvimento de estresse p&oacute;s-traum&aacute;tico.&nbsp;<\/p>\r\n\r\n\r\n\r\n<p><strong>Veja tamb&eacute;m<\/strong>: <a href=\"https:\/\/alice.com.br\/blog\/sua-saude\/ruido-branco-como-ajuda-sono\/\" target=\"_blank\" rel=\"noreferrer noopener\">Ru&iacute;do branco: o que &eacute; e como ele ajuda o sono?<\/a><\/p>\r\n\r\n\r\n\r\n<html><body><h2>Alice tem o plano de sa&uacute;de certo para a sua empresa!<\/h2>\n<p>Alice &eacute; uma empresa de tecnologia que oferece planos de sa&uacute;de empresarial e tem a miss&atilde;o de tornar o mundo mais saud&aacute;vel. Nossa plataforma de cuidado cont&iacute;nuo garante que os nossos membros recebam o cuidado certo, na hora certa e no lugar certo, proporcionando uma experi&ecirc;ncia excepcional para eles.<\/p>\n<p>Nossos planos t&ecirc;m cobertura nacional completa, assim como o atendimento e a experi&ecirc;ncia &uacute;nica do Alice Agora, parceiro de sa&uacute;de confi&aacute;vel para todas as horas, direto no app. Fale com o Time de Sa&uacute;de 24\/7, receba resposta em at&eacute; 60 segundos e, se precisar, j&aacute; fa&ccedil;a uma consulta virtual com nossa equipe m&eacute;dica.<\/p>\n<p>Alice tamb&eacute;m tem suporte completo ao seu RH, com dados estrat&eacute;gicos para sua gest&atilde;o &ndash; desde reports de sa&uacute;de populacional at&eacute; de custo de cuidado &ndash;, onboarding exclusivo e account manager dedicado.<\/p>\n<p>Veja como Alice cuida do seu time e do seu or&ccedil;amento.<\/p>\n<html><body><div class=\"cta cta--post--slim_withlogo\">\n\t\t\t\t\t\t\t\t\t<a href=\"https:\/\/alice.com.br\/simulador\">\n\t\t\t\t\t\t\t\t\t<div class=\"logo\">\n\t\t\t\t\t\t\t\t\t\t<img src=\"https:\/\/alice.com.br\/blog\/wp-content\/themes\/arada\/dist\/images\/alice.svg\" width=\"288\" height=\"150\" aria-label=\"hidden\">\n\t\t\t\t\t\t\t\t\t<\/div>\n\t\t\t\t\t\t\t\t\t<span class=\"title\">Fa&ccedil;a uma Cota&ccedil;&atilde;o<\/span><span class=\"icon icon--arrow_right\"><\/span><\/a>\n\t\t\t\t\t\t\t\t<\/div><\/body><\/html><\/body><\/html><\/body><\/html>\n","protected":false},"excerpt":{"rendered":"Sono REM \u00e9 vital, \u00e9 nele que sonhamos, fixamos mem\u00f3rias e fortalecemos a imunidade. Sem ele, aumentam riscos de estresse, Alzheimer e at\u00e9 Parkinson.","protected":false},"author":5,"featured_media":5912,"comment_status":"closed","ping_status":"closed","sticky":false,"template":"","format":"standard","meta":{"_acf_changed":false,"footnotes":""},"categories":[5],"tags":[92,123],"class_list":["post-5909","post","type-post","status-publish","format-standard","has-post-thumbnail","hentry","category-sua-saude","tag-bem-estar","tag-sono"],"acf":[],"_links":{"self":[{"href":"https:\/\/alice.com.br\/blog\/wp-json\/wp\/v2\/posts\/5909","targetHints":{"allow":["GET"]}}],"collection":[{"href":"https:\/\/alice.com.br\/blog\/wp-json\/wp\/v2\/posts"}],"about":[{"href":"https:\/\/alice.com.br\/blog\/wp-json\/wp\/v2\/types\/post"}],"author":[{"embeddable":true,"href":"https:\/\/alice.com.br\/blog\/wp-json\/wp\/v2\/users\/5"}],"replies":[{"embeddable":true,"href":"https:\/\/alice.com.br\/blog\/wp-json\/wp\/v2\/comments?post=5909"}],"version-history":[{"count":10,"href":"https:\/\/alice.com.br\/blog\/wp-json\/wp\/v2\/posts\/5909\/revisions"}],"predecessor-version":[{"id":19392,"href":"https:\/\/alice.com.br\/blog\/wp-json\/wp\/v2\/posts\/5909\/revisions\/19392"}],"wp:featuredmedia":[{"embeddable":true,"href":"https:\/\/alice.com.br\/blog\/wp-json\/wp\/v2\/media\/5912"}],"wp:attachment":[{"href":"https:\/\/alice.com.br\/blog\/wp-json\/wp\/v2\/media?parent=5909"}],"wp:term":[{"taxonomy":"category","embeddable":true,"href":"https:\/\/alice.com.br\/blog\/wp-json\/wp\/v2\/categories?post=5909"},{"taxonomy":"post_tag","embeddable":true,"href":"https:\/\/alice.com.br\/blog\/wp-json\/wp\/v2\/tags?post=5909"}],"curies":[{"name":"wp","href":"https:\/\/api.w.org\/{rel}","templated":true}]}}