{"id":5936,"date":"2022-02-08T17:59:00","date_gmt":"2022-02-08T20:59:00","guid":{"rendered":"https:\/\/blog.alice.com.br\/?p=5936"},"modified":"2026-02-05T16:53:51","modified_gmt":"2026-02-05T19:53:51","slug":"saude-dos-pes-sintomas-e-habitos-saudaveis","status":"publish","type":"post","link":"https:\/\/alice.com.br\/blog\/sua-saude\/saude-dos-pes-sintomas-e-habitos-saudaveis\/","title":{"rendered":"Sa\u00fade dos p\u00e9s: 7 sintomas e algumas dicas para p\u00e9s saud\u00e1veis"},"content":{"rendered":"<html><body><p>Eles nos d&atilde;o sustenta&ccedil;&atilde;o e nos ajudam a chegar aonde queremos. S&atilde;o fundamentais para o nosso equil&iacute;brio e estabilidade, desde os primeiros passos.&nbsp;Mas como est&aacute; a sa&uacute;de do seu p&eacute;?<\/p>\r\n\r\n\r\n\r\n<p>Essas poderiam ser caracter&iacute;sticas associadas ao papel desempenhado pelos pais no desenvolvimento infantil. Mas estamos falando dos p&eacute;s, que costumam ganhar aten&ccedil;&atilde;o quando causam algum inc&ocirc;modo.&nbsp;<\/p>\r\n\r\n\r\n\r\n<p>Uma meia mais apertada ou uma pedrinha no sapato, por exemplo, comprometem a mobilidade, rapidamente recuperada com a elimina&ccedil;&atilde;o do objeto externo.&nbsp;<\/p>\r\n\r\n\r\n\r\n<p>Mudan&ccedil;as na apar&ecirc;ncia dos p&eacute;s ou sensa&ccedil;&otilde;es f&iacute;sicas nessa regi&atilde;o, por&eacute;m, podem indicar altera&ccedil;&otilde;es no funcionamento do organismo, que precisam ser avaliadas e tratadas corretamente (em casos de <a href=\"https:\/\/alice.com.br\/blog\/sua-saude\/entorse-de-tornozelo\/\">tor&ccedil;&otilde;es ou les&otilde;es nos tornozelos<\/a>, por exemplo, &eacute; importante buscar orienta&ccedil;&atilde;o especializada!)<\/p>\r\n\r\n\r\n\r\n<p>Conhe&ccedil;a alguns sintomas que surgem nos p&eacute;s e o que eles podem indicar sobre a sua sa&uacute;de. Saiba tamb&eacute;m o que fazer para manter os p&eacute;s sempre saud&aacute;veis.&nbsp;<\/p>\r\n\r\n\r\n\r\n<h2 class=\"wp-block-heading\">7 sintomas sinalizados pelo seu organismo refletidos na sa&uacute;de dos p&eacute;s<\/h2>\r\n\r\n\r\n\r\n<h3 class=\"wp-block-heading\">1) Incha&ccedil;o nos p&eacute;s<\/h3>\r\n\r\n\r\n\r\n<p>Longos per&iacute;odos em p&eacute;, uso de cal&ccedil;ados apertados e voos muito longos s&atilde;o algumas situa&ccedil;&otilde;es que podem resultar em incha&ccedil;o nos p&eacute;s.&nbsp;<\/p>\r\n\r\n\r\n\r\n<p>Nesses casos, hidratar-se, tomar um banho relaxante, deitar, elevar as pernas e repousar costumam resolver o desconforto.&nbsp;<\/p>\r\n\r\n\r\n\r\n<p>Entretanto, se o p&eacute; inchado e dolorido perdurar ap&oacute;s alguns dias e vier acompanhado de dor no peito, dificuldade para respirar ou tontura, &eacute; muito importante buscar orienta&ccedil;&atilde;o do<a href=\"https:\/\/alice.com.br\/artigo\/time-de-saude-a-atencao-primaria-na-alice\" target=\"_blank\" rel=\"noreferrer noopener\"> Time de Sa&uacute;de<\/a>.<\/p>\r\n\r\n\r\n\r\n<p>Fluidos como o sangue podem se acumular nas pernas e causar incha&ccedil;o devido a condi&ccedil;&otilde;es mais s&eacute;rias de sa&uacute;de, como insufici&ecirc;ncia card&iacute;aca congestiva, <a href=\"https:\/\/www.sbn.org.br\/orientacoes-e-tratamentos\/doencas-comuns\/insuficiencia-renal\/\" target=\"_blank\" rel=\"noreferrer noopener nofollow\">doen&ccedil;a renal<\/a> ou inflama&ccedil;&atilde;o decorrente de <a href=\"https:\/\/bvsms.saude.gov.br\/artrite-reumatoide-e-artrose-oesteoartrite\/\" target=\"_blank\" rel=\"noreferrer noopener nofollow\">artrite reumat&oacute;ide<\/a>, causada por altera&ccedil;&otilde;es no <a href=\"https:\/\/alice.com.br\/blog\/sua-saude\/imunidade-baixa-como-a-defesa-do-corpo-age\/\" target=\"_blank\" rel=\"noreferrer noopener\">sistema de defesa do organismo<\/a>. Por isso, o acompanhamento com o Time de Sa&uacute;de &eacute; fundamental para sempre prevenir problemas de sa&uacute;de.<\/p>\r\n\r\n\r\n\r\n<h3 class=\"wp-block-heading\">2) Efeitos do &aacute;cido &uacute;rico no p&eacute;<\/h3>\r\n\r\n\r\n\r\n<p>Em alguns casos, o incha&ccedil;o se concentra em partes dos p&eacute;s, como o ded&atilde;o, por exemplo.<\/p>\r\n\r\n\r\n\r\n<p>Se estiver relacionada a excesso de &aacute;cido &uacute;rico no organismo (<a href=\"https:\/\/aps.bvs.br\/aps\/como-os-agentes-comunitarios-de-saude-podem-orientar-os-pacientes-com-acido-urico-elevado\/\" target=\"_blank\" rel=\"noreferrer noopener nofollow\">hiperuricemia<\/a>), a &aacute;rea afetada pode ficar inflamada, dolorida e com temperatura elevada. Algumas pessoas tamb&eacute;m se queixam de fisgadas na regi&atilde;o, como se houvesse espinhos.&nbsp;<\/p>\r\n\r\n\r\n\r\n<p>Mais frequente em homens, a disfun&ccedil;&atilde;o, que tamb&eacute;m pode atingir as articula&ccedil;&otilde;es, aparece quando o corpo n&atilde;o consegue eliminar corretamente o &aacute;cido &uacute;rico ou o produz em excesso.<\/p>\r\n\r\n\r\n\r\n<p>Essa subst&acirc;ncia resulta do metabolismo de uma prote&iacute;na chamada purina, presente em muitos alimentos.&nbsp;<\/p>\r\n\r\n\r\n\r\n<p><a href=\"https:\/\/alice.com.br\/blog\/sua-saude\/dicas-beber-mais-agua\/\" target=\"_blank\" rel=\"noreferrer noopener\">Beber muita &aacute;gua<\/a>, aumentar o consumo de frutas e vegetais, reduzir a ingest&atilde;o de produtos industrializados e de alimentos que t&ecirc;m muita purina (carnes vermelhas e frutos do mar) s&atilde;o recomendados para reduzir os n&iacute;veis de &aacute;cido &uacute;rico.&nbsp;<\/p>\r\n\r\n\r\n\r\n<p>A identifica&ccedil;&atilde;o dessa condi&ccedil;&atilde;o se d&aacute; por meio de exames laboratoriais de sangue ou urina, dependendo da prescri&ccedil;&atilde;o m&eacute;dica.&nbsp;&nbsp;<\/p>\r\n\r\n\r\n\r\n<p>Para evitar complica&ccedil;&otilde;es como a forma&ccedil;&atilde;o de pedras nos rins ou gota, o tratamento poder&aacute; incluir medicamentos e mudan&ccedil;as nos h&aacute;bitos de vida.&nbsp;<\/p>\r\n\r\n\r\n\r\n<h3 class=\"wp-block-heading\">3) Rachadura nos p&eacute;s<\/h3>\r\n\r\n\r\n\r\n<p>As rachaduras nos p&eacute;s s&atilde;o fissuras desenvolvidas na pele, principalmente nos calcanhares.<\/p>\r\n\r\n\r\n\r\n<p>Devido ao <a href=\"https:\/\/alice.com.br\/blog\/sua-saude\/como-lidar-com-sintomas-do-tempo-seco\/\" target=\"_blank\" rel=\"noreferrer noopener\">tempo seco<\/a>, a pele n&atilde;o hidratada se torna mais grossa e menos flex&iacute;vel. Com o peso do corpo em a&ccedil;&otilde;es do dia a dia, pequenas fendas v&atilde;o se formando.<\/p>\r\n\r\n\r\n\r\n<p>Andar muito tempo descal&ccedil;o ou com cal&ccedil;ados abertos, como chinelos e sand&aacute;lias, favorece a forma&ccedil;&atilde;o das rachaduras. Ficar em p&eacute; por muitas horas, tomar banhos muito quentes ou utilizar sabonetes que retiram a oleosidade natural da pele, tamb&eacute;m.&nbsp;<\/p>\r\n\r\n\r\n\r\n<p>Se n&atilde;o forem agravadas por doen&ccedil;as cr&ocirc;nicas que contribuem para o ressecamento da pele, como o diabetes e o hipotiroidismo, <a href=\"https:\/\/aps.bvs.br\/aps\/quais-as-orientacoes-de-enfermagem-aos-pacientes-que-possuem-fissuras-nas-plantas-dos-pes\/\" target=\"_blank\" rel=\"noreferrer noopener nofollow\">as fissuras podem ser facilmente tratadas<\/a>.&nbsp;<\/p>\r\n\r\n\r\n\r\n<p>Para acabar com rachaduras nos p&eacute;s, aplicar camadas generosas de hidratante na regi&atilde;o afetada e utilizar meias de algod&atilde;o e cal&ccedil;ados fechados s&atilde;o as melhores solu&ccedil;&otilde;es. Aumentar o consumo de &aacute;gua tamb&eacute;m &eacute; uma medida importante.&nbsp;<\/p>\r\n\r\n\r\n\r\n<p>&gt;&gt; <a href=\"https:\/\/alice.com.br\/blog\/sua-saude\/dicas-beber-mais-agua\/\" target=\"_blank\" rel=\"noreferrer noopener\">Conhe&ccedil;a 7 dicas para beber mais &aacute;gua por dia<\/a><\/p>\r\n\r\n\r\n\r\n<h3 class=\"wp-block-heading\">4) Formigamento e queima&ccedil;&atilde;o nos p&eacute;s&nbsp;<\/h3>\r\n\r\n\r\n\r\n<p>Ap&oacute;s longos per&iacute;odos em uma mesma posi&ccedil;&atilde;o, &eacute; comum sentir formigamento nos p&eacute;s.<\/p>\r\n\r\n\r\n\r\n<p>Isso ocorre principalmente por uma interrup&ccedil;&atilde;o moment&acirc;nea do fluxo sangu&iacute;neo, causando a sensa&ccedil;&atilde;o de v&aacute;rias pontadinhas simult&acirc;neas na regi&atilde;o afetada.&nbsp;<\/p>\r\n\r\n\r\n\r\n<p>Essa rea&ccedil;&atilde;o do corpo pode ser facilmente contornada ao mudarmos de posi&ccedil;&atilde;o e nos movimentarmos.&nbsp; &nbsp;<\/p>\r\n\r\n\r\n\r\n<p>Mas se o formigamento for frequente ou se transformar em queima&ccedil;&atilde;o, com dores intensas e comprometimento da sensibilidade, &eacute; importante procurar orienta&ccedil;&atilde;o do <a href=\"https:\/\/alice.com.br\/blog\/gestora-de-saude\/time-de-saude\/\" target=\"_blank\" rel=\"noreferrer noopener\">Time de Sa&uacute;de<\/a> pois os sintomas podem estar associados a condi&ccedil;&otilde;es mais s&eacute;rias.<\/p>\r\n\r\n\r\n\r\n<h3 class=\"wp-block-heading\">5) Sensa&ccedil;&atilde;o de p&eacute; frio&nbsp;<\/h3>\r\n\r\n\r\n\r\n<p>Quando se trata do corpo humano, ter &ldquo;p&eacute; frio&rdquo; n&atilde;o significa ser azarado. Sentir, de vez em quando, frio nos p&eacute;s costuma ser mera consequ&ecirc;ncia da queda na temperatura do ambiente, bastando se agasalhar para aquec&ecirc;-los.<\/p>\r\n\r\n\r\n\r\n<p>Contudo, se a sensa&ccedil;&atilde;o de p&eacute;s gelados for constante, mesmo em &eacute;pocas de calor, a circula&ccedil;&atilde;o sangu&iacute;nea pode estar comprometida.&nbsp;<\/p>\r\n\r\n\r\n\r\n<p>Esse &eacute; um dos sintomas da <a href=\"https:\/\/www.coracao.org.br\/doenca-aterosclerotica\" target=\"_blank\" rel=\"noreferrer noopener nofollow\">aterosclerose<\/a>, causada por dep&oacute;sitos de gordura que deixam as art&eacute;rias estreitas e atrapalham o fluxo sangu&iacute;neo, principalmente nas extremidades do corpo. Se n&atilde;o tratado, o problema pode causar problemas card&iacute;acos.&nbsp;<\/p>\r\n\r\n\r\n\r\n<p>A circula&ccedil;&atilde;o tamb&eacute;m &eacute; afetada pela oxigena&ccedil;&atilde;o do sangue. O tabagismo e doen&ccedil;as respirat&oacute;rias cr&ocirc;nicas podem reduzir a capacidade dos pulm&otilde;es de absorver totalmente o oxig&ecirc;nio, que ficam em baixo n&iacute;vel no sangue.&nbsp;<\/p>\r\n\r\n\r\n\r\n<p>Se voc&ecirc; perceber que seus p&eacute;s est&atilde;o quase sempre frios, relate ao <a href=\"https:\/\/alice.com.br\/time-de-saude?page=1\" target=\"_blank\" rel=\"noreferrer noopener\">Time de Sa&uacute;de<\/a> para que possa ser feito um diagn&oacute;stico preciso.&nbsp;<\/p>\r\n\r\n\r\n\r\n<h3 class=\"wp-block-heading\">6) Altera&ccedil;&otilde;es na cor dos p&eacute;s&nbsp;<\/h3>\r\n\r\n\r\n\r\n<p>A apar&ecirc;ncia dos p&eacute;s tamb&eacute;m pode ganhar outras cores em determinadas condi&ccedil;&otilde;es de sa&uacute;de.&nbsp;<\/p>\r\n\r\n\r\n\r\n<p>O <a href=\"https:\/\/www.ncbi.nlm.nih.gov\/books\/NBK499833\/\" target=\"_blank\" rel=\"noreferrer noopener nofollow\">fen&ocirc;meno de Raynaud<\/a>, por exemplo, &eacute; marcado por uma resposta vascular exagerada &agrave; temperatura externa ou ao estresse emocional.&nbsp;<\/p>\r\n\r\n\r\n\r\n<p>As extremidades do corpo se tornam p&aacute;lidas ou azuladas quando expostas &agrave; temperatura fria ou ficam vermelhas quando aquecidas.&nbsp;<\/p>\r\n\r\n\r\n\r\n<p>Nem sempre essa rea&ccedil;&atilde;o do organismo se deve a outra doen&ccedil;a. Mas em alguns casos pode ser um sinal precoce de <a href=\"https:\/\/bvsms.saude.gov.br\/lupus\/\" target=\"_blank\" rel=\"noreferrer noopener nofollow\">l&uacute;pus<\/a>, artrite reumat&oacute;ide ou <a href=\"https:\/\/www.reumatologia.org.br\/doencas-reumaticas\/esclerodermia\/\" target=\"_blank\" rel=\"noreferrer noopener nofollow\">esclerose sist&ecirc;mica<\/a>.<\/p>\r\n\r\n\r\n\r\n<h3 class=\"wp-block-heading\">7) P&eacute; de atleta ou frieira<\/h3>\r\n\r\n\r\n\r\n<p>Uma infec&ccedil;&atilde;o que compromete a sa&uacute;de dos p&eacute;s &eacute; a frieira, tamb&eacute;m conhecida como <a href=\"https:\/\/www.ncbi.nlm.nih.gov\/books\/NBK279549\/\" target=\"_blank\" rel=\"noreferrer noopener nofollow\">p&eacute; de atleta<\/a>. &Eacute; causada por um fungo, que provoca manchas vermelhas, bolhas e rachaduras, com descama&ccedil;&otilde;es que co&ccedil;am.&nbsp;<\/p>\r\n\r\n\r\n\r\n<p>As frieiras prosperam em ambientes &uacute;midos e atingem pessoas cujos p&eacute;s ficaram muito suados enquanto confinados em sapatos apertados.&nbsp;<\/p>\r\n\r\n\r\n\r\n<p>S&atilde;o tamb&eacute;m transmitidas por contato direto com uma pessoa infectada ou com superf&iacute;cies contaminadas, como pisos de banheiros e de vesti&aacute;rios, praias e piscinas.<\/p>\r\n\r\n\r\n\r\n<p>O tratamento &eacute; feito a partir de antif&uacute;ngicos e de medidas de higiene.&nbsp;<\/p>\r\n\r\n\r\n\r\n<h2 class=\"wp-block-heading\">7 H&aacute;bitos di&aacute;rios para p&eacute;s mais saud&aacute;veis<\/h2>\r\n\r\n\r\n\r\n\r\n\r\n<ol class=\"wp-block-list\">\r\n<li>Lave os p&eacute;s com &aacute;gua e sab&atilde;o e use uma toalha seca e limpa para enxug&aacute;-los, &nbsp; principalmente entre os dedos.&nbsp;<\/li>\r\n\r\n\r\n\r\n<li>Aplique creme hidratante nos p&eacute;s, sobretudo em &aacute;reas mais secas como os calcanhares, para evitar rachaduras.<\/li>\r\n\r\n\r\n\r\n<li>Prefira meias de algod&atilde;o e evite as de tecidos sint&eacute;ticos que n&atilde;o absorvem o suor.<\/li>\r\n\r\n\r\n\r\n<li>Evite usar cal&ccedil;ados fechados ou com pouca ventila&ccedil;&atilde;o por tempo prolongado.<\/li>\r\n\r\n\r\n\r\n<li>Use chinelos em banheiros ou vesti&aacute;rios de clubes, academias e escolas.<\/li>\r\n\r\n\r\n\r\n<li>Tenha um estilo de vida saud&aacute;vel, com alimenta&ccedil;&atilde;o balanceada e exerc&iacute;cios f&iacute;sicos.&nbsp;<\/li>\r\n\r\n\r\n\r\n<li>Beba bastante &aacute;gua para manter a pele hidratada!<\/li>\r\n<\/ol>\r\n\r\n\r\n<div class=\"wp-block-image\">\r\n<figure class=\"aligncenter size-large is-resized\"><a href=\"https:\/\/alice.com.br\/blog\/conteudos-especiais\/planner-controle-de-habitos-gratis\/\" target=\"_blank\" rel=\"noreferrer noopener\"><figure class=\"wp-attachment-10142\" ><img loading=\"lazy\" decoding=\"async\" class=\"wp-image-10142\" src=\"https:\/\/alice.com.br\/blog\/wp-content\/uploads\/2022\/12\/Planner-de-Controle-de-Habitos_Banner-para-LP-1024x731.jpg\" alt=\"Planner de Controle de H&aacute;bitos\" width=\"512\" height=\"366\" srcset=\"https:\/\/alice.com.br\/blog\/wp-content\/uploads\/2022\/12\/Planner-de-Controle-de-Habitos_Banner-para-LP-1024x731.jpg 1024w, https:\/\/alice.com.br\/blog\/wp-content\/uploads\/2022\/12\/Planner-de-Controle-de-Habitos_Banner-para-LP-300x214.jpg 300w, https:\/\/alice.com.br\/blog\/wp-content\/uploads\/2022\/12\/Planner-de-Controle-de-Habitos_Banner-para-LP-768x548.jpg 768w, https:\/\/alice.com.br\/blog\/wp-content\/uploads\/2022\/12\/Planner-de-Controle-de-Habitos_Banner-para-LP-100x71.jpg 100w, https:\/\/alice.com.br\/blog\/wp-content\/uploads\/2022\/12\/Planner-de-Controle-de-Habitos_Banner-para-LP-150x107.jpg 150w, https:\/\/alice.com.br\/blog\/wp-content\/uploads\/2022\/12\/Planner-de-Controle-de-Habitos_Banner-para-LP.jpg 1080w\" sizes=\"auto, (max-width: 512px) 100vw, 512px\"><\/figure><\/a><\/figure>\r\n<\/div>\r\n\r\n\r\n<html><body><h2>Alice tem o plano de sa&uacute;de certo para a sua empresa!<\/h2>\n<p>Alice &eacute; uma empresa de tecnologia que oferece planos de sa&uacute;de empresarial e tem a miss&atilde;o de tornar o mundo mais saud&aacute;vel. Nossa plataforma de cuidado cont&iacute;nuo garante que os nossos membros recebam o cuidado certo, na hora certa e no lugar certo, proporcionando uma experi&ecirc;ncia excepcional para eles.<\/p>\n<p>Nossos planos t&ecirc;m cobertura nacional completa, assim como o atendimento e a experi&ecirc;ncia &uacute;nica do Alice Agora, parceiro de sa&uacute;de confi&aacute;vel para todas as horas, direto no app. Fale com o Time de Sa&uacute;de 24\/7, receba resposta em at&eacute; 60 segundos e, se precisar, j&aacute; fa&ccedil;a uma consulta virtual com nossa equipe m&eacute;dica.<\/p>\n<p>Alice tamb&eacute;m tem suporte completo ao seu RH, com dados estrat&eacute;gicos para sua gest&atilde;o &ndash; desde reports de sa&uacute;de populacional at&eacute; de custo de cuidado &ndash;, onboarding exclusivo e account manager dedicado.<\/p>\n<p>Veja como Alice cuida do seu time e do seu or&ccedil;amento.<\/p>\n<html><body><div class=\"cta cta--post--slim_withlogo\">\n\t\t\t\t\t\t\t\t\t<a href=\"https:\/\/alice.com.br\/simulador\">\n\t\t\t\t\t\t\t\t\t<div class=\"logo\">\n\t\t\t\t\t\t\t\t\t\t<img src=\"https:\/\/alice.com.br\/blog\/wp-content\/themes\/arada\/dist\/images\/alice.svg\" width=\"288\" height=\"150\" aria-label=\"hidden\">\n\t\t\t\t\t\t\t\t\t<\/div>\n\t\t\t\t\t\t\t\t\t<span class=\"title\">Fa&ccedil;a uma Cota&ccedil;&atilde;o<\/span><span class=\"icon icon--arrow_right\"><\/span><\/a>\n\t\t\t\t\t\t\t\t<\/div><\/body><\/html><\/body><\/html><\/body><\/html>\n","protected":false},"excerpt":{"rendered":"Seus p\u00e9s revelam muito sobre sua sa\u00fade: incha\u00e7o, rachaduras, frio constante ou frieiras podem ser sinais de alerta. Veja cuidados e h\u00e1bitos para mant\u00ea-los saud\u00e1veis.","protected":false},"author":5,"featured_media":5939,"comment_status":"closed","ping_status":"closed","sticky":false,"template":"","format":"standard","meta":{"_acf_changed":false,"footnotes":""},"categories":[5],"tags":[92],"class_list":["post-5936","post","type-post","status-publish","format-standard","has-post-thumbnail","hentry","category-sua-saude","tag-bem-estar"],"acf":[],"_links":{"self":[{"href":"https:\/\/alice.com.br\/blog\/wp-json\/wp\/v2\/posts\/5936","targetHints":{"allow":["GET"]}}],"collection":[{"href":"https:\/\/alice.com.br\/blog\/wp-json\/wp\/v2\/posts"}],"about":[{"href":"https:\/\/alice.com.br\/blog\/wp-json\/wp\/v2\/types\/post"}],"author":[{"embeddable":true,"href":"https:\/\/alice.com.br\/blog\/wp-json\/wp\/v2\/users\/5"}],"replies":[{"embeddable":true,"href":"https:\/\/alice.com.br\/blog\/wp-json\/wp\/v2\/comments?post=5936"}],"version-history":[{"count":13,"href":"https:\/\/alice.com.br\/blog\/wp-json\/wp\/v2\/posts\/5936\/revisions"}],"predecessor-version":[{"id":20233,"href":"https:\/\/alice.com.br\/blog\/wp-json\/wp\/v2\/posts\/5936\/revisions\/20233"}],"wp:featuredmedia":[{"embeddable":true,"href":"https:\/\/alice.com.br\/blog\/wp-json\/wp\/v2\/media\/5939"}],"wp:attachment":[{"href":"https:\/\/alice.com.br\/blog\/wp-json\/wp\/v2\/media?parent=5936"}],"wp:term":[{"taxonomy":"category","embeddable":true,"href":"https:\/\/alice.com.br\/blog\/wp-json\/wp\/v2\/categories?post=5936"},{"taxonomy":"post_tag","embeddable":true,"href":"https:\/\/alice.com.br\/blog\/wp-json\/wp\/v2\/tags?post=5936"}],"curies":[{"name":"wp","href":"https:\/\/api.w.org\/{rel}","templated":true}]}}