{"id":5946,"date":"2021-11-10T08:35:00","date_gmt":"2021-11-10T11:35:00","guid":{"rendered":"https:\/\/blog.alice.com.br\/?p=5946"},"modified":"2026-02-23T14:53:38","modified_gmt":"2026-02-23T17:53:38","slug":"treinar-a-noite-atrapalha-sono","status":"publish","type":"post","link":"https:\/\/alice.com.br\/blog\/sua-saude\/treinar-a-noite-atrapalha-sono\/","title":{"rendered":"Treinar \u00e0 noite atrapalha o sono? Entenda agora!"},"content":{"rendered":"<html><body><p>Encaixar a pr&aacute;tica de <strong>exerc&iacute;cios f&iacute;sicos<\/strong> na rotina nem sempre &eacute; f&aacute;cil. Muitas pessoas ocupam quase todo o dia com o trabalho, a fam&iacute;lia e as tarefas dom&eacute;sticas, apenas conseguindo treinar &agrave; noite, seja para malhar ou praticar algum esporte.&nbsp;<\/p>\r\n\r\n\r\n\r\n<p>A d&uacute;vida que frequentemente surge &eacute;: <strong>treinar &agrave; noite<\/strong> pode comprometer a qualidade do sono? A resposta vai depender de caracter&iacute;sticas individuais do praticante, <a href=\"https:\/\/www.ncbi.nlm.nih.gov\/pmc\/articles\/PMC5481716\/\" target=\"_blank\" rel=\"noreferrer noopener nofollow\">do tipo de exerc&iacute;cio e da intensidade<\/a> com que &eacute; feito.&nbsp;<\/p>\r\n\r\n\r\n\r\n<p>&ldquo;Se for um esporte com alta demanda f&iacute;sica, como atividades competitivas de alt&iacute;ssima intensidade, haver&aacute; aumento da temperatura do corpo e a libera&ccedil;&atilde;o de adrenalina, que podem atrapalhar o sono. Isso sem contar que todo esporte nos deixa em estado de alerta&rdquo;, afirma o educador f&iacute;sico Bruno Cerazi, da <a href=\"https:\/\/alice.com.br\/\" target=\"_blank\" rel=\"noreferrer noopener\"><strong>Alice<\/strong><\/a>.<\/p>\r\n\r\n\r\n\r\n<p>Segundo o profissional, para que o sono n&atilde;o seja prejudicado, a atividade f&iacute;sica noturna deve ser regular e planejada.&nbsp;<\/p>\r\n\r\n\r\n\r\n<p>&ldquo;&Eacute; poss&iacute;vel malhar &agrave; noite e obter um sono reparador desde que o exerc&iacute;cio seja programado, acompanhado e de moderada intensidade. Se a atividade f&iacute;sica puder ser feita pelo menos duas horas antes do per&iacute;odo de dormir, o praticante ter&aacute; tempo de fazer a higiene do sono, que <a href=\"https:\/\/alice.com.br\/blog\/sua-saude\/tecnica-4-7-8-para-dormir-como-funciona\/\" target=\"_blank\" rel=\"noreferrer noopener\">inclui atitudes para melhorar a indu&ccedil;&atilde;o ao sono<\/a>&rdquo;, recomenda o educador f&iacute;sico.&nbsp;<\/p>\r\n\r\n\r\n\r\n<h2 class=\"wp-block-heading\">Qual a rela&ccedil;&atilde;o entre atividade f&iacute;sica e qualidade do sono?&nbsp;<\/h2>\r\n\r\n\r\n\r\n<p><a href=\"https:\/\/link.springer.com\/article\/10.1007\/s40279-018-1015-0\" target=\"_blank\" rel=\"noreferrer noopener nofollow\">An&aacute;lise cient&iacute;fica sobre o tema<\/a> sugere evitar atividades vigorosas at&eacute; uma hora antes de se deitar para dormir.&nbsp;<\/p>\r\n\r\n\r\n\r\n<p>Os pesquisadores examinaram 23 estudos que avaliaram o in&iacute;cio e a <a href=\"https:\/\/alice.com.br\/blog\/sua-saude\/qualidade-do-sono-como-ter-sono-saudavel\/\" target=\"_blank\" rel=\"noreferrer noopener\">qualidade do sono<\/a> em adultos saud&aacute;veis &#8203;&#8203;que realizaram uma &uacute;nica sess&atilde;o de exerc&iacute;cios noturnos em compara&ccedil;&atilde;o com adultos semelhantes que n&atilde;o fizeram.&nbsp;<\/p>\r\n\r\n\r\n\r\n<p>A principal descoberta foi que os exerc&iacute;cios noturnos n&atilde;o afetaram o sono e tamb&eacute;m ajudaram as pessoas a adormecer mais r&aacute;pido e a <a href=\"https:\/\/alice.com.br\/blog\/sua-saude\/sono-rem-que-e-importancia\/\" target=\"_blank\" rel=\"noreferrer noopener\">passar mais tempo em sono profundo<\/a>.<\/p>\r\n\r\n\r\n\r\n<p>Por outro lado, aqueles que fizeram exerc&iacute;cios de alta intensidade &mdash; como o treinamento intervalado &mdash;, menos de uma hora antes de dormir, demoraram mais para adormecer e tiveram um sono de qualidade ruim.<\/p>\r\n<p>Se o seu &uacute;nico hor&aacute;rio para treinar &eacute; o per&iacute;odo noturno, o cuidado com o p&oacute;s-treino deve ser redobrado. Estabelecer <b><a class=\"ng-star-inserted\" href=\"https:\/\/alice.com.br\/blog\/sua-saude\/rituais-de-higiene-do-sono\/\" target=\"_blank\" rel=\"noopener\">bons rituais de higiene do sono &eacute; essencial para baixar a temperatura corporal<\/a><\/b> e garantir que a agita&ccedil;&atilde;o do exerc&iacute;cio n&atilde;o cause ins&ocirc;nia.<\/p>\r\n\r\n\r\n<div class=\"wp-block-image\">\r\n<figure class=\"aligncenter size-large is-resized\"><a href=\"https:\/\/alice.com.br\/blog\/conteudos-especiais\/modelo-de-plano-alimentar-semanal-gratuito\/\" target=\"_blank\" rel=\"noreferrer noopener\"><figure class=\"wp-attachment-8541\" ><img loading=\"lazy\" decoding=\"async\" class=\"wp-image-8541\" src=\"https:\/\/alice.com.br\/blog\/wp-content\/uploads\/2022\/08\/plano-alimentar-semanal-banner-1024x731.jpg\" alt=\"planner plano alimentar semanal\" width=\"512\" height=\"366\" srcset=\"https:\/\/alice.com.br\/blog\/wp-content\/uploads\/2022\/08\/plano-alimentar-semanal-banner-1024x731.jpg 1024w, https:\/\/alice.com.br\/blog\/wp-content\/uploads\/2022\/08\/plano-alimentar-semanal-banner-300x214.jpg 300w, https:\/\/alice.com.br\/blog\/wp-content\/uploads\/2022\/08\/plano-alimentar-semanal-banner-768x548.jpg 768w, https:\/\/alice.com.br\/blog\/wp-content\/uploads\/2022\/08\/plano-alimentar-semanal-banner-100x71.jpg 100w, https:\/\/alice.com.br\/blog\/wp-content\/uploads\/2022\/08\/plano-alimentar-semanal-banner-150x107.jpg 150w, https:\/\/alice.com.br\/blog\/wp-content\/uploads\/2022\/08\/plano-alimentar-semanal-banner.jpg 1080w\" sizes=\"auto, (max-width: 512px) 100vw, 512px\"><\/figure><\/a><\/figure>\r\n<\/div>\r\n\r\n\r\n<h2 class=\"wp-block-heading\">&Eacute; melhor fazer exerc&iacute;cio de manh&atilde; ou &agrave; noite?<\/h2>\r\n\r\n\r\n\r\n<p>Para que o exerc&iacute;cio f&iacute;sico possa trazer bons resultados, &eacute; preciso considerar o padr&atilde;o de comportamento do praticante. &ldquo;Um vespertino extremo ter&aacute; melhor desempenho no in&iacute;cio da noite, enquanto um matutino extremo ter&aacute; melhor desempenho no come&ccedil;o do dia&rdquo;, ressalta Bruno Cerazi.<\/p>\r\n\r\n\r\n\r\n<p>Logo cedo, o n&uacute;mero de compromissos &eacute; menor, o que pode garantir maior ades&atilde;o aos treinos.&nbsp;<\/p>\r\n\r\n\r\n\r\n<p>Obter produtividade durante o dia &eacute; outro benef&iacute;cio atribu&iacute;do &agrave; pr&aacute;tica matinal de atividade f&iacute;sica. A sensa&ccedil;&atilde;o de realiza&ccedil;&atilde;o, ap&oacute;s o treino conclu&iacute;do, &eacute; apontada como fator de otimismo e de bom humor, que podem perdurar ao longo do dia.<\/p>\r\n\r\n\r\n\r\n<p><a href=\"https:\/\/bjsm.bmj.com\/content\/54\/13\/776\" target=\"_blank\" rel=\"noreferrer noopener nofollow\">Pesquisa com idosos sedent&aacute;rios ou obesos realizada na Austr&aacute;lia<\/a> sugeriu ainda haver aumento nos n&iacute;veis de energia, deixando a pessoa mais alerta e com maior capacidade de concentra&ccedil;&atilde;o. &ldquo;Uma sess&atilde;o matinal de exerc&iacute;cios de intensidade moderada melhora a mem&oacute;ria de trabalho em adultos mais velhos&rdquo;, relataram os pesquisadores.<\/p>\r\n\r\n\r\n\r\n<p>Quem malha pela manh&atilde;, por outro lado, pode sentir aquela pregui&ccedil;a de seguir para os treinos ao acordar. Al&eacute;m disso, com o corpo &lsquo;frio&rsquo;, pode ser necess&aacute;rio refor&ccedil;ar o aquecimento antes da atividade.<\/p>\r\n\r\n\r\n\r\n<p>No final do dia, o cansa&ccedil;o pode ser um fator desestimulante &agrave; pr&aacute;tica de exerc&iacute;cio. Mas, se a pessoa estiver com &acirc;nimo para treinar, tem a vantagem de j&aacute; estar com o corpo bem ativo. Mesmo assim, segundo o educador f&iacute;sico Bruno Cerazi, ser&aacute; necess&aacute;rio aquecer.&nbsp;<\/p>\r\n\r\n\r\n\r\n<p>&ldquo;Todo aquecimento deve ser programado para determinada atividade. Dessa forma, a pessoa tem um melhor resultado de aquecimento, melhor desempenho e maior preven&ccedil;&atilde;o de les&otilde;es&rdquo;, ressalta.&nbsp;<\/p>\r\n\r\n\r\n\r\n<p>Tamb&eacute;m j&aacute; foram colhidas evid&ecirc;ncias de que marcadores de for&ccedil;a, incluindo picos de pot&ecirc;ncia, ficam mais altos &agrave; noite. Isso porque <a href=\"https:\/\/cdnsciencepub.com\/doi\/10.1139\/apnm-2013-0140#.XpXjYshKhPZ\" target=\"_blank\" rel=\"noreferrer noopener nofollow\">quem malha no per&iacute;odo noturno demoraria mais tempo para chegar &agrave; exaust&atilde;o<\/a>.<\/p>\r\n\r\n\r\n\r\n<p>&ldquo;Conclui-se que pequenas diferen&ccedil;as de manh&atilde; e &agrave; noite no consumo m&aacute;ximo de oxig&ecirc;nio, na capacidade anaer&oacute;bia e na cin&eacute;tica de consumo de oxig&ecirc;nio se combinam para produzir um desempenho marcadamente mais longo &agrave; noite do que pela manh&atilde;&rdquo;, registraram os pesquisadores.<\/p>\r\n\r\n\r\n\r\n<p><strong>&gt;&gt;<\/strong> <a href=\"https:\/\/alice.com.br\/blog\/sua-saude\/o-que-comer-depois-treino-nutricao-musculos\/\" target=\"_blank\" rel=\"noreferrer noopener\">O que comer depois do treino? Nutri&ccedil;&atilde;o para os m&uacute;sculos<\/a><\/p>\r\n\r\n\r\n\r\n<h3 class=\"wp-block-heading\">6 Dicas para dormir melhor depois de treinar &agrave; noite<\/h3>\r\n\r\n\r\n\r\n<ol class=\"wp-block-list\">\r\n<li>Movimente o seu corpo, mas evite atividades muito estimulantes at&eacute; pelo menos 3 horas antes de dormir;<\/li>\r\n\r\n\r\n\r\n<li>&zwj;Tenha uma rotina de hor&aacute;rio para deitar e tente mant&ecirc;-la at&eacute; mesmo nos finais de semana;<\/li>\r\n\r\n\r\n\r\n<li>&zwj;Evite o consumo de bebidas com cafe&iacute;na e alco&oacute;licas pr&oacute;ximo ao momento do repouso;<\/li>\r\n\r\n\r\n\r\n<li>&zwj;Crie um ambiente aconchegante e confort&aacute;vel no seu quarto. Para isso, diminua as luzes e os barulhos;<\/li>\r\n\r\n\r\n\r\n<li>&zwj;Troque as telas por um livro;<\/li>\r\n\r\n\r\n\r\n<li>&zwj;Experimente realizar uma <a href=\"https:\/\/alice.com.br\/blog\/nossa-voz\/curso-de-mindfulness-da-alice\/\" target=\"_blank\" rel=\"noreferrer noopener\">medita&ccedil;&atilde;o guiada<\/a> para a indu&ccedil;&atilde;o do sono.<\/li>\r\n<\/ol>\r\n\r\n\r\n\r\n<h2 class=\"wp-block-heading\">Qual a import&acirc;ncia do sono para a atividade f&iacute;sica?<\/h2>\r\n\r\n\r\n\r\n<p>Praticar exerc&iacute;cios f&iacute;sicos, em qualquer turno do dia, pode melhorar a qualidade do sono. Foi o que concluiu <a href=\"https:\/\/pubmed.ncbi.nlm.nih.gov\/25426516\/\" target=\"_blank\" rel=\"noreferrer noopener nofollow\">estudo realizado com jovens universit&aacute;rios<\/a>. Alguns cientistas chegam&nbsp;<\/p>\r\n\r\n\r\n\r\n<p>a <a href=\"https:\/\/www.thelancet.com\/journals\/laneur\/article\/PIIS1474-4422(17)30398-8\/fulltext\" target=\"_blank\" rel=\"noreferrer noopener nofollow\">&ldquo;prescrever o sono para uma sa&uacute;de melhor&rdquo;<\/a>. Nesse contexto, o treino regular tem papel fundamental.&nbsp;<\/p>\r\n\r\n\r\n\r\n<p>&ldquo;Quando a gente pensa em sono, a gente pensa em repara&ccedil;&atilde;o muscular. Tamb&eacute;m temos que lembrar que v&aacute;rios horm&ocirc;nios, como por exemplo testosterona, GH (crescimento), grelina (fome) e leptina (saciedade), s&atilde;o modulados no per&iacute;odo da noite ou no come&ccedil;o do dia. Ent&atilde;o, ter um sono de qualidade vai ao encontro direto desse objetivo de uma correta produ&ccedil;&atilde;o hormonal&rdquo;, destaca Bruno Cerazi, acrescentando que o sono tamb&eacute;m &eacute; fundamental para a recupera&ccedil;&atilde;o da for&ccedil;a.&nbsp;<\/p>\r\n<p>Mas essa repara&ccedil;&atilde;o n&atilde;o &eacute; apenas fisiol&oacute;gica; ela &eacute; cognitiva e emocional. A necessidade de pausa, t&atilde;o defendida por especialistas da Alice como Leo Fukuda, &eacute; o que combate a perigosa ideia de que o esportista deve ser um <b>&ldquo;super-humano&rdquo;<\/b> infal&iacute;vel.<\/p>\r\n<p>O <a href=\"https:\/\/alice.com.br\/blog\/sua-saude\/simone-biles-super-humano\/\">gesto hist&oacute;rico de <b>Simone Biles<\/b><\/a>, ao priorizar sua sa&uacute;de mental em vez de medalhas, provou que o alto desempenho depende do manejo das press&otilde;es e da possibilidade do &oacute;cio. Sem o descanso adequado e o respeito aos sinais de alerta da mente, o risco de les&otilde;es f&iacute;sicas aumenta e a qualidade de vida despenca, seja voc&ecirc; um atleta ol&iacute;mpico ou algu&eacute;m tentando manter a const&acirc;ncia na academia ap&oacute;s um dia longo de trabalho.<\/p>\r\n\r\n\r\n<div class=\"wp-block-image\">\r\n<figure class=\"aligncenter size-large is-resized\"><a href=\"https:\/\/alice.com.br\/ebook-alice-na-cozinha?utm_source=referral&amp;utm_medium=blog&amp;utm_campaign=treinar-a-noite\" target=\"_blank\" rel=\"noreferrer noopener\"><figure class=\"wp-attachment-4871\" ><img loading=\"lazy\" decoding=\"async\" class=\"wp-image-4871\" src=\"https:\/\/alice.com.br\/blog\/wp-content\/uploads\/2022\/09\/ebook-de-receitas-saudaveis-banner-1024x731.jpg\" alt=\"ebook de receitas saud&aacute;veis banner\" width=\"512\" height=\"366\" srcset=\"https:\/\/alice.com.br\/blog\/wp-content\/uploads\/2022\/09\/ebook-de-receitas-saudaveis-banner-1024x731.jpg 1024w, https:\/\/alice.com.br\/blog\/wp-content\/uploads\/2022\/09\/ebook-de-receitas-saudaveis-banner-300x214.jpg 300w, https:\/\/alice.com.br\/blog\/wp-content\/uploads\/2022\/09\/ebook-de-receitas-saudaveis-banner-768x548.jpg 768w, https:\/\/alice.com.br\/blog\/wp-content\/uploads\/2022\/09\/ebook-de-receitas-saudaveis-banner-100x71.jpg 100w, https:\/\/alice.com.br\/blog\/wp-content\/uploads\/2022\/09\/ebook-de-receitas-saudaveis-banner-150x107.jpg 150w, https:\/\/alice.com.br\/blog\/wp-content\/uploads\/2022\/09\/ebook-de-receitas-saudaveis-banner.jpg 1080w\" sizes=\"auto, (max-width: 512px) 100vw, 512px\"><\/figure><\/a><\/figure>\r\n<\/div>\r\n\r\n\r\n<p><strong>Leia tamb&eacute;m<\/strong>: <a href=\"https:\/\/alice.com.br\/blog\/sua-saude\/dicas-para-dormir-melhor\/\" target=\"_blank\" rel=\"noreferrer noopener\">Dicas para dormir melhor: 10 h&aacute;bitos que voc&ecirc; precisa cultivar<\/a><\/p>\r\n\r\n\r\n\r\n<html><body><h2>Alice tem o plano de sa&uacute;de certo para a sua empresa!<\/h2>\n<p>Alice &eacute; uma empresa de tecnologia que oferece planos de sa&uacute;de empresarial e tem a miss&atilde;o de tornar o mundo mais saud&aacute;vel. Nossa plataforma de cuidado cont&iacute;nuo garante que os nossos membros recebam o cuidado certo, na hora certa e no lugar certo, proporcionando uma experi&ecirc;ncia excepcional para eles.<\/p>\n<p>Nossos planos t&ecirc;m cobertura nacional completa, assim como o atendimento e a experi&ecirc;ncia &uacute;nica do Alice Agora, parceiro de sa&uacute;de confi&aacute;vel para todas as horas, direto no app. Fale com o Time de Sa&uacute;de 24\/7, receba resposta em at&eacute; 60 segundos e, se precisar, j&aacute; fa&ccedil;a uma consulta virtual com nossa equipe m&eacute;dica.<\/p>\n<p>Alice tamb&eacute;m tem suporte completo ao seu RH, com dados estrat&eacute;gicos para sua gest&atilde;o &ndash; desde reports de sa&uacute;de populacional at&eacute; de custo de cuidado &ndash;, onboarding exclusivo e account manager dedicado.<\/p>\n<p>Veja como Alice cuida do seu time e do seu or&ccedil;amento.<\/p>\n<html><body><div class=\"cta cta--post--slim_withlogo\">\n\t\t\t\t\t\t\t\t\t<a href=\"https:\/\/alice.com.br\/simulador\">\n\t\t\t\t\t\t\t\t\t<div class=\"logo\">\n\t\t\t\t\t\t\t\t\t\t<img src=\"https:\/\/alice.com.br\/blog\/wp-content\/themes\/arada\/dist\/images\/alice.svg\" width=\"288\" height=\"150\" aria-label=\"hidden\">\n\t\t\t\t\t\t\t\t\t<\/div>\n\t\t\t\t\t\t\t\t\t<span class=\"title\">Fa&ccedil;a uma Cota&ccedil;&atilde;o<\/span><span class=\"icon icon--arrow_right\"><\/span><\/a>\n\t\t\t\t\t\t\t\t<\/div><\/body><\/html><\/body><\/html><\/body><\/html>\n","protected":false},"excerpt":{"rendered":"Treinar \u00e0 noite n\u00e3o atrapalha o sono se for planejado e moderado. Descubra como ajustar intensidade, hor\u00e1rio e rotina para equilibrar exerc\u00edcios e descanso.","protected":false},"author":5,"featured_media":5950,"comment_status":"closed","ping_status":"closed","sticky":false,"template":"","format":"standard","meta":{"_acf_changed":false,"footnotes":""},"categories":[5],"tags":[75,130,92,98,123],"class_list":["post-5946","post","type-post","status-publish","format-standard","has-post-thumbnail","hentry","category-sua-saude","tag-alimentacao","tag-atividade-fisica","tag-bem-estar","tag-performance","tag-sono"],"acf":[],"_links":{"self":[{"href":"https:\/\/alice.com.br\/blog\/wp-json\/wp\/v2\/posts\/5946","targetHints":{"allow":["GET"]}}],"collection":[{"href":"https:\/\/alice.com.br\/blog\/wp-json\/wp\/v2\/posts"}],"about":[{"href":"https:\/\/alice.com.br\/blog\/wp-json\/wp\/v2\/types\/post"}],"author":[{"embeddable":true,"href":"https:\/\/alice.com.br\/blog\/wp-json\/wp\/v2\/users\/5"}],"replies":[{"embeddable":true,"href":"https:\/\/alice.com.br\/blog\/wp-json\/wp\/v2\/comments?post=5946"}],"version-history":[{"count":17,"href":"https:\/\/alice.com.br\/blog\/wp-json\/wp\/v2\/posts\/5946\/revisions"}],"predecessor-version":[{"id":20658,"href":"https:\/\/alice.com.br\/blog\/wp-json\/wp\/v2\/posts\/5946\/revisions\/20658"}],"wp:featuredmedia":[{"embeddable":true,"href":"https:\/\/alice.com.br\/blog\/wp-json\/wp\/v2\/media\/5950"}],"wp:attachment":[{"href":"https:\/\/alice.com.br\/blog\/wp-json\/wp\/v2\/media?parent=5946"}],"wp:term":[{"taxonomy":"category","embeddable":true,"href":"https:\/\/alice.com.br\/blog\/wp-json\/wp\/v2\/categories?post=5946"},{"taxonomy":"post_tag","embeddable":true,"href":"https:\/\/alice.com.br\/blog\/wp-json\/wp\/v2\/tags?post=5946"}],"curies":[{"name":"wp","href":"https:\/\/api.w.org\/{rel}","templated":true}]}}