{"id":6017,"date":"2021-08-10T14:21:00","date_gmt":"2021-08-10T17:21:00","guid":{"rendered":"https:\/\/blog.alice.com.br\/?p=6017"},"modified":"2026-02-24T15:41:47","modified_gmt":"2026-02-24T18:41:47","slug":"como-funciona-sono-do-bebe-por-idade","status":"publish","type":"post","link":"https:\/\/alice.com.br\/blog\/sua-saude\/como-funciona-sono-do-bebe-por-idade\/","title":{"rendered":"O sono come\u00e7a no \u00fatero? Horas de sono indicadas para os beb\u00eas"},"content":{"rendered":"<html><body><html><body><div class=\"cta cta--post--slim_withlogo\">\n\t\t\t\t\t\t\t\t\t<a href=\"https:\/\/alice.com.br\/\">\n\t\t\t\t\t\t\t\t\t<div class=\"logo\">\n\t\t\t\t\t\t\t\t\t\t<img src=\"https:\/\/alice.com.br\/blog\/wp-content\/themes\/arada\/dist\/images\/alice.svg\" width=\"288\" height=\"150\" aria-label=\"hidden\">\n\t\t\t\t\t\t\t\t\t<\/div>\n\t\t\t\t\t\t\t\t\t<span class=\"title\">Conhe&ccedil;a a Alice<\/span><span class=\"icon icon--arrow_right\"><\/span><\/a>\n\t\t\t\t\t\t\t\t<\/div><\/body><\/html><p>O sono do beb&ecirc; &eacute; um tema que literalmente tira o sono de muita gente: as fam&iacute;lias de primeira viagem, os que desejam um dia ser pais, at&eacute; mesmo quem acompanha o nascimento de gera&ccedil;&otilde;es como os av&oacute;s, tios e amigos. O assunto rende muitas hist&oacute;rias e uma constata&ccedil;&atilde;o: nenhum rec&eacute;m-nascido &eacute; igual. A Ci&ecirc;ncia confirma essa rela&ccedil;&atilde;o: a jornada do sono &eacute; &uacute;nica para cada um, partindo do &uacute;tero e sofrendo modifica&ccedil;&otilde;es at&eacute; o final da vida.&nbsp;<\/p>\r\n\r\n\r\n\r\n<h2 class=\"wp-block-heading\">Quanto tempo o beb&ecirc; dorme na barriga?<\/h2>\r\n\r\n\r\n\r\n<p>Na gesta&ccedil;&atilde;o, o beb&ecirc; passa boa parte do tempo dormindo, se adaptando ao ambiente do &uacute;tero e criando ritmos biol&oacute;gicos que ao longo da vida definir&atilde;o o ciclo circadiano &mdash; mecanismo que ajuda o nosso organismo a entender o que &eacute; dia e noite e que funciona em m&eacute;dia em um ciclo de 24 horas.<\/p>\r\n\r\n\r\n\r\n<p>A partir desse entendimento, o corpo humano distribui suas fun&ccedil;&otilde;es fisiol&oacute;gicas e se adapta ao meio e suas varia&ccedil;&otilde;es, incluindo a hora de acordar e a hora de dormir, que &eacute; o chamado ciclo sono-vig&iacute;lia.&nbsp;<\/p>\r\n\r\n\r\n\r\n<p>&ldquo;Durante a vida intrauterina, tudo que acontece com o beb&ecirc; est&aacute; em total sintonia com a m&atilde;e. Muitas vezes, percebemos que ele est&aacute; mais ativo durante o dia, mesmo sem saber que horas s&atilde;o &lsquo;fora da barriga&rsquo;. Isso pode nos dar a ideia de que o beb&ecirc; j&aacute; vai nascer sabendo a hora de dormir, por&eacute;m, sabemos que n&atilde;o &eacute; o que acontece. Nos tr&ecirc;s primeiros meses de vida, o beb&ecirc; se encontra na <em>exterogesta&ccedil;&atilde;o<\/em>, um momento lindo de crescente adapta&ccedil;&atilde;o para entender melhor o mundo ao seu redor e iniciar a consolida&ccedil;&atilde;o dos seus ritmos circadianos.&rdquo; explica Nathalie Moura, <a href=\"https:\/\/alice.com.br\/\" target=\"_blank\" rel=\"noreferrer noopener\">pediatra da Alice<\/a>.&nbsp;<\/p>\r\n\r\n\r\n\r\n<p>As estruturas centrais neurol&oacute;gicas que definem o ciclo circadiano s&oacute; est&atilde;o formadas para exercer sua fun&ccedil;&atilde;o na 36&ordf; semana de gesta&ccedil;&atilde;o. Ainda assim, as conex&otilde;es nervosas s&atilde;o imaturas para o seu pleno funcionamento. Ap&oacute;s o nascimento, &eacute; hora de fazer adapta&ccedil;&otilde;es para o beb&ecirc; amadurecer essas conex&otilde;es, distinguir noite e dia, adaptar o ciclo de 24 horas e encontrar o caminho para um sono de qualidade.&nbsp;<\/p>\r\n\r\n\r\n\r\n<h2 class=\"wp-block-heading\">Horas de sono recomendadas para os beb&ecirc;s<\/h2>\r\n\r\n\r\n\r\n<h3 class=\"wp-block-heading\">Rec&eacute;m-nascido (0-3 meses)<\/h3>\r\n\r\n\r\n\r\n<ul class=\"wp-block-list\">\r\n<li>Recomendado: 14 a 17 horas de sono.<\/li>\r\n\r\n\r\n\r\n<li>Apropriado: 11 a 19 horas de sono.<\/li>\r\n<\/ul>\r\n\r\n\r\n\r\n<h3 class=\"wp-block-heading\">Beb&ecirc;s (4-11 meses)<\/h3>\r\n\r\n\r\n\r\n<ul class=\"wp-block-list\">\r\n<li>Recomendado: 12 a 15 horas de sono.<\/li>\r\n\r\n\r\n\r\n<li>Apropriado: 10 a 18 horas de sono.<\/li>\r\n<\/ul>\r\n\r\n\r\n\r\n<h3 class=\"wp-block-heading\">Crian&ccedil;a (1 a 2 anos)<\/h3>\r\n\r\n\r\n\r\n<ul class=\"wp-block-list\">\r\n<li>Recomendado: 11 a 14 horas de sono.<\/li>\r\n\r\n\r\n\r\n<li>Apropriado: 9 a 16 horas de sono.<\/li>\r\n<\/ul>\r\n\r\n\r\n<div class=\"wp-block-image\">\r\n<figure class=\"aligncenter size-large\"><figure class=\"wp-attachment-3262\" ><img decoding=\"async\" class=\"wp-image-3262\" src=\"https:\/\/timedesaude.com.br\/wp-content\/uploads\/2021\/08\/Horas-de-Sono-de-um-Bebe-500x1024.png\" alt=\"Horas de sono recomendadas para um beb&ecirc; de acordo com a sua idade\"><\/figure><\/figure>\r\n<\/div>\r\n\r\n\r\n<h2 class=\"wp-block-heading\">A import&acirc;ncia do sono para o beb&ecirc;<\/h2>\r\n\r\n\r\n\r\n<p>Durante o primeiro m&ecirc;s de vida, o rec&eacute;m-nascido come&ccedil;a a se adaptar ao ritmo das atividades sociais que ocorrem repetidamente e ao reconhecimento do dia e da noite. A mudan&ccedil;a pode ser dr&aacute;stica para os pais: o rec&eacute;m-nascido pode passar grande parte do dia dormindo &mdash; no total at&eacute; 18 horas. Mas, quando o processo de aprendizagem inicia, esses ciclos de sono ocorrem a cada 3 a 4 horas.&nbsp;<\/p>\r\n\r\n\r\n\r\n<p>O processo &eacute; natural e importante; afinal, ter um sono de qualidade tem efeitos positivos na organiza&ccedil;&atilde;o fisiol&oacute;gica, matura&ccedil;&atilde;o do sistema neurol&oacute;gico e melhor desempenho das fun&ccedil;&otilde;es vitais como respira&ccedil;&atilde;o, suc&ccedil;&atilde;o e degluti&ccedil;&atilde;o.&nbsp;&nbsp;<\/p>\r\n<p>Durante o repouso, o c&eacute;rebro processa tudo o que foi aprendido ao longo do dia. Um sono regulado &eacute; a base para que a crian&ccedil;a desenvolva novas habilidades, incluindo <a href=\"https:\/\/alice.com.br\/blog\/sua-saude\/como-ajudar-meu-filho-a-falar\/\">estrat&eacute;gias sobre como ajudar seu filho a falar<\/a>&nbsp;e se expressar.<\/p>\r\n\r\n\r\n\r\n<p>N&atilde;o &eacute; um aprendizado f&aacute;cil para os dois lados. No in&iacute;cio, o sono do rec&eacute;m-nascido pode ser&nbsp; fragmentado e distribui-se igualmente durante o dia e a noite. Assim como durante os primeiros meses, esse comportamento pode ou n&atilde;o seguir padr&otilde;es, considerando que o ciclo sono-vig&iacute;lia est&aacute; mudando o tempo todo.&nbsp;<\/p>\r\n\r\n\r\n\r\n<p>&ldquo;&Eacute; comum os cuidadores terem dificuldades em lidar com a nova rotina. Ficarem inseguros se o beb&ecirc; est&aacute; dormindo o suficiente, sofrerem com o cansa&ccedil;o e priva&ccedil;&atilde;o de sono nessa adapta&ccedil;&atilde;o. A dica &eacute; tentar atrelar as sonecas do beb&ecirc; para descansar, tentar manter uma alimenta&ccedil;&atilde;o saud&aacute;vel para garantir a energia e contar com uma rede de apoio, seja da fam&iacute;lia, dos amigos ou de profissionais de sa&uacute;de&rdquo;, aponta a pediatra.&nbsp;<\/p>\r\n\r\n\r\n\r\n<p>H&aacute; evid&ecirc;ncias de que as adapta&ccedil;&otilde;es e aprendizados come&ccedil;am a ter efeito a partir do segundo m&ecirc;s ap&oacute;s o nascimento, quando os pais come&ccedil;am a identificar que o beb&ecirc; passa mais tempo acordado (vig&iacute;lia) de dia e com mais sono de noite. A partir do quarto m&ecirc;s, o ciclo sono-vig&iacute;lia est&aacute; mais estabelecido com um sono noturno maior, sem o beb&ecirc; abrir m&atilde;o dos cochilos diurnos, que trazem benef&iacute;cios para ele tamb&eacute;m.&nbsp;&nbsp;<\/p>\r\n\r\n\r\n\r\n<p>O ritmo biol&oacute;gico e o ciclo circadiano dos beb&ecirc;s come&ccedil;am a se estruturar entre tr&ecirc;s e quatro meses, mas s&oacute; aos seis meses que ficam mais regulares. Ao chegar aos seis meses, o beb&ecirc; pode come&ccedil;ar a dormir at&eacute; seis horas ininterruptas, sendo que dois longos per&iacute;odos de sono podem ocorrer &agrave; noite, intercalados com o despertar para a amamenta&ccedil;&atilde;o. O per&iacute;odo de vig&iacute;lia (acordado) a partir daqui progressivamente se consolida, tornando-se mais longo de dia.<\/p>\r\n\r\n<p>Cada fase do desenvolvimento infantil traz novos desafios. Para acompanhar de perto cada evolu&ccedil;&atilde;o, ter um suporte especializado &eacute; essencial. Veja como a <a class=\"ng-star-inserted\" href=\"https:\/\/alice.com.br\/blog\/plano-de-saude\/crianca-alice\/\" target=\"_blank\" rel=\"noopener\">Alice cuida da sa&uacute;de dos pequenos<\/a>.<\/p>\r\n\r\n\r\n\r\n<p><strong>Leia tamb&eacute;m<\/strong>: <a href=\"https:\/\/alice.com.br\/blog\/sua-saude\/febre-em-criancas-o-que-fazer\/\" target=\"_blank\" rel=\"noreferrer noopener\">Febre em crian&ccedil;as: quando &eacute; hora de se preocupar e o que fazer<\/a><\/p>\r\n\r\n\r\n\r\n<html><body><h2>Alice tem o plano de sa&uacute;de certo para a sua empresa!<\/h2>\n<p>Alice &eacute; uma empresa de tecnologia que oferece planos de sa&uacute;de empresarial e tem a miss&atilde;o de tornar o mundo mais saud&aacute;vel. Nossa plataforma de cuidado cont&iacute;nuo garante que os nossos membros recebam o cuidado certo, na hora certa e no lugar certo, proporcionando uma experi&ecirc;ncia excepcional para eles.<\/p>\n<p>Nossos planos t&ecirc;m cobertura nacional completa, assim como o atendimento e a experi&ecirc;ncia &uacute;nica do Alice Agora, parceiro de sa&uacute;de confi&aacute;vel para todas as horas, direto no app. Fale com o Time de Sa&uacute;de 24\/7, receba resposta em at&eacute; 60 segundos e, se precisar, j&aacute; fa&ccedil;a uma consulta virtual com nossa equipe m&eacute;dica.<\/p>\n<p>Alice tamb&eacute;m tem suporte completo ao seu RH, com dados estrat&eacute;gicos para sua gest&atilde;o &ndash; desde reports de sa&uacute;de populacional at&eacute; de custo de cuidado &ndash;, onboarding exclusivo e account manager dedicado.<\/p>\n<p>Veja como Alice cuida do seu time e do seu or&ccedil;amento.<\/p>\n<html><body><div class=\"cta cta--post--slim_withlogo\">\n\t\t\t\t\t\t\t\t\t<a href=\"https:\/\/alice.com.br\/simulador\">\n\t\t\t\t\t\t\t\t\t<div class=\"logo\">\n\t\t\t\t\t\t\t\t\t\t<img src=\"https:\/\/alice.com.br\/blog\/wp-content\/themes\/arada\/dist\/images\/alice.svg\" width=\"288\" height=\"150\" aria-label=\"hidden\">\n\t\t\t\t\t\t\t\t\t<\/div>\n\t\t\t\t\t\t\t\t\t<span class=\"title\">Fa&ccedil;a uma Cota&ccedil;&atilde;o<\/span><span class=\"icon icon--arrow_right\"><\/span><\/a>\n\t\t\t\t\t\t\t\t<\/div><\/body><\/html><\/body><\/html><\/body><\/html>\n","protected":false},"excerpt":{"rendered":"O sono do beb\u00ea \u00e9 essencial para o desenvolvimento neurol\u00f3gico e vital. Nos primeiros meses, \u00e9 irregular, mas aos poucos se ajusta ao ciclo dia e noite.","protected":false},"author":5,"featured_media":6020,"comment_status":"closed","ping_status":"closed","sticky":false,"template":"","format":"standard","meta":{"_acf_changed":false,"footnotes":""},"categories":[5],"tags":[92,106],"class_list":["post-6017","post","type-post","status-publish","format-standard","has-post-thumbnail","hentry","category-sua-saude","tag-bem-estar","tag-crianca"],"acf":[],"_links":{"self":[{"href":"https:\/\/alice.com.br\/blog\/wp-json\/wp\/v2\/posts\/6017","targetHints":{"allow":["GET"]}}],"collection":[{"href":"https:\/\/alice.com.br\/blog\/wp-json\/wp\/v2\/posts"}],"about":[{"href":"https:\/\/alice.com.br\/blog\/wp-json\/wp\/v2\/types\/post"}],"author":[{"embeddable":true,"href":"https:\/\/alice.com.br\/blog\/wp-json\/wp\/v2\/users\/5"}],"replies":[{"embeddable":true,"href":"https:\/\/alice.com.br\/blog\/wp-json\/wp\/v2\/comments?post=6017"}],"version-history":[{"count":11,"href":"https:\/\/alice.com.br\/blog\/wp-json\/wp\/v2\/posts\/6017\/revisions"}],"predecessor-version":[{"id":20705,"href":"https:\/\/alice.com.br\/blog\/wp-json\/wp\/v2\/posts\/6017\/revisions\/20705"}],"wp:featuredmedia":[{"embeddable":true,"href":"https:\/\/alice.com.br\/blog\/wp-json\/wp\/v2\/media\/6020"}],"wp:attachment":[{"href":"https:\/\/alice.com.br\/blog\/wp-json\/wp\/v2\/media?parent=6017"}],"wp:term":[{"taxonomy":"category","embeddable":true,"href":"https:\/\/alice.com.br\/blog\/wp-json\/wp\/v2\/categories?post=6017"},{"taxonomy":"post_tag","embeddable":true,"href":"https:\/\/alice.com.br\/blog\/wp-json\/wp\/v2\/tags?post=6017"}],"curies":[{"name":"wp","href":"https:\/\/api.w.org\/{rel}","templated":true}]}}