{"id":6676,"date":"2022-07-04T18:29:00","date_gmt":"2022-07-04T21:29:00","guid":{"rendered":"https:\/\/blog.alice.com.br\/?p=6676"},"modified":"2025-08-21T09:15:27","modified_gmt":"2025-08-21T12:15:27","slug":"brene-brown-coragem-ser-imperfeito-para-liderar","status":"publish","type":"post","link":"https:\/\/alice.com.br\/blog\/empresas\/brene-brown-coragem-ser-imperfeito-para-liderar\/","title":{"rendered":"A coragem de ser imperfeito para liderar: li\u00e7\u00f5es de Bren\u00e9 Brown"},"content":{"rendered":"<html><body><p>&ldquo;Pessoas, pessoas, pessoas&rdquo;. Repetir a palavra &ldquo;pessoas&rdquo; para si mesma v&aacute;rias vezes antes de entrar no palco &eacute; uma das estrat&eacute;gias da escritora norte-americana Bren&eacute; Brown para conter o nervosismo antes de uma palestra.&nbsp;<\/p>\r\n\r\n\r\n\r\n<p>Foi o jeito que ela encontrou para sempre ter na cabe&ccedil;a que vai falar com seres humanos e n&atilde;o com os t&iacute;tulos e os cargos dos profissionais que est&atilde;o na plateia.<\/p>\r\n\r\n\r\n\r\n<p>Pode parecer surpreendente que mesmo ela, que j&aacute; foi assistida por milh&otilde;es de pessoas {literalmente} por causa do <a href=\"https:\/\/www.youtube.com\/watch?v=iCvmsMzlF7o\" target=\"_blank\" rel=\"noreferrer noopener nofollow\">TED Talk &ldquo;The Power of Vulnerability&rdquo;<\/a>, ainda n&atilde;o suba em um palco sem aquele frio na barriga e fale abertamente sobre isso.<\/p>\r\n\r\n\r\n\r\n<p>Mas abra&ccedil;ar a vulnerabilidade &eacute; o principal ensinamento da professora da Universidade de Houston, que pesquisa o tema h&aacute; mais de duas d&eacute;cadas. Autora de best-sellers como &ldquo;<a href=\"https:\/\/sextante.com.br\/livros\/a-coragem-de-ser-imperfeito\/\" target=\"_blank\" rel=\"noreferrer noopener nofollow\">A Coragem de Ser Imperfeito<\/a>&rdquo; e &ldquo;<a href=\"https:\/\/sextante.com.br\/livros\/mais-forte-do-que-nunca\/\" target=\"_blank\" rel=\"noreferrer noopener nofollow\">Mais Forte do que Nunca<\/a>&rdquo;, seus estudos s&atilde;o refer&ecirc;ncia em assuntos como vergonha, coragem e empatia.<\/p>\r\n\r\n\r\n\r\n<p>E ela defende que trabalhar essas emo&ccedil;&otilde;es &eacute; fundamental para as lideran&ccedil;as de hoje em dia.&nbsp;<\/p>\r\n\r\n\r\n\r\n<p>Por isso, com base nos livros, v&iacute;deos, entrevistas e podcasts, fizemos uma sele&ccedil;&atilde;o de insights da autora para quem deseja comandar <a href=\"https:\/\/alice.com.br\/blog\/empresas\/como-formar-equipe-alta-performance\/\" target=\"_blank\" rel=\"noreferrer noopener\">equipes de alta performance<\/a> ou influenciar pessoas com coragem, prop&oacute;sito e confian&ccedil;a.&nbsp;<\/p>\r\n\r\n\r\n\r\n<h2 class=\"wp-block-heading\">A coragem para liderar<\/h2>\r\n\r\n\r\n\r\n<p>Brown explica que a maior parte dos l&iacute;deres tem medo de se expor ou de errar. Mas o problema &eacute; que esse receio impede que as grandes ideias e projetos sejam aperfei&ccedil;oados ou postos em pr&aacute;tica.<\/p>\r\n\r\n\r\n\r\n<p>A partir de milhares de entrevistas, a autora concluiu que n&atilde;o h&aacute; pessoas suficientes assumindo riscos inteligentes ou criando e compartilhando ideias ousadas.<\/p>\r\n\r\n\r\n\r\n<p>Por medo das cr&iacute;ticas, a maioria prefere deixar as coisas como est&atilde;o e seguir o pensamento de grupo.&nbsp;<\/p>\r\n\r\n\r\n\r\n<p>Por&eacute;m, para atender demandas em constante evolu&ccedil;&atilde;o, &eacute; preciso ter coragem de ser vulner&aacute;vel. Isso significa deixar de lado a ideia de vencer ou perder e ter clareza de que, ao fazer algo novo, n&atilde;o &eacute; poss&iacute;vel prever ou controlar o resultado.&nbsp;<\/p>\r\n\r\n\r\n\r\n<p>A pesquisadora ressalta que a vulnerabilidade n&atilde;o tem a ver com fraqueza, mas com incerteza, risco e exposi&ccedil;&atilde;o emocional.<\/p>\r\n\r\n\r\n\r\n<p>Ela explica melhor: &ldquo;Se voc&ecirc; vai ousar grandemente, voc&ecirc; vai tomar porrada em algum momento. Agir com coragem &eacute; tamb&eacute;m conhecer o fracasso, a decep&ccedil;&atilde;o, o rev&eacute;s e at&eacute; a desilus&atilde;o&rdquo;, diz Brown em &ldquo;<a href=\"https:\/\/brenebrown.record.com.br\/\" target=\"_blank\" rel=\"noreferrer noopener nofollow\">A Coragem Para Liderar<\/a>&rdquo;.<\/p>\r\n\r\n\r\n<div class=\"wp-block-image\">\r\n<figure class=\"aligncenter size-large is-resized\"><a href=\"https:\/\/alice.com.br\/blog\/conteudos-especiais\/ebook-gestao-de-pessoas-e-lideranca\/\" target=\"_blank\" rel=\"noreferrer noopener\"><figure class=\"wp-attachment-8384\" ><img loading=\"lazy\" decoding=\"async\" class=\"wp-image-8384\" src=\"https:\/\/alice.com.br\/blog\/wp-content\/uploads\/2022\/11\/GESTAO-DE-PESSOAS-E-LIDERANCA-banner-1024x731.png\" alt=\"GEST&Atilde;O DE PESSOAS E LIDERAN&Ccedil;A banner\" width=\"512\" height=\"366\" srcset=\"https:\/\/alice.com.br\/blog\/wp-content\/uploads\/2022\/11\/GESTAO-DE-PESSOAS-E-LIDERANCA-banner-1024x731.png 1024w, https:\/\/alice.com.br\/blog\/wp-content\/uploads\/2022\/11\/GESTAO-DE-PESSOAS-E-LIDERANCA-banner-300x214.png 300w, https:\/\/alice.com.br\/blog\/wp-content\/uploads\/2022\/11\/GESTAO-DE-PESSOAS-E-LIDERANCA-banner-768x548.png 768w, https:\/\/alice.com.br\/blog\/wp-content\/uploads\/2022\/11\/GESTAO-DE-PESSOAS-E-LIDERANCA-banner-100x71.png 100w, https:\/\/alice.com.br\/blog\/wp-content\/uploads\/2022\/11\/GESTAO-DE-PESSOAS-E-LIDERANCA-banner-150x107.png 150w, https:\/\/alice.com.br\/blog\/wp-content\/uploads\/2022\/11\/GESTAO-DE-PESSOAS-E-LIDERANCA-banner.png 1080w\" sizes=\"auto, (max-width: 512px) 100vw, 512px\"><\/figure><\/a><\/figure>\r\n<\/div>\r\n\r\n\r\n<h2 class=\"wp-block-heading\">Transpar&ecirc;ncia e autenticidade<\/h2>\r\n\r\n\r\n\r\n<p>No topo da lista de obst&aacute;culos em diversos trabalhos, est&aacute; a dificuldade em estabelecer relacionamentos verdadeiros e transparentes no ambiente profissional.&nbsp;<\/p>\r\n\r\n\r\n\r\n<p>Segundo Brown, muitas pessoas em posi&ccedil;&atilde;o de lideran&ccedil;a evitam conversas dif&iacute;ceis e t&ecirc;m dificuldade em dar <a href=\"https:\/\/alice.com.br\/blog\/empresas\/modelo-feedback-tendencias-pos-pandemia\/\" target=\"_blank\" rel=\"noreferrer noopener\">feedbacks honestos e produtivos<\/a>. Frequentemente, a ideia de ser simp&aacute;tico e educado &eacute; usada como desculpa.&nbsp;<\/p>\r\n\r\n\r\n\r\n<p>S&oacute; que as consequ&ecirc;ncias dessa postura incluem falta de clareza e a redu&ccedil;&atilde;o da confian&ccedil;a e do comprometimento. Al&eacute;m disso, comportamentos problem&aacute;ticos tendem a crescer, levando ao aumento de intrigas e fofocas.&nbsp;<\/p>\r\n\r\n\r\n\r\n<p>E s&atilde;o justamente essas situa&ccedil;&otilde;es que tomam boa parte do tempo e da energia das lideran&ccedil;as. Em vez de estarem focados no aprimoramento do time e no alcance de resultados, muitos gestores acabam ficando empacados ao resolver contratempos, esclarecer decep&ccedil;&otilde;es e gerenciar conflitos.&nbsp;&nbsp;<\/p>\r\n\r\n\r\n\r\n<p>&ldquo;Eu defino l&iacute;der como algu&eacute;m que assume a responsabilidade de encontrar potencial em pessoas e processos, e que tem coragem de desenvolver esse potencial&rdquo;, descreve Bren&eacute; Brown em um <a href=\"https:\/\/open.spotify.com\/episode\/4bUbBHpdBonWxoKtVZGee1?go=1&amp;sp_cid=a47fea13ed3b3c3c6a3187ccce9b5a24&amp;t=507&amp;utm_source=embed_player_p&amp;utm_medium=desktop&amp;nd=1\" target=\"_blank\" rel=\"noreferrer noopener nofollow\">podcast sobre o tema<\/a>.&nbsp;<\/p>\r\n\r\n\r\n\r\n<p>Para estabelecer v&iacute;nculos e prop&oacute;sitos comuns, a coragem deve ser desenvolvida como habilidade. As conversas precisam ser assertivas e sinceras, num contexto em que as vulnerabilidades s&atilde;o aceitas.&nbsp;<\/p>\r\n\r\n\r\n\r\n<p><strong>&gt;&gt;<\/strong> <a href=\"https:\/\/alice.com.br\/blog\/empresas\/gestao-pessoas\/\" target=\"_blank\" rel=\"noreferrer noopener\">O que &eacute; gest&atilde;o de pessoas e quais estrat&eacute;gias aplicar<\/a><\/p>\r\n\r\n\r\n\r\n<figure class=\"wp-block-image size-full\"><figure class=\"wp-attachment-3338\" ><img decoding=\"async\" class=\"wp-image-3338\" src=\"https:\/\/timedesaude.com.br\/wp-content\/uploads\/2022\/07\/Brene-Brown_coragem-imperfeito-lideranca.jpg\" alt=\"Ilustra&ccedil;&atilde;o para mat&eacute;ria sobre Brene Brown e a coragem de ser imperfeito\"><\/figure><\/figure>\r\n\r\n\r\n\r\n<h2 class=\"wp-block-heading\">Cultura da coragem x Cultura do perfeccionismo<\/h2>\r\n\r\n\r\n\r\n<p>Em seus estudos, Brown identificou que a falta de comunica&ccedil;&atilde;o clara cria uma cultura t&oacute;xica, em que o desrespeito, a desvaloriza&ccedil;&atilde;o das pessoas e a falta de integridade podem prevalecer.<\/p>\r\n\r\n\r\n\r\n<p>Esse seria, inclusive, um dos principais motivos da atual onda de demiss&otilde;es no mercado de trabalho, que recebeu o nome de <a href=\"https:\/\/timedesaude.com.br\/felicidade-no-trabalho\/o-que-e-great-resignation\/\" target=\"_blank\" rel=\"noreferrer noopener\">G<\/a><a href=\"https:\/\/alice.com.br\/blog\/empresas\/o-que-e-great-resignation\/\" target=\"_blank\" rel=\"noreferrer noopener\">reat Resignation<\/a>.<\/p>\r\n\r\n\r\n\r\n<p>Para a professora, o caminho para uma transforma&ccedil;&atilde;o organizacional rumo a uma cultura de coragem est&aacute; na valoriza&ccedil;&atilde;o das conex&otilde;es humanas.&nbsp;<\/p>\r\n\r\n\r\n\r\n<p>&ldquo;Se n&atilde;o tivermos um sentimento de carinho por algu&eacute;m que lideramos ou n&atilde;o nos sentirmos conectados a essa pessoa, h&aacute; duas op&ccedil;&otilde;es: desenvolver o carinho e a conex&atilde;o ou dar lugar para um l&iacute;der que seja mais adequado&rdquo;, afirma Brown no livro &ldquo;A Coragem para Liderar&rdquo;.&nbsp;<\/p>\r\n\r\n\r\n\r\n<p>Ela acredita que l&iacute;deres que comandam &agrave; base do medo e da vergonha s&atilde;o ultrapassados e que n&atilde;o h&aacute; vergonha em liderar com o cora&ccedil;&atilde;o. Para que a inova&ccedil;&atilde;o possa florescer, &eacute; importante oferecer um ambiente em que erros e fracassos sejam tolerados. Al&eacute;m disso, o perfeccionismo n&atilde;o pode se sobrepor ao desenvolvimento.<\/p>\r\n\r\n\r\n\r\n<p>&ldquo;Fa&ccedil;o todo esse trabalho de lideran&ccedil;a em organiza&ccedil;&otilde;es onde as pessoas n&atilde;o conseguem esse relacionamento e constroem intencionalmente culturas perfeccionistas. E ent&atilde;o eles dizem: &lsquo;N&atilde;o h&aacute; inova&ccedil;&atilde;o ou criatividade. O que est&aacute; acontecendo?&rsquo; Bem, a vergonha mata a criatividade e a inova&ccedil;&atilde;o. O perfeccionismo &eacute; um mecanismo de defesa contra a vergonha. Se pare&ccedil;o perfeita, posso evitar ou minimizar a vergonha, o julgamento e a culpa&rdquo;, explica Brown em <a href=\"https:\/\/www.oprahdaily.com\/entertainment\/books\/a38569758\/brene-brown-o-talks\/\" target=\"_blank\" rel=\"noreferrer noopener nofollow\">entrevista &agrave; apresentadora Oprah Winfrey<\/a>.<\/p>\r\n\r\n\r\n\r\n<p>Para o desenvolvimento de uma <a href=\"https:\/\/alice.com.br\/blog\/empresas\/como-crescer-sem-perder-cultura-da-empresa\/\" target=\"_blank\" rel=\"noreferrer noopener\">cultura de engajamento<\/a> sincero, o ponto de partida &eacute;, novamente, a aceita&ccedil;&atilde;o da vulnerabilidade.&nbsp;<\/p>\r\n\r\n\r\n\r\n<p>&ldquo;Temos a responsabilidade de nos expor, de admitir nossas emo&ccedil;&otilde;es no trabalho. L&iacute;deres corajosos n&atilde;o se calam diante de coisas dif&iacute;ceis. Nosso trabalho &eacute; escavar o n&atilde;o dito. E isso requer coragem e vulnerabilidade&rdquo;, diz ela no document&aacute;rio <a href=\"https:\/\/www.netflix.com\/br\/title\/81010166\" target=\"_blank\" rel=\"noreferrer noopener nofollow\">The Call to Courage<\/a>, dispon&iacute;vel na Netflix.&nbsp;<\/p>\r\n\r\n\r\n\r\n<p><strong>Leia tamb&eacute;m<\/strong>: <a href=\"https:\/\/alice.com.br\/blog\/empresas\/livros-empreendedorismo-best-sellers\/\" target=\"_blank\" rel=\"noreferrer noopener\">Livros de empreendedorismo: 5 best-sellers para se inspirar<\/a><\/p>\r\n\r\n\r\n\r\n<html><body><h2>Alice tem o plano de sa&uacute;de certo para a sua empresa!<\/h2>\n<p>Alice &eacute; uma empresa de tecnologia que oferece planos de sa&uacute;de empresarial e tem a miss&atilde;o de tornar o mundo mais saud&aacute;vel. Nossa plataforma de cuidado cont&iacute;nuo garante que os nossos membros recebam o cuidado certo, na hora certa e no lugar certo, proporcionando uma experi&ecirc;ncia excepcional para eles.<\/p>\n<p>Nossos planos t&ecirc;m cobertura nacional completa, assim como o atendimento e a experi&ecirc;ncia &uacute;nica do Alice Agora, parceiro de sa&uacute;de confi&aacute;vel para todas as horas, direto no app. Fale com o Time de Sa&uacute;de 24\/7, receba resposta em at&eacute; 60 segundos e, se precisar, j&aacute; fa&ccedil;a uma consulta virtual com nossa equipe m&eacute;dica.<\/p>\n<p>Alice tamb&eacute;m tem suporte completo ao seu RH, com dados estrat&eacute;gicos para sua gest&atilde;o &ndash; desde reports de sa&uacute;de populacional at&eacute; de custo de cuidado &ndash;, onboarding exclusivo e account manager dedicado.<\/p>\n<p>Veja como Alice cuida do seu time e do seu or&ccedil;amento.<\/p>\n<html><body><div class=\"cta cta--post--slim_withlogo\">\n\t\t\t\t\t\t\t\t\t<a href=\"https:\/\/alice.com.br\/simulador\">\n\t\t\t\t\t\t\t\t\t<div class=\"logo\">\n\t\t\t\t\t\t\t\t\t\t<img src=\"https:\/\/alice.com.br\/blog\/wp-content\/themes\/arada\/dist\/images\/alice.svg\" width=\"288\" height=\"150\" aria-label=\"hidden\">\n\t\t\t\t\t\t\t\t\t<\/div>\n\t\t\t\t\t\t\t\t\t<span class=\"title\">Fa&ccedil;a uma Cota&ccedil;&atilde;o<\/span><span class=\"icon icon--arrow_right\"><\/span><\/a>\n\t\t\t\t\t\t\t\t<\/div><\/body><\/html><\/body><\/html><\/body><\/html>\n","protected":false},"excerpt":{"rendered":"Abra\u00e7ar a vulnerabilidade e valorizar as conex\u00f5es humanas s\u00e3o fundamentais para a lideran\u00e7a atual. Veja as li\u00e7\u00f5es de Bren\u00e9 Brown.","protected":false},"author":5,"featured_media":6681,"comment_status":"closed","ping_status":"closed","sticky":false,"template":"","format":"standard","meta":{"_acf_changed":false,"footnotes":""},"categories":[6],"tags":[92,93,97],"class_list":["post-6676","post","type-post","status-publish","format-standard","has-post-thumbnail","hentry","category-empresas","tag-bem-estar","tag-felicidade-no-trabalho","tag-mercado-de-trabalho"],"acf":[],"_links":{"self":[{"href":"https:\/\/alice.com.br\/blog\/wp-json\/wp\/v2\/posts\/6676","targetHints":{"allow":["GET"]}}],"collection":[{"href":"https:\/\/alice.com.br\/blog\/wp-json\/wp\/v2\/posts"}],"about":[{"href":"https:\/\/alice.com.br\/blog\/wp-json\/wp\/v2\/types\/post"}],"author":[{"embeddable":true,"href":"https:\/\/alice.com.br\/blog\/wp-json\/wp\/v2\/users\/5"}],"replies":[{"embeddable":true,"href":"https:\/\/alice.com.br\/blog\/wp-json\/wp\/v2\/comments?post=6676"}],"version-history":[{"count":11,"href":"https:\/\/alice.com.br\/blog\/wp-json\/wp\/v2\/posts\/6676\/revisions"}],"predecessor-version":[{"id":19431,"href":"https:\/\/alice.com.br\/blog\/wp-json\/wp\/v2\/posts\/6676\/revisions\/19431"}],"wp:featuredmedia":[{"embeddable":true,"href":"https:\/\/alice.com.br\/blog\/wp-json\/wp\/v2\/media\/6681"}],"wp:attachment":[{"href":"https:\/\/alice.com.br\/blog\/wp-json\/wp\/v2\/media?parent=6676"}],"wp:term":[{"taxonomy":"category","embeddable":true,"href":"https:\/\/alice.com.br\/blog\/wp-json\/wp\/v2\/categories?post=6676"},{"taxonomy":"post_tag","embeddable":true,"href":"https:\/\/alice.com.br\/blog\/wp-json\/wp\/v2\/tags?post=6676"}],"curies":[{"name":"wp","href":"https:\/\/api.w.org\/{rel}","templated":true}]}}