{"id":6766,"date":"2021-09-02T20:26:00","date_gmt":"2021-09-02T23:26:00","guid":{"rendered":"https:\/\/blog.alice.com.br\/?p=6766"},"modified":"2025-08-21T09:19:21","modified_gmt":"2025-08-21T12:19:21","slug":"lugares-em-sao-paulo-para-passear-com-pet","status":"publish","type":"post","link":"https:\/\/alice.com.br\/blog\/sua-saude\/lugares-em-sao-paulo-para-passear-com-pet\/","title":{"rendered":"Descubra 6 lugares em S\u00e3o Paulo para passear com o seu pet"},"content":{"rendered":"<html><body><p>Se voc&ecirc; tem um <strong>animal de estima&ccedil;&atilde;o<\/strong> em casa, vai entender o quanto os bichinhos adoram uma aventura. Lama, grama, terra, conv&iacute;vio com outros animais, banhos de sol, cantinhos para fu&ccedil;ar&hellip; Tudo isso inclui o combo perfeito de uma programa&ccedil;&atilde;o para os pets.<\/p>\r\n\r\n\r\n\r\n<p>E se voc&ecirc; tivesse a oportunidade de conhecer novos lugares em S&atilde;o Paulo com o seu companheiro?<\/p>\r\n\r\n\r\n\r\n<p>Com a reabertura dos parques e pra&ccedil;as na capital paulista, os ambientes abertos e com a presen&ccedil;a da natureza se tornam &oacute;timas op&ccedil;&otilde;es de socializa&ccedil;&atilde;o para os animais e seus tutores. Afinal, protocolos de seguran&ccedil;a e de sa&uacute;de ainda devem permanecer, tendo em vista o contexto de pandemia da covid-19.&nbsp;<\/p>\r\n\r\n\r\n\r\n<p>Por isso, nada melhor do que compartilhar um tempo de qualidade com os nossos bichinhos, sempre com responsabilidade e cuidado com outros animais e com a cidade. Quando for passear, n&atilde;o se esque&ccedil;a de recolher as fezes dos animais e mant&ecirc;-los em seguran&ccedil;a por meio de guias de passeio, onde quer que voc&ecirc; esteja.<\/p>\r\n\r\n\r\n\r\n<p>A seguir, uma lista de lugares para voc&ecirc; passear com o seu pet em S&atilde;o Paulo. Conhe&ccedil;a:<\/p>\r\n\r\n\r\n\r\n<h2 class=\"wp-block-heading\"><a href=\"https:\/\/www.saopaulo.sp.gov.br\/conhecasp\/parques-e-reservas-naturais\/parque-villa-lobos\/\" target=\"_blank\" rel=\"noreferrer noopener nofollow\">Parque Villa-Lobos<\/a><\/h2>\r\n\r\n\r\n\r\n<figure class=\"wp-block-image size-full\"><figure class=\"wp-attachment-6769\" ><img loading=\"lazy\" decoding=\"async\" width=\"800\" height=\"533\" class=\"wp-image-6769\" src=\"https:\/\/alice.com.br\/blog\/wp-content\/uploads\/2022\/11\/Imagem-do-parque-Villa-Lobos-em-Sao-Paulo.jpg\" alt=\"Imagem do parque Villa Lobos em S&atilde;o Paulo\" srcset=\"https:\/\/alice.com.br\/blog\/wp-content\/uploads\/2022\/11\/Imagem-do-parque-Villa-Lobos-em-Sao-Paulo.jpg 800w, https:\/\/alice.com.br\/blog\/wp-content\/uploads\/2022\/11\/Imagem-do-parque-Villa-Lobos-em-Sao-Paulo-300x200.jpg 300w, https:\/\/alice.com.br\/blog\/wp-content\/uploads\/2022\/11\/Imagem-do-parque-Villa-Lobos-em-Sao-Paulo-768x512.jpg 768w, https:\/\/alice.com.br\/blog\/wp-content\/uploads\/2022\/11\/Imagem-do-parque-Villa-Lobos-em-Sao-Paulo-100x67.jpg 100w, https:\/\/alice.com.br\/blog\/wp-content\/uploads\/2022\/11\/Imagem-do-parque-Villa-Lobos-em-Sao-Paulo-150x100.jpg 150w\" sizes=\"auto, (max-width: 800px) 100vw, 800px\"><\/figure>\r\n<figcaption class=\"wp-element-caption\">Foto: Shutterstock<\/figcaption>\r\n<\/figure>\r\n\r\n\r\n\r\n<p>Localizado na zona oeste, &agrave;s margens do rio Pinheiros, o parque possui uma &aacute;rea de mais de 732 mil m&sup2; e possui ciclovia, quadras e diversas op&ccedil;&otilde;es de lazer para os pets e toda a fam&iacute;lia.<\/p>\r\n\r\n\r\n\r\n<h3 class=\"wp-block-heading\">Servi&ccedil;o e hor&aacute;rio de funcionamento:<\/h3>\r\n\r\n\r\n\r\n<p>Avenida Professor Fonseca Rodrigues, 2001<br>Alto dos Pinheiros &ndash; S&atilde;o Paulo &ndash; SP <br>Funcionamento: De segunda a segunda das 5h30 &agrave;s 19h<\/p>\r\n\r\n\r\n\r\n<h2 class=\"wp-block-heading\"><a href=\"https:\/\/parqueibirapuera.org\/\" target=\"_blank\" rel=\"noreferrer noopener nofollow\">Parque Ibirapuera<\/a><\/h2>\r\n\r\n\r\n\r\n<figure class=\"wp-block-image size-full\"><figure class=\"wp-attachment-6770\" ><img loading=\"lazy\" decoding=\"async\" width=\"800\" height=\"535\" class=\"wp-image-6770\" src=\"https:\/\/alice.com.br\/blog\/wp-content\/uploads\/2022\/11\/Imagem-do-parque-Ibirapuera-em-Sao-Paulo.jpg\" alt=\"Imagem do parque Ibirapuera em S&atilde;o Paulo\" srcset=\"https:\/\/alice.com.br\/blog\/wp-content\/uploads\/2022\/11\/Imagem-do-parque-Ibirapuera-em-Sao-Paulo.jpg 800w, https:\/\/alice.com.br\/blog\/wp-content\/uploads\/2022\/11\/Imagem-do-parque-Ibirapuera-em-Sao-Paulo-300x201.jpg 300w, https:\/\/alice.com.br\/blog\/wp-content\/uploads\/2022\/11\/Imagem-do-parque-Ibirapuera-em-Sao-Paulo-768x514.jpg 768w, https:\/\/alice.com.br\/blog\/wp-content\/uploads\/2022\/11\/Imagem-do-parque-Ibirapuera-em-Sao-Paulo-100x67.jpg 100w, https:\/\/alice.com.br\/blog\/wp-content\/uploads\/2022\/11\/Imagem-do-parque-Ibirapuera-em-Sao-Paulo-150x100.jpg 150w\" sizes=\"auto, (max-width: 800px) 100vw, 800px\"><\/figure>\r\n<figcaption class=\"wp-element-caption\">Foto: Shutterstock<\/figcaption>\r\n<\/figure>\r\n\r\n\r\n\r\n<p>Com uma &aacute;rea de 1.584.000 m&sup2;, o Ibirapuera &eacute; um dos principais cart&otilde;es-postais de S&atilde;o Paulo &ndash; e n&atilde;o &eacute; por acaso. Os lagos, os jardins e toda a &aacute;rea verde s&atilde;o como um b&aacute;lsamo em meio &agrave; selva de pedra para os humanos e para os pets tamb&eacute;m. O cachorr&oacute;dromo do Ibira, ambiente espec&iacute;fico para a socializa&ccedil;&atilde;o dos doguinhos, &eacute; um dos pontos mais requisitados do parque e &eacute; perfeito para quem quer aproveitar um dia de sol.&nbsp;<\/p>\r\n\r\n\r\n\r\n<h3 class=\"wp-block-heading\">Servi&ccedil;o e hor&aacute;rio de funcionamento:<\/h3>\r\n\r\n\r\n\r\n<p>Av. Pedro &Aacute;lvares Cabral, s\/n &ndash; Vila Mariana<br>Aberto diariamente das 05h &agrave;s 24h<\/p>\r\n\r\n\r\n\r\n<h2 class=\"wp-block-heading\"><a href=\"https:\/\/www.prefeitura.sp.gov.br\/cidade\/secretarias\/meio_ambiente\/parques\/regiao_centrooeste\/index.php?p=5773\" target=\"_blank\" rel=\"noreferrer noopener nofollow\">Parque Trianon<\/a><\/h2>\r\n\r\n\r\n\r\n<p>O Parque Tenente Siqueira Campos, mais conhecido como Trianon, &eacute; um respiro de natureza em meio &agrave; regi&atilde;o central da Avenida Paulista. Para quem mora perto do parque, &eacute; perfeito para <a href=\"https:\/\/alice.com.br\/blog\/sua-saude\/atividades-fisicas-para-fazer-com-seu-pet\/\" target=\"_blank\" rel=\"noreferrer noopener\">caminhadas leves com os bichinhos<\/a> e para um momento de respiro na rotina.<\/p>\r\n\r\n\r\n\r\n<h3 class=\"wp-block-heading\">Servi&ccedil;o e hor&aacute;rio de funcionamento:<\/h3>\r\n\r\n\r\n\r\n<p>Rua Peixoto Gomide, 949 &ndash; Cerqueira C&eacute;sar<br>(11) 3253-4973 \/ 3289-2160<br>Hor&aacute;rio: Aberto diariamente das 6h &agrave;s 18h<\/p>\r\n\r\n\r\n\r\n<h2 class=\"wp-block-heading\"><a href=\"https:\/\/www.prefeitura.sp.gov.br\/cidade\/secretarias\/meio_ambiente\/parques\/regiao_centrooeste\/index.php?p=5732\" target=\"_blank\" rel=\"noreferrer noopener nofollow\">Parque Buenos Aires<\/a><\/h2>\r\n\r\n\r\n\r\n<p>&Aacute;reas para piqueniques, gramados e um cercado s&oacute; para c&atilde;es&hellip; Quer mais motivos para visitar o Parque Buenos Aires?&nbsp;<\/p>\r\n\r\n\r\n\r\n<h3 class=\"wp-block-heading\">Servi&ccedil;o e hor&aacute;rio de funcionamento:<\/h3>\r\n\r\n\r\n\r\n<p>Avenida Ang&eacute;lica, 1.500 &ndash; Higien&oacute;polis<br>Aberto diariamente das 6h &agrave;s 19h<\/p>\r\n\r\n\r\n\r\n<h2 class=\"wp-block-heading\"><a href=\"https:\/\/www.prefeitura.sp.gov.br\/cidade\/secretarias\/meio_ambiente\/parques\/regiao_sul\/index.php?p=5747\" target=\"_blank\" rel=\"noreferrer noopener nofollow\">Parque Independ&ecirc;ncia<\/a><\/h2>\r\n\r\n\r\n\r\n<figure class=\"wp-block-image size-full\"><figure class=\"wp-attachment-6771\" ><img loading=\"lazy\" decoding=\"async\" width=\"800\" height=\"534\" class=\"wp-image-6771\" src=\"https:\/\/alice.com.br\/blog\/wp-content\/uploads\/2022\/11\/Imagem-do-parque-Independencia-em-Sao-Paulo.jpg\" alt=\"Imagem do parque Independ&ecirc;ncia em S&atilde;o Paulo\" srcset=\"https:\/\/alice.com.br\/blog\/wp-content\/uploads\/2022\/11\/Imagem-do-parque-Independencia-em-Sao-Paulo.jpg 800w, https:\/\/alice.com.br\/blog\/wp-content\/uploads\/2022\/11\/Imagem-do-parque-Independencia-em-Sao-Paulo-300x200.jpg 300w, https:\/\/alice.com.br\/blog\/wp-content\/uploads\/2022\/11\/Imagem-do-parque-Independencia-em-Sao-Paulo-768x513.jpg 768w, https:\/\/alice.com.br\/blog\/wp-content\/uploads\/2022\/11\/Imagem-do-parque-Independencia-em-Sao-Paulo-100x67.jpg 100w, https:\/\/alice.com.br\/blog\/wp-content\/uploads\/2022\/11\/Imagem-do-parque-Independencia-em-Sao-Paulo-150x100.jpg 150w\" sizes=\"auto, (max-width: 800px) 100vw, 800px\"><\/figure>\r\n<figcaption class=\"wp-element-caption\">Foto: Shutterstock<\/figcaption>\r\n<\/figure>\r\n\r\n\r\n\r\n<p>J&aacute; pensou em levar o seu pet para um passeio em jardins franceses, mas em S&atilde;o Paulo? Pois &eacute;. O Parque da Independ&ecirc;ncia fica no bairro do Ipiranga e &eacute; perfeito para um passeio no fim de semana.<\/p>\r\n\r\n\r\n\r\n<h3 class=\"wp-block-heading\">Servi&ccedil;o e hor&aacute;rio de funcionamento:<\/h3>\r\n\r\n\r\n\r\n<p>Avenida Nazareth, s\/n &ndash; Ipiranga<br>Aberto diariamente das 5h &agrave;s 20h<\/p>\r\n\r\n\r\n\r\n<h2 class=\"wp-block-heading\"><a href=\"https:\/\/www.saopaulo.sp.gov.br\/conhecasp\/parques-e-reservas-naturais\/parque-da-aclimacao\/\" target=\"_blank\" rel=\"noreferrer noopener nofollow\">Parque da Aclima&ccedil;&atilde;o<\/a><\/h2>\r\n\r\n\r\n\r\n<figure class=\"wp-block-image size-full\"><figure class=\"wp-attachment-6773\" ><img loading=\"lazy\" decoding=\"async\" width=\"800\" height=\"533\" class=\"wp-image-6773\" src=\"https:\/\/alice.com.br\/blog\/wp-content\/uploads\/2022\/11\/Imagem-do-parque-da-Aclimacao-em-Sao-Paulo.jpg\" alt=\"Imagem do parque da Aclima&ccedil;&atilde;o em S&atilde;o Paulo\" srcset=\"https:\/\/alice.com.br\/blog\/wp-content\/uploads\/2022\/11\/Imagem-do-parque-da-Aclimacao-em-Sao-Paulo.jpg 800w, https:\/\/alice.com.br\/blog\/wp-content\/uploads\/2022\/11\/Imagem-do-parque-da-Aclimacao-em-Sao-Paulo-300x200.jpg 300w, https:\/\/alice.com.br\/blog\/wp-content\/uploads\/2022\/11\/Imagem-do-parque-da-Aclimacao-em-Sao-Paulo-768x512.jpg 768w, https:\/\/alice.com.br\/blog\/wp-content\/uploads\/2022\/11\/Imagem-do-parque-da-Aclimacao-em-Sao-Paulo-100x67.jpg 100w, https:\/\/alice.com.br\/blog\/wp-content\/uploads\/2022\/11\/Imagem-do-parque-da-Aclimacao-em-Sao-Paulo-150x100.jpg 150w\" sizes=\"auto, (max-width: 800px) 100vw, 800px\"><\/figure>\r\n<figcaption class=\"wp-element-caption\">Foto: Shutterstock<\/figcaption>\r\n<\/figure>\r\n\r\n\r\n\r\n<p>O parque &eacute; um dos mais tradicionais da capital paulista e um verdadeiro descanso em meio &agrave; correria do dia a dia na cidade. Os barquinhos no lago, os passarinhos e, &eacute; claro, os espa&ccedil;os para os animais s&atilde;o um verdadeiro convite ao passeio.<\/p>\r\n\r\n\r\n\r\n<h3 class=\"wp-block-heading\">Servi&ccedil;o e hor&aacute;rio de funcionamento:<\/h3>\r\n\r\n\r\n\r\n<p>Rua Muniz de Souza, 1.119 &ndash; Aclima&ccedil;&atilde;o &ndash; Subprefeitura S&eacute;<br>Funcionamento: 06h &agrave;s 20h<\/p>\r\n\r\n\r\n\r\n<h2 class=\"wp-block-heading\">Minhoc&atilde;o<\/h2>\r\n\r\n\r\n\r\n<p>Todos os fins de semana, o Elevado Presidente Jo&atilde;o Goulart, popularmente conhecido como Minhoc&atilde;o, se torna uma pista aberta para pedestres, ciclistas, esportistas e, &eacute; claro, os pets. A experi&ecirc;ncia de ocupar a cidade &eacute; transformadora, uma vez que o local &eacute; ocupado por carros e &ocirc;nibus nos outros dias da semana, e vale super a pena a visita.<\/p>\r\n\r\n\r\n\r\n<p>Ficou curioso sobre outros parques e pra&ccedil;as em S&atilde;o Paulo? Aqui est&aacute; um <a href=\"https:\/\/www.prefeitura.sp.gov.br\/cidade\/secretarias\/subprefeituras\/noticias\/?p=264850\" target=\"_blank\" rel=\"noreferrer noopener\">guia de para c&atilde;es por subprefeituras<\/a> na capital.<\/p>\r\n\r\n\r\n\r\n<p><strong>&zwj;Veja tamb&eacute;m:<\/strong> <a href=\"https:\/\/alice.com.br\/blog\/sua-saude\/beneficios-dos-animais-de-estimacao-para-saude\/\" target=\"_blank\" rel=\"noreferrer noopener\">Benef&iacute;cios dos animais de estima&ccedil;&atilde;o na sua sa&uacute;de mental e f&iacute;sica<\/a><\/p>\r\n\r\n\r\n\r\n<html><body><h2>Alice tem o plano de sa&uacute;de certo para a sua empresa!<\/h2>\n<p>Alice &eacute; uma empresa de tecnologia que oferece planos de sa&uacute;de empresarial e tem a miss&atilde;o de tornar o mundo mais saud&aacute;vel. Nossa plataforma de cuidado cont&iacute;nuo garante que os nossos membros recebam o cuidado certo, na hora certa e no lugar certo, proporcionando uma experi&ecirc;ncia excepcional para eles.<\/p>\n<p>Nossos planos t&ecirc;m cobertura nacional completa, assim como o atendimento e a experi&ecirc;ncia &uacute;nica do Alice Agora, parceiro de sa&uacute;de confi&aacute;vel para todas as horas, direto no app. Fale com o Time de Sa&uacute;de 24\/7, receba resposta em at&eacute; 60 segundos e, se precisar, j&aacute; fa&ccedil;a uma consulta virtual com nossa equipe m&eacute;dica.<\/p>\n<p>Alice tamb&eacute;m tem suporte completo ao seu RH, com dados estrat&eacute;gicos para sua gest&atilde;o &ndash; desde reports de sa&uacute;de populacional at&eacute; de custo de cuidado &ndash;, onboarding exclusivo e account manager dedicado.<\/p>\n<p>Veja como Alice cuida do seu time e do seu or&ccedil;amento.<\/p>\n<html><body><div class=\"cta cta--post--slim_withlogo\">\n\t\t\t\t\t\t\t\t\t<a href=\"https:\/\/alice.com.br\/simulador\">\n\t\t\t\t\t\t\t\t\t<div class=\"logo\">\n\t\t\t\t\t\t\t\t\t\t<img src=\"https:\/\/alice.com.br\/blog\/wp-content\/themes\/arada\/dist\/images\/alice.svg\" width=\"288\" height=\"150\" aria-label=\"hidden\">\n\t\t\t\t\t\t\t\t\t<\/div>\n\t\t\t\t\t\t\t\t\t<span class=\"title\">Fa&ccedil;a uma Cota&ccedil;&atilde;o<\/span><span class=\"icon icon--arrow_right\"><\/span><\/a>\n\t\t\t\t\t\t\t\t<\/div><\/body><\/html><\/body><\/html><\/body><\/html>\n","protected":false},"excerpt":{"rendered":"Descubra onde levar seu pet em SP! Parques, pra\u00e7as e espa\u00e7os ao ar livre para socializar, brincar e aproveitar a cidade juntos com seguran\u00e7a e divers\u00e3o.","protected":false},"author":5,"featured_media":6774,"comment_status":"closed","ping_status":"closed","sticky":false,"template":"","format":"standard","meta":{"_acf_changed":false,"footnotes":""},"categories":[5],"tags":[92,79],"class_list":["post-6766","post","type-post","status-publish","format-standard","has-post-thumbnail","hentry","category-sua-saude","tag-bem-estar","tag-saude-mental"],"acf":[],"_links":{"self":[{"href":"https:\/\/alice.com.br\/blog\/wp-json\/wp\/v2\/posts\/6766","targetHints":{"allow":["GET"]}}],"collection":[{"href":"https:\/\/alice.com.br\/blog\/wp-json\/wp\/v2\/posts"}],"about":[{"href":"https:\/\/alice.com.br\/blog\/wp-json\/wp\/v2\/types\/post"}],"author":[{"embeddable":true,"href":"https:\/\/alice.com.br\/blog\/wp-json\/wp\/v2\/users\/5"}],"replies":[{"embeddable":true,"href":"https:\/\/alice.com.br\/blog\/wp-json\/wp\/v2\/comments?post=6766"}],"version-history":[{"count":9,"href":"https:\/\/alice.com.br\/blog\/wp-json\/wp\/v2\/posts\/6766\/revisions"}],"predecessor-version":[{"id":19437,"href":"https:\/\/alice.com.br\/blog\/wp-json\/wp\/v2\/posts\/6766\/revisions\/19437"}],"wp:featuredmedia":[{"embeddable":true,"href":"https:\/\/alice.com.br\/blog\/wp-json\/wp\/v2\/media\/6774"}],"wp:attachment":[{"href":"https:\/\/alice.com.br\/blog\/wp-json\/wp\/v2\/media?parent=6766"}],"wp:term":[{"taxonomy":"category","embeddable":true,"href":"https:\/\/alice.com.br\/blog\/wp-json\/wp\/v2\/categories?post=6766"},{"taxonomy":"post_tag","embeddable":true,"href":"https:\/\/alice.com.br\/blog\/wp-json\/wp\/v2\/tags?post=6766"}],"curies":[{"name":"wp","href":"https:\/\/api.w.org\/{rel}","templated":true}]}}