{"id":6807,"date":"2021-11-22T10:04:00","date_gmt":"2021-11-22T13:04:00","guid":{"rendered":"https:\/\/blog.alice.com.br\/?p=6807"},"modified":"2025-08-21T09:20:31","modified_gmt":"2025-08-21T12:20:31","slug":"carbofobia-motivos-para-nao-cortar-carboidrato","status":"publish","type":"post","link":"https:\/\/alice.com.br\/blog\/sua-saude\/carbofobia-motivos-para-nao-cortar-carboidrato\/","title":{"rendered":"O que \u00e9 Carbofobia? 6 motivos para n\u00e3o cortar o carboidrato"},"content":{"rendered":"<html><body><p>Fonte de energia essencial, o carboidrato anda sendo exclu&iacute;do do card&aacute;pio de muita gente que quer emagrecer. Mas esse p&acirc;nico ao nutriente pode ser perigoso para a sua sa&uacute;de e se chama carbofobia.<\/p>\r\n\r\n\r\n\r\n<p>Aposto que voc&ecirc; j&aacute; escutou por a&iacute; que comer p&atilde;o, macarr&atilde;o ou algum outro tipo de alimento rico em carboidrato engorda. Possivelmente at&eacute; j&aacute; sentiu culpa por consumir massas, p&atilde;es e bolos &agrave; noite. E tamb&eacute;m j&aacute; soube de algu&eacute;m que come&ccedil;ou dieta por conta pr&oacute;pria e foi logo cortando os carboidratos.<\/p>\r\n\r\n\r\n\r\n<p>Na internet, dietas low carb t&ecirc;m sido exaltadas por influencers que associam um estilo de vida supostamente saud&aacute;vel a um dia a dia repleto de atividade f&iacute;sica e com alimenta&ccedil;&atilde;o restritiva. O carboidrato &eacute; considerado o vil&atilde;o da vez que impede as pessoas de emagrecer e atingir um &ldquo;shape dos sonhos&rdquo;.<\/p>\r\n\r\n\r\n\r\n<p>Esse pensamento de eleger um inimigo e tir&aacute;-lo do nosso prato pode ser perigoso para a sa&uacute;de, na avalia&ccedil;&atilde;o de nutricionistas e m&eacute;dicos. H&aacute; formas mais eficazes e saud&aacute;veis de manter uma alimenta&ccedil;&atilde;o equilibrada, perder peso e ser feliz.<\/p>\r\n\r\n\r\n<div class=\"wp-block-image\">\r\n<figure class=\"aligncenter size-large is-resized\"><a href=\"https:\/\/alice.com.br\/blog\/conteudos-especiais\/modelo-de-plano-alimentar-semanal-gratuito\/\" target=\"_blank\" rel=\"noreferrer noopener\"><figure class=\"wp-attachment-8541\" ><img loading=\"lazy\" decoding=\"async\" class=\"wp-image-8541\" src=\"https:\/\/alice.com.br\/blog\/wp-content\/uploads\/2022\/08\/plano-alimentar-semanal-banner-1024x731.jpg\" alt=\"planner plano alimentar semanal\" width=\"512\" height=\"366\" srcset=\"https:\/\/alice.com.br\/blog\/wp-content\/uploads\/2022\/08\/plano-alimentar-semanal-banner-1024x731.jpg 1024w, https:\/\/alice.com.br\/blog\/wp-content\/uploads\/2022\/08\/plano-alimentar-semanal-banner-300x214.jpg 300w, https:\/\/alice.com.br\/blog\/wp-content\/uploads\/2022\/08\/plano-alimentar-semanal-banner-768x548.jpg 768w, https:\/\/alice.com.br\/blog\/wp-content\/uploads\/2022\/08\/plano-alimentar-semanal-banner-100x71.jpg 100w, https:\/\/alice.com.br\/blog\/wp-content\/uploads\/2022\/08\/plano-alimentar-semanal-banner-150x107.jpg 150w, https:\/\/alice.com.br\/blog\/wp-content\/uploads\/2022\/08\/plano-alimentar-semanal-banner.jpg 1080w\" sizes=\"auto, (max-width: 512px) 100vw, 512px\"><\/figure><\/a><\/figure>\r\n<\/div>\r\n\r\n\r\n<h2 class=\"wp-block-heading\">Por que eliminar carboidratos n&atilde;o &eacute; bom para a sa&uacute;de?<\/h2>\r\n\r\n\r\n\r\n<p>Segundo <a href=\"https:\/\/www.thelancet.com\/journals\/lanpub\/article\/PIIS2468-2667(18)30135-X\/fulltext\" target=\"_blank\" rel=\"noreferrer noopener nofollow\">um estudo publicado pela renomada revista cient&iacute;fica The Lancet<\/a>, dietas que t&ecirc;m na sua composi&ccedil;&atilde;o mais de 70% de calorias provenientes de carboidratos s&atilde;o consideradas excessivas, enquanto aquelas com quantidades menores que 40% desse nutriente constituem restri&ccedil;&atilde;o severa. Os dois casos podem acarretar s&eacute;rios problemas de sa&uacute;de.<\/p>\r\n\r\n\r\n\r\n<p>&ldquo;A diminui&ccedil;&atilde;o radical de qualquer alimento &mdash; ou grupos deles, como o dos carboidratos &mdash; &nbsp;com objetivo de perder peso tem muitos impactos negativos na sa&uacute;de, tanto no corpo f&iacute;sico como no emocional&rdquo;, explica a nutricionista Alessandra Carreiro, nutricionista da Comunidade de Sa&uacute;de da <a href=\"https:\/\/alice.com.br\/\" target=\"_blank\" rel=\"noreferrer noopener\">Alice<\/a>. &ldquo;Os carboidratos proporcionam a energia que o corpo precisa para funcionar e para realizarmos as atividades do dia a dia e ainda s&atilde;o o principal combust&iacute;vel para o nosso c&eacute;rebro.&rdquo;<\/p>\r\n\r\n\r\n\r\n<p><strong>&gt;&gt;<\/strong> <a href=\"https:\/\/alice.com.br\/blog\/sua-saude\/alimentacao-intuitiva-sinais-fome-e-saciedade\/\" target=\"_blank\" rel=\"noreferrer noopener\">Alimenta&ccedil;&atilde;o intuitiva: reconhe&ccedil;a sinais de fome e saciedade<\/a><\/p>\r\n\r\n\r\n\r\n<h2 class=\"wp-block-heading\">O que &eacute; Carbofobia?<\/h2>\r\n\r\n\r\n\r\n<p><strong>&zwj;<\/strong>O nome lembra t&iacute;tulo de filme de terror, mas representa uma realidade cada vez mais comum. Fobias dizem respeito a um temor ou avers&atilde;o exagerada a algo. Logo, carbofobia &eacute; o pavor de carboidratos.<\/p>\r\n\r\n\r\n\r\n<p>Parece exagero, mas &eacute; isso mesmo. O fato de associar a ingest&atilde;o de carboidratos ao ganho de peso est&aacute; deixando muita gente com medo desse macronutriente indispens&aacute;vel para o funcionamento do organismo.<\/p>\r\n\r\n\r\n\r\n<p>Adeptos da <a href=\"https:\/\/alice.com.br\/blog\/sua-saude\/emagrecimento-saudavel-dieta-radical\/\" target=\"_blank\" rel=\"noreferrer noopener\">dieta da moda<\/a> se sentem culpados ap&oacute;s saborear, mesmo que esporadicamente, uma massa ou aquele p&atilde;ozinho franc&ecirc;s rec&eacute;m-sa&iacute;do do forno. A carbofobia est&aacute; relacionada a esse sentimento de culpa em rela&ccedil;&atilde;o &agrave; comida e deve ser encarada com muito cuidado e aten&ccedil;&atilde;o.<\/p>\r\n\r\n\r\n\r\n<p><strong>&ldquo;Eu sugiro que as pessoas que est&atilde;o com medo de comer alimentos com carboidratos por receio de engordar se perguntem por que est&atilde;o com esse medo. Quais as informa&ccedil;&otilde;es, fatos ou dados levaram a essa fobia? As fontes dessas informa&ccedil;&otilde;es s&atilde;o confi&aacute;veis?&rdquo;, questiona Alessandra.<\/strong><\/p>\r\n\r\n\r\n\r\n<p>Essas s&atilde;o perguntas importantes para come&ccedil;armos a entender de onde vem esse sentimento de culpa na alimenta&ccedil;&atilde;o, se ele faz sentido e qual ser&aacute; a nossa escolha a partir disso. Procurar um <a href=\"https:\/\/alice.com.br\/blog\/gestora-de-saude\/nutricao-alice\/\" target=\"_blank\" rel=\"noreferrer noopener\">profissional de nutri&ccedil;&atilde;o<\/a> que n&atilde;o propague o &ldquo;terror em forma de alimentos&rdquo; tamb&eacute;m &eacute; uma boa estrat&eacute;gia.<\/p>\r\n\r\n\r\n\r\n<h2 class=\"wp-block-heading\">Diminuir os carboidratos emagrece?<\/h2>\r\n\r\n\r\n\r\n<p>A resposta &eacute;&hellip; Depende do que voc&ecirc; considera emagrecimento.<\/p>\r\n\r\n\r\n\r\n<p>&Eacute; que existe uma grande diferen&ccedil;a entre perder peso e emagrecer. Na perda de peso, falamos na diminui&ccedil;&atilde;o do n&uacute;mero na balan&ccedil;a. J&aacute; emagrecer significa, literalmente, <a href=\"https:\/\/alice.com.br\/blog\/sua-saude\/alimentacao-musculos-montar-dieta-hipertrofia\/\" target=\"_blank\" rel=\"noreferrer noopener\">ganhar mais massa magra<\/a> e reduzir sua gordura corporal &ndash; o que pode ou n&atilde;o significar perda de peso.<\/p>\r\n\r\n\r\n\r\n<p>Reduzir carboidrato realmente influencia na perda de peso. Mas pode ser uma cilada, j&aacute; que n&atilde;o necessariamente h&aacute; emagrecimento. Isso porque o n&uacute;mero que aparece na balan&ccedil;a &eacute; a soma de gordura (massa gorda) com massa magra (m&uacute;sculo, osso e &aacute;gua).<\/p>\r\n\r\n\r\n\r\n<p>Como o carboidrato &eacute; fonte de energia fundamental, nosso corpo consegue fazer estoques dele no m&uacute;sculo e no f&iacute;gado. S&oacute; que, para guard&aacute;-lo, esse nutriente &eacute; agrupado em mol&eacute;culas de &aacute;gua.<\/p>\r\n\r\n\r\n\r\n<p><strong>Quando uma pessoa para de ingerir carboidratos, ela usa essas reservas e perde &aacute;gua junto no processo, o que leva a uma redu&ccedil;&atilde;o no peso da balan&ccedil;a. &nbsp;Ou seja, perdemos peso, mas n&atilde;o necessariamente emagrecemos.<\/strong><\/p>\r\n\r\n\r\n\r\n<p><strong>&gt;&gt;<\/strong> <a href=\"https:\/\/alice.com.br\/blog\/sua-saude\/jejum-funciona-o-que-diz-a-ciencia\/\" target=\"_blank\" rel=\"noreferrer noopener\">Jejum funciona? Ci&ecirc;ncia questiona restri&ccedil;&atilde;o alimentar <\/a><\/p>\r\n\r\n\r\n\r\n<h3 class=\"wp-block-heading\">Efeitos de cortar carboidratos<\/h3>\r\n\r\n\r\n\r\n<p>Quando as pessoas adotam dietas low carb, h&aacute; um efeito colateral que muita gente n&atilde;o conhece. Ao limitar o consumo de carboidratos aos fins de semana ou a eventos espec&iacute;ficos, por exemplo, a pessoa acaba ganhando peso porque est&aacute; refazendo os estoques de energia de forma natural. Neste caso, recupera rapidamente o &ldquo;peso perdido&rdquo;.<\/p>\r\n\r\n\r\n\r\n<p>Se voc&ecirc; j&aacute; tentou perder gordura ou <a href=\"https:\/\/www.timedesaude.com.br\/artigo\/aumentar-massa-muscular\" target=\"_blank\" rel=\"noreferrer noopener\">ganhar m&uacute;sculo<\/a>, sabe que isso n&atilde;o acontece do dia para a noite. Em casos normais, n&atilde;o h&aacute; muita varia&ccedil;&atilde;o na massa &oacute;ssea na idade adulta.<\/p>\r\n\r\n\r\n\r\n<p>Assim, quando houver uma r&aacute;pida varia&ccedil;&atilde;o na balan&ccedil;a, o que estamos perdendo, na verdade, &eacute; apenas &aacute;gua. E a&iacute; est&aacute; o pulo do gato: ao perder s&oacute; &aacute;gua, voc&ecirc; diminui o percentual de massa magra e, consequentemente, aumenta o de gordura. Por isso, voc&ecirc; pode ao mesmo tempo perder peso na balan&ccedil;a e engordar, ou seja, ter maior propor&ccedil;&atilde;o de gordura o corpo.<\/p>\r\n\r\n\r\n\r\n<p>Por isso que dietas restritivas, al&eacute;m de perigosas, n&atilde;o entregam o que prometem &ndash; ou entregam do jeito errado. A longo prazo, nenhuma delas &eacute; efetiva. Essa constata&ccedil;&atilde;o s&oacute; intensifica o mito de que o carboidrato &eacute; o grande vil&atilde;o.<\/p>\r\n\r\n\r\n\r\n<h2 class=\"wp-block-heading\">6 motivos para n&atilde;o cortar o carboidrato<\/h2>\r\n\r\n\r\n\r\n<p>A defici&ecirc;ncia de carboidrato pode causar:<\/p>\r\n\r\n\r\n\r\n<ul class=\"wp-block-list\">\r\n<li>Dores de cabe&ccedil;a;<\/li>\r\n\r\n\r\n\r\n<li>Ins&ocirc;nia;<\/li>\r\n\r\n\r\n\r\n<li>Altera&ccedil;&otilde;es no humor;<\/li>\r\n\r\n\r\n\r\n<li>Sonol&ecirc;ncia;<\/li>\r\n\r\n\r\n\r\n<li>Perda de massa muscular.<\/li>\r\n<\/ul>\r\n\r\n\r\n<div class=\"wp-block-image\">\r\n<figure class=\"aligncenter size-large is-resized\"><figure class=\"wp-attachment-6810\" ><img loading=\"lazy\" decoding=\"async\" class=\"wp-image-6810\" src=\"https:\/\/alice.com.br\/blog\/wp-content\/uploads\/2022\/11\/motivos-para-nao-cortar-o-carboidrato-1024x780.jpg\" alt=\"tabela ilustrando 6 motivos para n&atilde;o cortar o carboidrato\" width=\"768\" height=\"585\" srcset=\"https:\/\/alice.com.br\/blog\/wp-content\/uploads\/2022\/11\/motivos-para-nao-cortar-o-carboidrato-1024x780.jpg 1024w, https:\/\/alice.com.br\/blog\/wp-content\/uploads\/2022\/11\/motivos-para-nao-cortar-o-carboidrato-300x229.jpg 300w, https:\/\/alice.com.br\/blog\/wp-content\/uploads\/2022\/11\/motivos-para-nao-cortar-o-carboidrato-768x585.jpg 768w, https:\/\/alice.com.br\/blog\/wp-content\/uploads\/2022\/11\/motivos-para-nao-cortar-o-carboidrato-100x76.jpg 100w, https:\/\/alice.com.br\/blog\/wp-content\/uploads\/2022\/11\/motivos-para-nao-cortar-o-carboidrato-150x114.jpg 150w, https:\/\/alice.com.br\/blog\/wp-content\/uploads\/2022\/11\/motivos-para-nao-cortar-o-carboidrato.jpg 1280w\" sizes=\"auto, (max-width: 768px) 100vw, 768px\"><\/figure><\/figure>\r\n<\/div>\r\n\r\n\r\n<h2 class=\"wp-block-heading\">O segredo da alimenta&ccedil;&atilde;o: equil&iacute;brio<\/h2>\r\n\r\n\r\n\r\n<p>Cada organismo &eacute; &uacute;nico. Mas existem algumas recomenda&ccedil;&otilde;es gerais para quem quer se <a href=\"https:\/\/alice.com.br\/blog\/sua-saude\/como-montar-plano-alimentar\/\" target=\"_blank\" rel=\"noreferrer noopener\">alimentar de maneira saud&aacute;vel<\/a> e manter um peso adequado, sem excesso de gordura &ndash; que, mais que uma quest&atilde;o est&eacute;tica, oferece riscos &agrave; sa&uacute;de.<\/p>\r\n\r\n\r\n\r\n<p>A Associa&ccedil;&atilde;o Brasileira para o Estudo da Obesidade e da S&iacute;ndrome Metab&oacute;lica (Abeso) indica que, em uma dieta balanceada, &nbsp;a quantidade de energia consumida em um dia deve ser dividida da seguinte forma: de 20% a 30% de <a href=\"https:\/\/alice.com.br\/blog\/sua-saude\/gordura-animal-faz-mal-para-nosso-corpo\/\" target=\"_blank\" rel=\"noreferrer noopener\">gorduras<\/a>, 50% a 60% de carboidratos e 15% a 20% de <a href=\"https:\/\/alice.com.br\/blog\/sua-saude\/alimentos-ricos-proteina\/\" target=\"_blank\" rel=\"noreferrer noopener\">prote&iacute;nas<\/a>. &nbsp;Pessoas com diabetes devem ingerir uma quantidade menor de carboidratos.<\/p>\r\n\r\n\r\n\r\n<p>Isso significa que, para ter um corpo saud&aacute;vel, precisamos comer de tudo um pouco, inclusive carboidratos. O melhor cen&aacute;rio &eacute; manter uma boa qualidade desses nutrientes, o que significa incluir mais alimentos naturais em vez de processados na sua dieta.<\/p>\r\n\r\n\r\n\r\n<p>&zwj;&ldquo;N&atilde;o se esque&ccedil;a de incluir os alimentos com maior quantidade de fibras, como o arroz e massa integrais, cereais como aveia, p&atilde;es integrais, al&eacute;m das frutas, verduras e legumes, mas sempre respeitando e testando o seu paladar&rdquo;, sugere Alessandra.<\/p>\r\n\r\n\r\n\r\n<h2 class=\"wp-block-heading\">5 tipos de alimentos com mais quantidade de fibras<\/h2>\r\n\r\n\r\n\r\n<ol class=\"wp-block-list\">\r\n<li>Arroz;<\/li>\r\n\r\n\r\n\r\n<li>Massas integrais;<\/li>\r\n\r\n\r\n\r\n<li>Cereais (como aveia e p&atilde;es integrais);<\/li>\r\n\r\n\r\n\r\n<li>Frutas;<\/li>\r\n\r\n\r\n\r\n<li>Verduras e legumes.<\/li>\r\n<\/ol>\r\n\r\n\r\n\r\n<p>Conquistar uma alimenta&ccedil;&atilde;o balanceada &eacute; tamb&eacute;m escutar e respeitar nosso pr&oacute;prio corpo, al&eacute;m de desconstruir e ressignificar a ideia de que um tipo de alimento &eacute; bom ou ruim. No fim das contas, &eacute; tudo uma quest&atilde;o de equil&iacute;brio.<\/p>\r\n\r\n\r\n\r\n<p>&ldquo;Sei que parece um desafio, afinal s&atilde;o muitos anos ouvindo de diversos lugares informa&ccedil;&otilde;es que vilanizam certos tipos de alimento, mas &eacute; poss&iacute;vel mudar essas cren&ccedil;as. Inicie sua transforma&ccedil;&atilde;o se permitindo comer de tudo e observando como cada alimento impacta no seu corpo, como fica sua disposi&ccedil;&atilde;o, seu humor, seu sono, sua unha, seu cabelo, enfim, toda sua rotina&rdquo;, finaliza Alessandra.<\/p>\r\n\r\n\r\n<div class=\"wp-block-image\">\r\n<figure class=\"aligncenter size-large is-resized\"><a href=\"https:\/\/alice.com.br\/ebook-alice-na-cozinha?utm_source=referral&amp;utm_medium=blog&amp;utm_campaign=carbofobia\" target=\"_blank\" rel=\"noreferrer noopener\"><figure class=\"wp-attachment-4077\" ><img loading=\"lazy\" decoding=\"async\" class=\"wp-image-4077\" src=\"https:\/\/timedesaude.com.br\/wp-content\/uploads\/2021\/06\/ebook-de-receitas-saudaveis-banner-1024x731.jpg\" alt=\"ebook de receitas saud&aacute;veis para comer melhor\" width=\"512\" height=\"366\"><\/figure><\/a><\/figure>\r\n<\/div>\r\n\r\n\r\n<html><body><h2>Alice tem o plano de sa&uacute;de certo para a sua empresa!<\/h2>\n<p>Alice &eacute; uma empresa de tecnologia que oferece planos de sa&uacute;de empresarial e tem a miss&atilde;o de tornar o mundo mais saud&aacute;vel. Nossa plataforma de cuidado cont&iacute;nuo garante que os nossos membros recebam o cuidado certo, na hora certa e no lugar certo, proporcionando uma experi&ecirc;ncia excepcional para eles.<\/p>\n<p>Nossos planos t&ecirc;m cobertura nacional completa, assim como o atendimento e a experi&ecirc;ncia &uacute;nica do Alice Agora, parceiro de sa&uacute;de confi&aacute;vel para todas as horas, direto no app. Fale com o Time de Sa&uacute;de 24\/7, receba resposta em at&eacute; 60 segundos e, se precisar, j&aacute; fa&ccedil;a uma consulta virtual com nossa equipe m&eacute;dica.<\/p>\n<p>Alice tamb&eacute;m tem suporte completo ao seu RH, com dados estrat&eacute;gicos para sua gest&atilde;o &ndash; desde reports de sa&uacute;de populacional at&eacute; de custo de cuidado &ndash;, onboarding exclusivo e account manager dedicado.<\/p>\n<p>Veja como Alice cuida do seu time e do seu or&ccedil;amento.<\/p>\n<html><body><div class=\"cta cta--post--slim_withlogo\">\n\t\t\t\t\t\t\t\t\t<a href=\"https:\/\/alice.com.br\/simulador\">\n\t\t\t\t\t\t\t\t\t<div class=\"logo\">\n\t\t\t\t\t\t\t\t\t\t<img src=\"https:\/\/alice.com.br\/blog\/wp-content\/themes\/arada\/dist\/images\/alice.svg\" width=\"288\" height=\"150\" aria-label=\"hidden\">\n\t\t\t\t\t\t\t\t\t<\/div>\n\t\t\t\t\t\t\t\t\t<span class=\"title\">Fa&ccedil;a uma Cota&ccedil;&atilde;o<\/span><span class=\"icon icon--arrow_right\"><\/span><\/a>\n\t\t\t\t\t\t\t\t<\/div><\/body><\/html><\/body><\/html><\/body><\/html>\n","protected":false},"excerpt":{"rendered":"Cortar carboidratos pode at\u00e9 reduzir o peso na balan\u00e7a, mas traz riscos \u00e0 sa\u00fade e n\u00e3o garante emagrecimento real. O segredo est\u00e1 no equil\u00edbrio alimentar.","protected":false},"author":5,"featured_media":6812,"comment_status":"closed","ping_status":"closed","sticky":false,"template":"","format":"standard","meta":{"_acf_changed":false,"footnotes":""},"categories":[5],"tags":[75,92,79],"class_list":["post-6807","post","type-post","status-publish","format-standard","has-post-thumbnail","hentry","category-sua-saude","tag-alimentacao","tag-bem-estar","tag-saude-mental"],"acf":[],"_links":{"self":[{"href":"https:\/\/alice.com.br\/blog\/wp-json\/wp\/v2\/posts\/6807","targetHints":{"allow":["GET"]}}],"collection":[{"href":"https:\/\/alice.com.br\/blog\/wp-json\/wp\/v2\/posts"}],"about":[{"href":"https:\/\/alice.com.br\/blog\/wp-json\/wp\/v2\/types\/post"}],"author":[{"embeddable":true,"href":"https:\/\/alice.com.br\/blog\/wp-json\/wp\/v2\/users\/5"}],"replies":[{"embeddable":true,"href":"https:\/\/alice.com.br\/blog\/wp-json\/wp\/v2\/comments?post=6807"}],"version-history":[{"count":9,"href":"https:\/\/alice.com.br\/blog\/wp-json\/wp\/v2\/posts\/6807\/revisions"}],"predecessor-version":[{"id":19440,"href":"https:\/\/alice.com.br\/blog\/wp-json\/wp\/v2\/posts\/6807\/revisions\/19440"}],"wp:featuredmedia":[{"embeddable":true,"href":"https:\/\/alice.com.br\/blog\/wp-json\/wp\/v2\/media\/6812"}],"wp:attachment":[{"href":"https:\/\/alice.com.br\/blog\/wp-json\/wp\/v2\/media?parent=6807"}],"wp:term":[{"taxonomy":"category","embeddable":true,"href":"https:\/\/alice.com.br\/blog\/wp-json\/wp\/v2\/categories?post=6807"},{"taxonomy":"post_tag","embeddable":true,"href":"https:\/\/alice.com.br\/blog\/wp-json\/wp\/v2\/tags?post=6807"}],"curies":[{"name":"wp","href":"https:\/\/api.w.org\/{rel}","templated":true}]}}