{"id":7074,"date":"2022-02-01T20:25:00","date_gmt":"2022-02-01T20:25:00","guid":{"rendered":"http:\/\/blog.alice.com.br\/?p=2956"},"modified":"2025-08-21T11:04:59","modified_gmt":"2025-08-21T14:04:59","slug":"crianca-pode-ser-vegetariana","status":"publish","type":"post","link":"https:\/\/alice.com.br\/blog\/sua-saude\/crianca-pode-ser-vegetariana\/","title":{"rendered":"Crian\u00e7a pode ser vegetariana? O que dizem os nutricionistas"},"content":{"rendered":"<html><body><p>O n&uacute;mero de pessoas que deixam de comer carne e aderem &agrave; alimenta&ccedil;&atilde;o vegetariana cresce no mundo.&nbsp; <a href=\"https:\/\/www.svb.org.br\/images\/Documentos\/JOB_0416_VEGETARIANISMO.pdf\" target=\"_blank\" rel=\"noreferrer noopener nofollow\">Segundo pesquisa do Ibope Intelig&ecirc;ncia de 2018<\/a>, 14% dos brasileiros se declaram vegetarianos.&nbsp;<\/p>\r\n\r\n\r\n\r\n<p><a href=\"https:\/\/www.forbes.com\/sites\/michaelpellmanrowland\/2018\/03\/23\/millennials-move-away-from-meat\/?sh=2860db28a4a4\" target=\"_blank\" rel=\"noreferrer noopener nofollow\">Levantamento do Instituto Global Data, divulgado pela Revista Forbes<\/a>, apontou que 70% da popula&ccedil;&atilde;o mundial est&aacute; reduzindo ou pretende deixar de consumir carne.&nbsp;<\/p>\r\n\r\n\r\n\r\n<p>A tend&ecirc;ncia &eacute; puxada pelos <em>millennials<\/em>, jovens nascidos entre 1980 e o in&iacute;cio dos anos 1990. Essa gera&ccedil;&atilde;o conta com grande quantidade de informa&ccedil;&otilde;es, sobretudo na internet, e se preocupa com o impacto da alimenta&ccedil;&atilde;o na sa&uacute;de e no meio ambiente.&nbsp;<\/p>\r\n\r\n\r\n\r\n<p>Atentos a essas mudan&ccedil;as de h&aacute;bitos, que tendem a se propagar pelas novas gera&ccedil;&otilde;es, diversos pa&iacute;ses disponibilizam guias alimentares para crian&ccedil;as vegetarianas.<\/p>\r\n\r\n\r\n\r\n<p>Estados Unidos, Canad&aacute;, Austr&aacute;lia e Reino Unido s&atilde;o alguns deles. Em 2019, o governo brasileiro tamb&eacute;m incluiu recomenda&ccedil;&otilde;es em um <a href=\"http:\/\/189.28.128.100\/dab\/docs\/portaldab\/publicacoes\/guia_da_crianca_2019.pdf\" target=\"_blank\" rel=\"noreferrer noopener nofollow\">guia para crian&ccedil;as com menos de dois anos<\/a>.<\/p>\r\n\r\n\r\n\r\n<p>Para que se desenvolvam normalmente, o desafio &eacute; fazer que os pequenos se habituem, desde cedo, a uma alimenta&ccedil;&atilde;o diversificada.&nbsp;<\/p>\r\n\r\n\r\n<div class=\"wp-block-image\">\r\n<figure class=\"aligncenter size-large is-resized\"><a href=\"https:\/\/alice.com.br\/blog\/conteudos-especiais\/modelo-de-plano-alimentar-semanal-gratuito\/\" target=\"_blank\" rel=\"noreferrer noopener\"><figure class=\"wp-attachment-8541\" ><img loading=\"lazy\" decoding=\"async\" class=\"wp-image-8541\" src=\"https:\/\/alice.com.br\/blog\/wp-content\/uploads\/2022\/08\/plano-alimentar-semanal-banner-1024x731.jpg\" alt=\"planner plano alimentar semanal\" width=\"512\" height=\"366\" srcset=\"https:\/\/alice.com.br\/blog\/wp-content\/uploads\/2022\/08\/plano-alimentar-semanal-banner-1024x731.jpg 1024w, https:\/\/alice.com.br\/blog\/wp-content\/uploads\/2022\/08\/plano-alimentar-semanal-banner-300x214.jpg 300w, https:\/\/alice.com.br\/blog\/wp-content\/uploads\/2022\/08\/plano-alimentar-semanal-banner-768x548.jpg 768w, https:\/\/alice.com.br\/blog\/wp-content\/uploads\/2022\/08\/plano-alimentar-semanal-banner-100x71.jpg 100w, https:\/\/alice.com.br\/blog\/wp-content\/uploads\/2022\/08\/plano-alimentar-semanal-banner-150x107.jpg 150w, https:\/\/alice.com.br\/blog\/wp-content\/uploads\/2022\/08\/plano-alimentar-semanal-banner.jpg 1080w\" sizes=\"auto, (max-width: 512px) 100vw, 512px\"><\/figure><\/a><\/figure>\r\n<\/div>\r\n\r\n\r\n<h2 class=\"wp-block-heading\">O que n&atilde;o pode faltar na alimenta&ccedil;&atilde;o vegetariana infantil<\/h2>\r\n\r\n\r\n\r\n<p>Assim como recomendado para os adultos que n&atilde;o comem carne, uma alimenta&ccedil;&atilde;o completa para crian&ccedil;as vegetarianas ou veganas (n&atilde;o consomem nada de origem animal) deve conter <strong>cereais<\/strong> (ex: arroz, milho, quinoa, macarr&atilde;o), <strong>leguminosas<\/strong> (ex: feij&atilde;o, lentilha, gr&atilde;o-de-bico, ervilha), <strong>verduras, legumes e frutas<\/strong>.&nbsp;<\/p>\r\n\r\n\r\n\r\n<p>Esses alimentos devem ser combinados nas refei&ccedil;&otilde;es ao longo do dia. Castanhas e sementes (ex: ab&oacute;bora, girassol, chia e linha&ccedil;a) complementam a <a href=\"https:\/\/alice.com.br\/blog\/sua-saude\/como-escolher-boa-fonte-proteina-vegetal\/\" target=\"_blank\" rel=\"noreferrer noopener\">oferta proteica dos veganos<\/a>.&nbsp;<\/p>\r\n\r\n\r\n\r\n<p>Os vegetarianos tamb&eacute;m contam com derivados do leite e ovos como fonte de prote&iacute;na.&nbsp;<\/p>\r\n\r\n\r\n\r\n<p>Quanto mais variada for a dieta infantil, melhor. &ldquo;Deve-se ter aten&ccedil;&atilde;o especial aos nutrientes como c&aacute;lcio, presente em alimentos como tahine, br&oacute;colis, feij&atilde;o branco, e &ocirc;mega-3, presente na chia, nas sementes e no &oacute;leo de linha&ccedil;a&rdquo;, ressalta a nutricionista Jacqueline Wahrhaftig, da <a href=\"https:\/\/alice.com.br\/\" target=\"_blank\" rel=\"noreferrer noopener\">Alice<\/a>.<\/p>\r\n\r\n\r\n\r\n<p>O prato infantil, segundo a nutri, deve seguir a seguinte propor&ccedil;&atilde;o: &#8531;&nbsp; de legumes e verduras preferencialmente cozidos, &#8531;&nbsp;de leguminosas (ex: feij&atilde;o carioca, ervilha, lentilha, feij&atilde;o azuki, tofu) e &#8531; de cereais e ra&iacute;zes (ex: arroz, quinoa, milho, batatas, mandioca, inhame).<\/p>\r\n\r\n\r\n\r\n<p>&ldquo;A quantidade varia de acordo com a idade, mas &eacute; importante refor&ccedil;ar que as crian&ccedil;as t&ecirc;m capacidade de determinar a sua fome e saciedade. Pais e cuidadores devem respeitar e confiar no quanto a crian&ccedil;a aceita do prato. Isso estimula a autonomia dela&rdquo;, destaca Wahrhaftig.<\/p>\r\n\r\n\r\n\r\n<h3 class=\"wp-block-heading\"><strong>Suplementa&ccedil;&atilde;o de vitaminas &eacute; necess&aacute;ria na 1&ordf; inf&acirc;ncia<\/strong><\/h3>\r\n\r\n\r\n\r\n<p>Pesquisas cient&iacute;ficas apontam que &eacute; poss&iacute;vel ter uma alimenta&ccedil;&atilde;o vegetariana de qualidade na inf&acirc;ncia, se houver conscientiza&ccedil;&atilde;o sobre os aportes nutricionais necess&aacute;rios e suplementa&ccedil;&atilde;o correta.&nbsp;<\/p>\r\n\r\n\r\n\r\n<p><a href=\"https:\/\/www.sciencedaily.com\/releases\/2021\/01\/210121132300.htm\" target=\"_blank\" rel=\"noreferrer noopener nofollow\">Um estudo feito na Finl&acirc;ndia<\/a> mostrou que as fam&iacute;lias veganas de l&aacute; est&atilde;o bem conscientes sobre as exig&ecirc;ncias nutricionais. Mesmo assim, as crian&ccedil;as analisadas apresentaram defici&ecirc;ncia de <a href=\"https:\/\/alice.com.br\/blog\/sua-saude\/para-que-serve-e-beneficios-vitamina-d\/\" target=\"_blank\" rel=\"noreferrer noopener\">vitaminas A e D<\/a>.<\/p>\r\n\r\n\r\n\r\n<p><a href=\"https:\/\/academic.oup.com\/ajcn\/article\/113\/6\/1565\/6178918#259961686\" target=\"_blank\" rel=\"noreferrer noopener nofollow\">Outra pesquisa<\/a> concluiu haver menor risco de problemas card&iacute;acos em crian&ccedil;as veganas, mas identificou diversas car&ecirc;ncias nutricionais.&nbsp;<\/p>\r\n\r\n\r\n\r\n<p>&ldquo;Defici&ecirc;ncia de vitamina B-12, anemia por defici&ecirc;ncia de ferro, ferritina baixa e HDL (bom colesterol) baixo foram mais prevalentes em veganos, que tamb&eacute;m tiveram a preval&ecirc;ncia mais baixa de LDL (<a href=\"https:\/\/alice.com.br\/blog\/sua-saude\/colesterol-alto-tire-suas-duvidas\/\" target=\"_blank\" rel=\"noreferrer noopener\">colesterol ruim<\/a>) alto&rdquo;, conclu&iacute;ram os pesquisadores. Eles destacaram que a suplementa&ccedil;&atilde;o resolveu as baixas concentra&ccedil;&otilde;es de B12 e de vitamina D.<\/p>\r\n\r\n\r\n\r\n<p>A <a href=\"https:\/\/www.spsp.org.br\/site\/asp\/boletins\/AtualizeA4N5.pdf\" target=\"_blank\" rel=\"noreferrer noopener nofollow\">Sociedade Brasileira de Pediatria<\/a> recomenda suplementa&ccedil;&atilde;o de <strong>ferro<\/strong> para todas as crian&ccedil;as em aleitamento materno exclusivo, a partir do 6&deg; m&ecirc;s de vida at&eacute; os dois anos. Depois disso, a complementa&ccedil;&atilde;o de ferro deve ser feita com base nos exames laboratoriais e na avalia&ccedil;&atilde;o cl&iacute;nica.<\/p>\r\n\r\n\r\n\r\n<p>A SBP tamb&eacute;m orienta suplementar a <a href=\"https:\/\/alice.com.br\/blog\/sua-saude\/para-que-serve-e-beneficios-vitamina-d\/\" target=\"_blank\" rel=\"noreferrer noopener\">vitamina D<\/a> at&eacute; os 18 meses de vida em crian&ccedil;as em aleitamento materno que tenham restri&ccedil;&atilde;o de exposi&ccedil;&atilde;o ao sol e em crian&ccedil;as que recebam menos de 500 ml de f&oacute;rmula infantil por dia.&nbsp;<\/p>\r\n\r\n\r\n\r\n<p>J&aacute; a <strong>vitamina B12,<\/strong> encontrada apenas em alimentos de origem animal, deve ser suplementada desde a gesta&ccedil;&atilde;o e durante a amamenta&ccedil;&atilde;o. Isso porque &eacute; por meio da placenta e do leite materno que a crian&ccedil;a recebe essa vitamina.&nbsp;<\/p>\r\n\r\n\r\n\r\n<p>&ldquo;Quando a m&atilde;e n&atilde;o tem bons n&iacute;veis de B12, pode ser necess&aacute;ria suplementa&ccedil;&atilde;o para a crian&ccedil;a. A suplementa&ccedil;&atilde;o em beb&ecirc;s vegetarianos &eacute; geralmente recomendada a partir da introdu&ccedil;&atilde;o alimentar, ou seja, a partir dos seis meses de vida. A avalia&ccedil;&atilde;o e prescri&ccedil;&atilde;o dever&aacute; ser feita pelo pediatra ou pelo nutricionista&rdquo;, destaca Jacqueline Wahrhaftig.<\/p>\r\n\r\n\r\n\r\n<p>O <strong>&ocirc;mega-3<\/strong>, normalmente associado ao consumo de peixes, tamb&eacute;m pode ser encontrado em fontes vegetais. &ldquo;O &ocirc;mega 3 de origem vegetal chama-se ALA e ser&aacute; convertido no corpo em EPA e DHA (outros tipos de &ocirc;mega 3) para cumprir as suas fun&ccedil;&otilde;es. Para que essa convers&atilde;o aconte&ccedil;a de forma adequada, &eacute; interessante que a crian&ccedil;a consuma de 2 a 4g de ALA por dia&rdquo;.&nbsp;<\/p>\r\n\r\n\r\n\r\n<p>O &ocirc;mega-3 ALA pode ser encontrado em chia, nas nozes e na linha&ccedil;a. A fonte vegetal mais rica em &ocirc;mega-3 &eacute; o &oacute;leo de linha&ccedil;a, sendo que em apenas uma colher de ch&aacute; h&aacute; 2,7g de ALA.&nbsp;<\/p>\r\n\r\n\r\n\r\n<p>&ldquo;O &oacute;leo de linha&ccedil;a pode ser inclu&iacute;do na refei&ccedil;&atilde;o da crian&ccedil;a no almo&ccedil;o e no jantar. Al&eacute;m de consumir a quantidade correta de &ocirc;mega- 3, &eacute; importante haver uma boa rela&ccedil;&atilde;o entre &ocirc;mega-3 e &ocirc;mega-6, para que a transforma&ccedil;&atilde;o de &ocirc;mega-3 em EPA e DHA aconte&ccedil;a. Para isso, &eacute; interessante diminuir o consumo de &oacute;leos extra&iacute;dos do milho ou do girassol (mais ricos em &ocirc;mega-6) e dar prefer&ecirc;ncia ao azeite (que &eacute; um tipo de gordura mais neutra que n&atilde;o afeta essa convers&atilde;o)&rdquo;, recomenda a nutricionista.<\/p>\r\n\r\n\r\n\r\n<figure class=\"wp-block-image size-full\"><figure class=\"wp-attachment-7930\" ><img loading=\"lazy\" decoding=\"async\" width=\"889\" height=\"500\" class=\"wp-image-7930\" src=\"https:\/\/alice.com.br\/blog\/wp-content\/uploads\/2022\/02\/Prato-de-comida-vegetariano-para-criancas.jpg\" alt=\"Prato de comida vegetariano para crian&ccedil;as\" srcset=\"https:\/\/alice.com.br\/blog\/wp-content\/uploads\/2022\/02\/Prato-de-comida-vegetariano-para-criancas.jpg 889w, https:\/\/alice.com.br\/blog\/wp-content\/uploads\/2022\/02\/Prato-de-comida-vegetariano-para-criancas-300x169.jpg 300w, https:\/\/alice.com.br\/blog\/wp-content\/uploads\/2022\/02\/Prato-de-comida-vegetariano-para-criancas-768x432.jpg 768w, https:\/\/alice.com.br\/blog\/wp-content\/uploads\/2022\/02\/Prato-de-comida-vegetariano-para-criancas-100x56.jpg 100w, https:\/\/alice.com.br\/blog\/wp-content\/uploads\/2022\/02\/Prato-de-comida-vegetariano-para-criancas-150x84.jpg 150w\" sizes=\"auto, (max-width: 889px) 100vw, 889px\"><\/figure><\/figure>\r\n\r\n\r\n\r\n<h2 class=\"wp-block-heading\"><strong>Estrat&eacute;gias para alimenta&ccedil;&atilde;o saud&aacute;vel infantil<\/strong><\/h2>\r\n\r\n\r\n\r\n<p>Por mais que os pais tentem tornar a refei&ccedil;&atilde;o dos filhos a mais nutritiva poss&iacute;vel, nem sempre as crian&ccedil;as querem comer o que &eacute; colocado no prato. Grande parte torce o nariz para legumes e verduras e n&atilde;o quer sequer provar os vegetais.&nbsp;<\/p>\r\n\r\n\r\n\r\n<p>A recomenda&ccedil;&atilde;o, nesse caso, &eacute; usar a criatividade, ter paci&ecirc;ncia e n&atilde;o desistir de proporcionar <a href=\"https:\/\/alice.com.br\/blog\/sua-saude\/como-montar-plano-alimentar\/\" target=\"_blank\" rel=\"noreferrer noopener\">refei&ccedil;&otilde;es saud&aacute;veis<\/a>.&nbsp;<\/p>\r\n\r\n\r\n\r\n<p>Envolver as crian&ccedil;as, desde a compra no mercado at&eacute; a prepara&ccedil;&atilde;o dos alimentos na cozinha, pode ajudar a romper resist&ecirc;ncias.&nbsp;<\/p>\r\n\r\n\r\n\r\n<p>Oferecer a comida em diferentes formatos tamb&eacute;m &eacute; uma estrat&eacute;gia para aumentar a aceita&ccedil;&atilde;o pelas crian&ccedil;as.&nbsp;<\/p>\r\n\r\n\r\n\r\n<p>&ldquo;Os pais n&atilde;o podem deixar de oferecer os alimentos, mesmo aqueles que a crian&ccedil;a n&atilde;o gosta tanto. Mas nunca devem for&ccedil;ar o consumo&rdquo;, pondera a nutricionista Jacqueline Wahrhaftig.<\/p>\r\n\r\n\r\n\r\n<h3 class=\"wp-block-heading\"><strong>14 dicas para melhorar a alimenta&ccedil;&atilde;o da crian&ccedil;a<\/strong><\/h3>\r\n\r\n\r\n\r\n<ol class=\"wp-block-list\">\r\n<li>Quando poss&iacute;vel, leve a crian&ccedil;a ao mercado ou &agrave; feira e tente envolv&ecirc;-la na escolha dos legumes, verduras e frutas;<\/li>\r\n\r\n\r\n\r\n<li>Incentive a crian&ccedil;a a &ldquo;explorar&rdquo; os alimentos com os outros sentidos: vis&atilde;o, olfato e tato;<\/li>\r\n\r\n\r\n\r\n<li>Pesquise receitas com a crian&ccedil;a para inclu&iacute;-la na prepara&ccedil;&atilde;o dos alimentos;<\/li>\r\n\r\n\r\n\r\n<li>Fa&ccedil;a um card&aacute;pio semanal bem colorido com o seu pequeno, incentivando-o a variar a escolha dos alimentos nos diferentes dias;<\/li>\r\n\r\n\r\n\r\n<li>Varie a forma de cortar e servir os alimentos;<\/li>\r\n\r\n\r\n\r\n<li>Ofere&ccedil;a a possibilidade de a crian&ccedil;a fazer escolhas ao compor o prato;<\/li>\r\n\r\n\r\n\r\n<li>Monte o prato de uma maneira atraente e divertida;<\/li>\r\n\r\n\r\n\r\n<li>Crie nomes para os pratos ou receitas para despertar a curiosidade da crian&ccedil;a;<\/li>\r\n\r\n\r\n\r\n<li>Lembre-se de que op&ccedil;&otilde;es n&atilde;o muito populares entre as crian&ccedil;as, como folhas escuras ricas em c&aacute;lcio e ferro (couve, agri&atilde;o e r&uacute;cula), podem ser oferecidas na forma de sucos, bolinhos ou sopas;<\/li>\r\n\r\n\r\n\r\n<li>Inclua as pastinhas vegetais nas op&ccedil;&otilde;es de refei&ccedil;&atilde;o ou lanche: tahine (gergelim) e homus (gr&atilde;o de bico);<\/li>\r\n\r\n\r\n\r\n<li>Torne a comida acess&iacute;vel: deixe frutas e hortali&ccedil;as j&aacute; lavadas e cortadas ao alcance da crian&ccedil;a, na fruteira ou na geladeira;&nbsp;<\/li>\r\n\r\n\r\n\r\n<li>Evite oferecer alimentos e bebidas industrializadas;<\/li>\r\n\r\n\r\n\r\n<li>Utilize jogos educativos e livros para falar de alimenta&ccedil;&atilde;o saud&aacute;vel de forma l&uacute;dica;<\/li>\r\n\r\n\r\n\r\n<li>D&ecirc; o exemplo e procure fazer uma refei&ccedil;&atilde;o balanceada sempre, sobretudo quando estiverem comendo em fam&iacute;lia.&nbsp;<\/li>\r\n<\/ol>\r\n\r\n\r\n<div class=\"wp-block-image\">\r\n<figure class=\"aligncenter size-large is-resized\"><a href=\"https:\/\/alice.com.br\/ebook-alice-na-cozinha?utm_source=referral&amp;utm_medium=blog&amp;utm_campaign=crianca-vegetariana\" target=\"_blank\" rel=\"https:\/\/alice.com.br\/ebook-alice-na-cozinha noreferrer noopener\"><figure class=\"wp-attachment-1938\" ><img loading=\"lazy\" decoding=\"async\" class=\"wp-image-1938\" src=\"https:\/\/alice.com.br\/blog\/wp-content\/uploads\/2022\/03\/banner_blog-ebook-1-1024x731.jpg\" alt=\"Ebook de receitas saud&aacute;veis Alice na cozinha\" width=\"512\" height=\"366\" srcset=\"https:\/\/alice.com.br\/blog\/wp-content\/uploads\/2022\/03\/banner_blog-ebook-1-1024x731.jpg 1024w, https:\/\/alice.com.br\/blog\/wp-content\/uploads\/2022\/03\/banner_blog-ebook-1-300x214.jpg 300w, https:\/\/alice.com.br\/blog\/wp-content\/uploads\/2022\/03\/banner_blog-ebook-1-768x548.jpg 768w, https:\/\/alice.com.br\/blog\/wp-content\/uploads\/2022\/03\/banner_blog-ebook-1-100x71.jpg 100w, https:\/\/alice.com.br\/blog\/wp-content\/uploads\/2022\/03\/banner_blog-ebook-1-150x107.jpg 150w, https:\/\/alice.com.br\/blog\/wp-content\/uploads\/2022\/03\/banner_blog-ebook-1.jpg 1080w\" sizes=\"auto, (max-width: 512px) 100vw, 512px\"><\/figure><\/a><\/figure>\r\n<\/div>\r\n\r\n\r\n<html><body><h2>Alice tem o plano de sa&uacute;de certo para a sua empresa!<\/h2>\n<p>Alice &eacute; uma empresa de tecnologia que oferece planos de sa&uacute;de empresarial e tem a miss&atilde;o de tornar o mundo mais saud&aacute;vel. Nossa plataforma de cuidado cont&iacute;nuo garante que os nossos membros recebam o cuidado certo, na hora certa e no lugar certo, proporcionando uma experi&ecirc;ncia excepcional para eles.<\/p>\n<p>Nossos planos t&ecirc;m cobertura nacional completa, assim como o atendimento e a experi&ecirc;ncia &uacute;nica do Alice Agora, parceiro de sa&uacute;de confi&aacute;vel para todas as horas, direto no app. Fale com o Time de Sa&uacute;de 24\/7, receba resposta em at&eacute; 60 segundos e, se precisar, j&aacute; fa&ccedil;a uma consulta virtual com nossa equipe m&eacute;dica.<\/p>\n<p>Alice tamb&eacute;m tem suporte completo ao seu RH, com dados estrat&eacute;gicos para sua gest&atilde;o &ndash; desde reports de sa&uacute;de populacional at&eacute; de custo de cuidado &ndash;, onboarding exclusivo e account manager dedicado.<\/p>\n<p>Veja como Alice cuida do seu time e do seu or&ccedil;amento.<\/p>\n<html><body><div class=\"cta cta--post--slim_withlogo\">\n\t\t\t\t\t\t\t\t\t<a href=\"https:\/\/alice.com.br\/simulador\">\n\t\t\t\t\t\t\t\t\t<div class=\"logo\">\n\t\t\t\t\t\t\t\t\t\t<img src=\"https:\/\/alice.com.br\/blog\/wp-content\/themes\/arada\/dist\/images\/alice.svg\" width=\"288\" height=\"150\" aria-label=\"hidden\">\n\t\t\t\t\t\t\t\t\t<\/div>\n\t\t\t\t\t\t\t\t\t<span class=\"title\">Fa&ccedil;a uma Cota&ccedil;&atilde;o<\/span><span class=\"icon icon--arrow_right\"><\/span><\/a>\n\t\t\t\t\t\t\t\t<\/div><\/body><\/html><\/body><\/html><\/body><\/html>\n","protected":false},"excerpt":{"rendered":"Cada vez mais fam\u00edlias est\u00e3o criando crian\u00e7as vegetarianas. Saiba como garantir nutrientes essenciais, quando suplementar e estrat\u00e9gias para refei\u00e7\u00f5es saud\u00e1veis.","protected":false},"author":5,"featured_media":7113,"comment_status":"closed","ping_status":"closed","sticky":false,"template":"","format":"standard","meta":{"_acf_changed":false,"footnotes":""},"categories":[5],"tags":[75],"class_list":["post-7074","post","type-post","status-publish","format-standard","has-post-thumbnail","hentry","category-sua-saude","tag-alimentacao"],"acf":[],"_links":{"self":[{"href":"https:\/\/alice.com.br\/blog\/wp-json\/wp\/v2\/posts\/7074","targetHints":{"allow":["GET"]}}],"collection":[{"href":"https:\/\/alice.com.br\/blog\/wp-json\/wp\/v2\/posts"}],"about":[{"href":"https:\/\/alice.com.br\/blog\/wp-json\/wp\/v2\/types\/post"}],"author":[{"embeddable":true,"href":"https:\/\/alice.com.br\/blog\/wp-json\/wp\/v2\/users\/5"}],"replies":[{"embeddable":true,"href":"https:\/\/alice.com.br\/blog\/wp-json\/wp\/v2\/comments?post=7074"}],"version-history":[{"count":9,"href":"https:\/\/alice.com.br\/blog\/wp-json\/wp\/v2\/posts\/7074\/revisions"}],"predecessor-version":[{"id":19497,"href":"https:\/\/alice.com.br\/blog\/wp-json\/wp\/v2\/posts\/7074\/revisions\/19497"}],"wp:featuredmedia":[{"embeddable":true,"href":"https:\/\/alice.com.br\/blog\/wp-json\/wp\/v2\/media\/7113"}],"wp:attachment":[{"href":"https:\/\/alice.com.br\/blog\/wp-json\/wp\/v2\/media?parent=7074"}],"wp:term":[{"taxonomy":"category","embeddable":true,"href":"https:\/\/alice.com.br\/blog\/wp-json\/wp\/v2\/categories?post=7074"},{"taxonomy":"post_tag","embeddable":true,"href":"https:\/\/alice.com.br\/blog\/wp-json\/wp\/v2\/tags?post=7074"}],"curies":[{"name":"wp","href":"https:\/\/api.w.org\/{rel}","templated":true}]}}