{"id":7143,"date":"2022-04-11T01:21:22","date_gmt":"2022-04-11T01:21:22","guid":{"rendered":"http:\/\/blog.alice.com.br\/uncategorized\/melatonina-como-funciona-suplemento-regula-o-sono\/"},"modified":"2025-08-21T11:15:26","modified_gmt":"2025-08-21T14:15:26","slug":"melatonina-como-funciona-suplemento-regula-o-sono","status":"publish","type":"post","link":"https:\/\/alice.com.br\/blog\/sua-saude\/melatonina-como-funciona-suplemento-regula-o-sono\/","title":{"rendered":"Melatonina: como funciona esse suplemento para sono?"},"content":{"rendered":"<html><body><p>Muito comum nas prateleiras de farm&aacute;cias de outros pa&iacute;ses, como os Estados Unidos, a melatonina era vendida no Brasil apenas com prescri&ccedil;&atilde;o m&eacute;dica.<\/p>\r\n\r\n\r\n\r\n<p>H&aacute; alguns meses, no entanto, a <a href=\"https:\/\/www.gov.br\/anvisa\/pt-br\/assuntos\/noticias-anvisa\/2021\/anvisa-autoriza-a-melatonina-na-forma-de-suplemento-alimentar\" target=\"_blank\" rel=\"noreferrer noopener nofollow\">Anvisa<\/a> (Ag&ecirc;ncia Nacional de Vigil&acirc;ncia Sanit&aacute;ria) autorizou sua comercializa&ccedil;&atilde;o na forma de suplemento alimentar, com a restri&ccedil;&atilde;o do consumo a pessoas com 19 anos ou mais e na dose di&aacute;ria m&aacute;xima de at&eacute; 0,21mg (excluindo gestantes, lactantes e pessoas envolvidas em atividades que requerem aten&ccedil;&atilde;o constante).<\/p>\r\n\r\n\r\n\r\n<h2 class=\"wp-block-heading\">O que &eacute; a melatonina e como ela atua no sono?<\/h2>\r\n\r\n\r\n\r\n<p>Antes &eacute; preciso explicar que a melatonina &eacute; um <strong>horm&ocirc;nio naturalmente produzido pelo nosso corpo<\/strong>, mais especificamente pela gl&acirc;ndula pineal do c&eacute;rebro.<\/p>\r\n\r\n\r\n\r\n<p>Ela tem v&aacute;rias efeitos antioxidantes e anti-inflamat&oacute;rios, al&eacute;m de atuar de forma ben&eacute;fica nas fun&ccedil;&otilde;es end&oacute;crina e cardiovascular, como explica a m&eacute;dica Fernanda Haddad, otorrinolaringologista com atua&ccedil;&atilde;o em medicina do sono.<\/p>\r\n\r\n\r\n\r\n<p>Mas talvez a fun&ccedil;&atilde;o mais &ldquo;popular&rdquo; da melatonina seja a de regular o mecanismo do nosso sono.<\/p>\r\n\r\n\r\n\r\n<p>A secre&ccedil;&atilde;o do horm&ocirc;nio, diz Haddad, &eacute; sens&iacute;vel &agrave; <a href=\"https:\/\/alice.com.br\/blog\/sua-saude\/modo-noturno-celular-qualidade-sono\/\" target=\"_blank\" rel=\"noreferrer noopener\">luminosidade<\/a>. Ou seja, quando a luz do dia cai, nosso corpo j&aacute; come&ccedil;a a fabricar melatonina para, mais tarde, nos induzir ao sono.<\/p>\r\n\r\n\r\n\r\n<p>Assim, muitas pessoas com problemas para dormir acabam recorrendo a ela para garantir o descanso &agrave; noite.<\/p>\r\n\r\n\r\n\r\n<p>Dificuldades para dormir sempre foi um problema ouvido pelos m&eacute;dicos nos consult&oacute;rios brasileiros. Na pandemia da covid-19, a quest&atilde;o se intensificou. Segundo indicou uma <a href=\"https:\/\/institutodosono.com\/artigos-noticias\/pesquisa-sobre-o-sono-na-pandemia\/\" target=\"_blank\" rel=\"noreferrer noopener nofollow\">pesquisa do Instituto do Sono<\/a> conduzida no ano passado, quase <strong>67% da popula&ccedil;&atilde;o brasileira relatou problemas no sono<\/strong> em 2021 (a amostragem ouviu 1,6 mil pessoas de 24 estados do pa&iacute;s, sendo a maioria de SP, que responderam a um question&aacute;rio virtual).<\/p>\r\n\r\n\r\n\r\n<h2 class=\"wp-block-heading\">Para quem a melatonina &eacute; indicada?<\/h2>\r\n\r\n\r\n\r\n<p>Segundo Fernanda Haddad, h&aacute; evid&ecirc;ncias cient&iacute;ficas de que a <strong>melatonina pode ser ben&eacute;fica <\/strong>para tratar alguns dist&uacute;rbios espec&iacute;ficos, como, por exemplo, os causados por efeitos do &ldquo;jet lag&rdquo;, pacientes com atraso de fase do sono (quem come&ccedil;a a dormir e a acordar cada vez mais tarde) ou com avan&ccedil;o de sono (quem dorme e a acorda muito cedo), e at&eacute; dessincroniza&ccedil;&atilde;o entre o ciclo vig&iacute;lia-sono e o dia e a noite, observada com frequ&ecirc;ncia entre alguns tipos de cegueira.<\/p>\r\n\r\n\r\n\r\n<p>A melatonina tamb&eacute;m pode trazer benef&iacute;cios para quem possui dist&uacute;rbios comportamentais no <a href=\"https:\/\/alice.com.br\/blog\/sua-saude\/sono-rem-que-e-importancia\/\" target=\"_blank\" rel=\"noreferrer noopener\">sono REM (fase reparadora do sono)<\/a>, que pode acontecer em pacientes da doen&ccedil;a de Parkinson.<\/p>\r\n\r\n\r\n\r\n<h3 class=\"wp-block-heading\">Existem riscos em tomar melatonina?<\/h3>\r\n\r\n\r\n\r\n<p>Apesar de ser considerada um suplemento alimentar pela Anvisa, a <strong>melatonina n&atilde;o deve ser usada de forma indiscriminada<\/strong> por qualquer um e nem para tratar qualquer altera&ccedil;&atilde;o no sono, alerta Haddad.<\/p>\r\n\r\n\r\n\r\n<p>Ela explica que a dose e o hor&aacute;rio da ingest&atilde;o do horm&ocirc;nio, por exemplo, podem influenciar seus efeitos &ndash; n&atilde;o s&oacute; durante o sono, como tamb&eacute;m na vig&iacute;lia.<\/p>\r\n\r\n\r\n\r\n<p>Al&eacute;m disso, alguns efeitos colaterais j&aacute; foram descritos na literatura m&eacute;dica, como fadiga e sonol&ecirc;ncia excessiva, falta de concentra&ccedil;&atilde;o, agravamento da depress&atilde;o, <a href=\"https:\/\/alice.com.br\/blog\/sua-saude\/como-aliviar-dor-de-cabeca\/\" target=\"_blank\" rel=\"noreferrer noopener\">dor de cabe&ccedil;a e enxaqueca<\/a>, dor de barriga e diarreia, ansiedade, <a href=\"https:\/\/alice.com.br\/blog\/sua-saude\/o-que-causa-insonia-e-tratamentos\/\" target=\"_blank\" rel=\"noreferrer noopener\">ins&ocirc;nia<\/a>, sonhos anormais, tonturas, hipertens&atilde;o, azia e boca seca, al&eacute;m de sintomas da menopausa.<\/p>\r\n\r\n\r\n\r\n<p>&ldquo;Por isso tamb&eacute;m a import&acirc;ncia do acompanhamento m&eacute;dico&rdquo;, ressalta ela, que acrescenta que a melatonina normalmente &eacute; prescrita em associa&ccedil;&atilde;o a outras estrat&eacute;gias comportamentais, como a higiene do sono.<\/p>\r\n\r\n\r\n\r\n<h3 class=\"wp-block-heading\">O que &eacute; a higiene do sono?<\/h3>\r\n\r\n\r\n\r\n<p>&Eacute; uma rotina de pr&aacute;ticas que favorecem uma <a href=\"https:\/\/alice.com.br\/blog\/sua-saude\/qualidade-do-sono-como-ter-sono-saudavel\/\" target=\"_blank\" rel=\"noreferrer noopener\">boa qualidade do sono<\/a> e que pode ser adotada por todos.<\/p>\r\n\r\n\r\n\r\n<p>Fernanda Haddad d&aacute; dicas:<\/p>\r\n\r\n\r\n\r\n<ul class=\"wp-block-list\">\r\n<li>Ter hor&aacute;rios regulares de sono, ou seja, ir para a cama e despertar sempre nos mesmos hor&aacute;rios;<\/li>\r\n\r\n\r\n\r\n<li>Evitar a exposi&ccedil;&atilde;o &agrave; luz pr&oacute;ximo ao hor&aacute;rio de dormir, incluindo telas de celular, computador, TV etc;<\/li>\r\n\r\n\r\n\r\n<li>Manter <a href=\"https:\/\/alice.com.br\/blog\/sua-saude\/planilha-de-corrida-para-iniciantes\/\" target=\"_blank\" rel=\"noreferrer noopener\">atividade f&iacute;sica regular<\/a>, por&eacute;m evitar exercitar-se pr&oacute;ximo ao hor&aacute;rio de dormir;<\/li>\r\n\r\n\r\n\r\n<li>Fazer atividades relaxantes perto da hora de ir para a cama;<\/li>\r\n\r\n\r\n\r\n<li>Jantar uma <a href=\"https:\/\/alice.com.br\/blog\/sua-saude\/como-montar-plano-alimentar\/\" target=\"_blank\" rel=\"noreferrer noopener\">refei&ccedil;&atilde;o leve e saud&aacute;vel<\/a>;<\/li>\r\n\r\n\r\n\r\n<li>Evitar <a href=\"https:\/\/alice.com.br\/blog\/sua-saude\/suplemento-termogenico-cafe-quais-beneficios-riscos\/\" target=\"_blank\" rel=\"noreferrer noopener\">consumo de cafe&iacute;na<\/a> e subst&acirc;ncias estimulantes pr&oacute;ximas ao hor&aacute;rio de dormir.<\/li>\r\n<\/ul>\r\n\r\n\r\n\r\n<p><a href=\"https:\/\/open.spotify.com\/episode\/3LAxJdyszGhfxM5AF0M6xF?si=HbXCFiOTSl-y4UA2X6VftQ\" target=\"_blank\" rel=\"noreferrer noopener nofollow\">Confira um epis&oacute;dio do nosso Podcast sobre Higiene do sono.<\/a><\/p>\r\n\r\n\r\n\r\n<h2 class=\"wp-block-heading\">O que &eacute; o triptofano?<\/h2>\r\n\r\n\r\n\r\n<p>Quem j&aacute; pesquisou sobre suplementa&ccedil;&atilde;o para ajudar no sono certamente se deparou com dicas sobre o uso do triptofano.<\/p>\r\n\r\n\r\n\r\n<p>O triptofano &eacute; um <strong>amino&aacute;cido n&atilde;o produzido por nosso organismo<\/strong>, mas, sim, obtido por meio da alimenta&ccedil;&atilde;o (em carnes magras, peixes como atum e salm&atilde;o e leguminosas, como lentilhas, entre outros) ou na forma de suplementos alimentares, tamb&eacute;m encontrados em farm&aacute;cias.<\/p>\r\n\r\n\r\n\r\n<p>A Anvisa restringe seu uso a pessoas com 19 anos ou mais (dose m&aacute;xima de 860mg di&aacute;rios) e veta a ingest&atilde;o por parte de gestantes, lactantes e crian&ccedil;as.<\/p>\r\n\r\n\r\n\r\n<p>Tamb&eacute;m conhecido como &ldquo;L triptofano&rdquo;, o amino&aacute;cido &eacute; um precursor da <a href=\"https:\/\/alice.com.br\/blog\/sua-saude\/o-que-e-serotonina-como-ela-age-no-corpo\/\" target=\"_blank\" rel=\"noreferrer noopener\">serotonina<\/a>, ou seja, aumenta a quantidade desse neurotransmissor respons&aacute;vel pela sensa&ccedil;&atilde;o de prazer e bem-estar. Ele tamb&eacute;m atua como um precursor natural da melatonina no nosso corpo, trazendo os benef&iacute;cios j&aacute; citados do horm&ocirc;nio.<\/p>\r\n\r\n\r\n\r\n<p>Apesar de as evid&ecirc;ncias serem limitadas, e ainda haver necessidades de mais estudos sobre os benef&iacute;cios para o sono, uma <a href=\"https:\/\/academic.oup.com\/nutritionreviews\/article-abstract\/80\/2\/306\/6263432?redirectedFrom=fulltext&amp;login=false#no-access-message\" target=\"_blank\" rel=\"noreferrer noopener nofollow\">ampla revis&atilde;o conduzida pela Faculdade de Ci&ecirc;ncias da Universidade de Cingapura<\/a>, publicada em maio de 2021 na revista cient&iacute;fica &ldquo;Nutrition Reviews&rdquo;, concluiu que o consumo de 1 grama de triptofano por dia melhorou a qualidade do sono.<\/p>\r\n\r\n\r\n\r\n<html><body><h2>Alice tem o plano de sa&uacute;de certo para a sua empresa!<\/h2>\n<p>Alice &eacute; uma empresa de tecnologia que oferece planos de sa&uacute;de empresarial e tem a miss&atilde;o de tornar o mundo mais saud&aacute;vel. Nossa plataforma de cuidado cont&iacute;nuo garante que os nossos membros recebam o cuidado certo, na hora certa e no lugar certo, proporcionando uma experi&ecirc;ncia excepcional para eles.<\/p>\n<p>Nossos planos t&ecirc;m cobertura nacional completa, assim como o atendimento e a experi&ecirc;ncia &uacute;nica do Alice Agora, parceiro de sa&uacute;de confi&aacute;vel para todas as horas, direto no app. Fale com o Time de Sa&uacute;de 24\/7, receba resposta em at&eacute; 60 segundos e, se precisar, j&aacute; fa&ccedil;a uma consulta virtual com nossa equipe m&eacute;dica.<\/p>\n<p>Alice tamb&eacute;m tem suporte completo ao seu RH, com dados estrat&eacute;gicos para sua gest&atilde;o &ndash; desde reports de sa&uacute;de populacional at&eacute; de custo de cuidado &ndash;, onboarding exclusivo e account manager dedicado.<\/p>\n<p>Veja como Alice cuida do seu time e do seu or&ccedil;amento.<\/p>\n<html><body><div class=\"cta cta--post--slim_withlogo\">\n\t\t\t\t\t\t\t\t\t<a href=\"https:\/\/alice.com.br\/simulador\">\n\t\t\t\t\t\t\t\t\t<div class=\"logo\">\n\t\t\t\t\t\t\t\t\t\t<img src=\"https:\/\/alice.com.br\/blog\/wp-content\/themes\/arada\/dist\/images\/alice.svg\" width=\"288\" height=\"150\" aria-label=\"hidden\">\n\t\t\t\t\t\t\t\t\t<\/div>\n\t\t\t\t\t\t\t\t\t<span class=\"title\">Fa&ccedil;a uma Cota&ccedil;&atilde;o<\/span><span class=\"icon icon--arrow_right\"><\/span><\/a>\n\t\t\t\t\t\t\t\t<\/div><\/body><\/html><\/body><\/html><\/body><\/html>\n","protected":false},"excerpt":{"rendered":"A melatonina agora \u00e9 vendida no Brasil como suplemento. Pode ajudar no sono, mas exige cuidado com dose, hor\u00e1rio e orienta\u00e7\u00e3o m\u00e9dica","protected":false},"author":5,"featured_media":7162,"comment_status":"closed","ping_status":"closed","sticky":false,"template":"","format":"standard","meta":{"_acf_changed":false,"footnotes":""},"categories":[5],"tags":[92,131],"class_list":["post-7143","post","type-post","status-publish","format-standard","has-post-thumbnail","hentry","category-sua-saude","tag-bem-estar","tag-qualidade-de-vida"],"acf":[],"_links":{"self":[{"href":"https:\/\/alice.com.br\/blog\/wp-json\/wp\/v2\/posts\/7143","targetHints":{"allow":["GET"]}}],"collection":[{"href":"https:\/\/alice.com.br\/blog\/wp-json\/wp\/v2\/posts"}],"about":[{"href":"https:\/\/alice.com.br\/blog\/wp-json\/wp\/v2\/types\/post"}],"author":[{"embeddable":true,"href":"https:\/\/alice.com.br\/blog\/wp-json\/wp\/v2\/users\/5"}],"replies":[{"embeddable":true,"href":"https:\/\/alice.com.br\/blog\/wp-json\/wp\/v2\/comments?post=7143"}],"version-history":[{"count":14,"href":"https:\/\/alice.com.br\/blog\/wp-json\/wp\/v2\/posts\/7143\/revisions"}],"predecessor-version":[{"id":19134,"href":"https:\/\/alice.com.br\/blog\/wp-json\/wp\/v2\/posts\/7143\/revisions\/19134"}],"wp:featuredmedia":[{"embeddable":true,"href":"https:\/\/alice.com.br\/blog\/wp-json\/wp\/v2\/media\/7162"}],"wp:attachment":[{"href":"https:\/\/alice.com.br\/blog\/wp-json\/wp\/v2\/media?parent=7143"}],"wp:term":[{"taxonomy":"category","embeddable":true,"href":"https:\/\/alice.com.br\/blog\/wp-json\/wp\/v2\/categories?post=7143"},{"taxonomy":"post_tag","embeddable":true,"href":"https:\/\/alice.com.br\/blog\/wp-json\/wp\/v2\/tags?post=7143"}],"curies":[{"name":"wp","href":"https:\/\/api.w.org\/{rel}","templated":true}]}}