{"id":7324,"date":"2021-08-16T02:13:00","date_gmt":"2021-08-16T02:13:00","guid":{"rendered":"http:\/\/blog.alice.com.br\/uncategorized\/aulas-covid-19-recomendacoes-da-ciencia\/"},"modified":"2026-02-09T15:34:01","modified_gmt":"2026-02-09T18:34:01","slug":"aulas-covid-19-recomendacoes-da-ciencia","status":"publish","type":"post","link":"https:\/\/alice.com.br\/blog\/sua-saude\/aulas-covid-19-recomendacoes-da-ciencia\/","title":{"rendered":"Aulas presenciais e covid-19: o que diz a Ci\u00eancia?"},"content":{"rendered":"<html><body><p>A retomada das aulas presenciais em S&atilde;o Paulo, desde o in&iacute;cio deste m&ecirc;s, vem acompanhada de uma s&eacute;rie de questionamentos sobre a sa&uacute;de e seguran&ccedil;a de alunos e professores em classe. Cabe aos pais e respons&aacute;veis decidir ou n&atilde;o pelo retorno dos filhos &agrave;s escolas p&uacute;blicas e particulares, que agora operam com capacidade de funcionamento m&aacute;xima.&nbsp;<\/p>\r\n\r\n\r\n\r\n<p>A Secretaria Estadual de Educa&ccedil;&atilde;o autorizou cada escola a avaliar se tem capacidade de retomar as atividades presenciais seguindo as normas estabelecidas: uso obrigat&oacute;rio de m&aacute;scara, oferta de &aacute;lcool em gel e distanciamento de 1 metro entre os alunos em sala de aula. A secretaria tamb&eacute;m recomenda o rod&iacute;zio para os estabelecimentos que n&atilde;o conseguirem se adequar a esse distanciamento m&iacute;nimo.<\/p>\r\n\r\n\r\n\r\n<p>Pesquisadores de todo o mundo est&atilde;o estudando a retomada da rotina estudantil e entendendo como lidar com o ambiente e a seguran&ccedil;a de alunos, professores e comunidade local. No Brasil, o grupo ModCovid19, formado por pesquisadores de diferentes &aacute;reas e institui&ccedil;&otilde;es, tem focado esfor&ccedil;os para desenvolver modelos matem&aacute;ticos capazes de simular fen&ocirc;menos, comportamentos e poss&iacute;veis cen&aacute;rios ligados &agrave; pandemia.<\/p>\r\n\r\n\r\n\r\n<p>Um <a href=\"http:\/\/www.cemeai.icmc.usp.br\/component\/k2\/item\/1230-estudo-relaciona-uso-correto-de-mascaras-ao-retorno-seguro-as-aulas-presenciais\" target=\"_blank\" rel=\"noreferrer noopener nofollow\">estudo<\/a> realizado pelo grupo nas escolas de Maragogi (AL) apontou que, al&eacute;m da boa ventila&ccedil;&atilde;o, o&nbsp;monitoramento de sintomas e casos suspeitos, turmas alternadas, e m&aacute;scaras bem utilizadas, ou seja, que cubram completamente a boca, o nariz e estejam bem ajustadas ao rosto, s&atilde;o pe&ccedil;as fundamentais para controlar o v&iacute;rus na comunidade escolar.&nbsp;<\/p>\r\n\r\n\r\n\r\n<p>Por outro lado, m&aacute;scaras mal utilizadas podem causar um aumento de at&eacute; 1.141% de contamina&ccedil;&otilde;es por <a href=\"https:\/\/alice.com.br\/blog\/sua-saude\/por-que-vacinar-contra-coronavirus\/\" target=\"_blank\" rel=\"noreferrer noopener\">covid-19<\/a> no ambiente escolar. Al&eacute;m disso, os professores devem utilizar m&aacute;scaras PFF2. Estudos mostram que elas t&ecirc;m capacidade de filtragem muito maior em compara&ccedil;&atilde;o com a permeabilidade das m&aacute;scaras de tecido de baixa qualidade.&nbsp;<\/p>\r\n\r\n\r\n\r\n<p>Um outro estudo publicado na revista cient&iacute;fica <a href=\"https:\/\/jamanetwork.com\/journals\/jama\/article-abstract\/2781847\" target=\"_blank\" rel=\"noreferrer noopener nofollow\">JAMA<\/a> com 169 escolas de ensino fundamental da Ge&oacute;rgia, nos Estados Unidos, tamb&eacute;m endossou a import&acirc;ncia da m&aacute;scara. O&nbsp;estudo apontou que as escolas com regras de uso obrigat&oacute;rio da prote&ccedil;&atilde;o tiveram 37% menos casos de covid-19 do que escolas sem este requisito.<\/p>\r\n<p>Leia tamb&eacute;m: <a href=\"https:\/\/alice.com.br\/blog\/sua-saude\/virose-o-que-e-sintomas-como-tratar\/\"><strong>Virose: o que &eacute;, quais s&atilde;o os sintomas e como tratar?<\/strong><\/a><\/p>\r\n\r\n\r\n\r\n<h2 class=\"wp-block-heading\"><strong>Ventila&ccedil;&atilde;o da sala de aula<\/strong><\/h2>\r\n\r\n\r\n\r\n<p>O <a href=\"https:\/\/www.sciencedirect.com\/science\/article\/pii\/S0360132321005680?dgcid=coauthor\" target=\"_blank\" rel=\"noreferrer noopener nofollow\">MIT (Instituto de Tecnologia do Massachusetts)<\/a> demonstrou que janelas abertas e um bom sistema de ventila&ccedil;&atilde;o s&atilde;o essenciais para manter as salas de aula seguras, mas &eacute; poss&iacute;vel criar novas solu&ccedil;&otilde;es para evitar contamina&ccedil;&otilde;es.&nbsp;&nbsp;<\/p>\r\n\r\n\r\n\r\n<p>Atualmente, a Ci&ecirc;ncia aponta que o Sars-Cov-2, o v&iacute;rus que causa a covid-19, tem potencial de ser transmitido por via a&eacute;rea por meio de aeross&oacute;is (micropart&iacute;culas que saem de forma espont&acirc;nea da nossa respira&ccedil;&atilde;o). Sendo assim, as janelas abertas e aparelhos de sistema industrial de climatiza&ccedil;&atilde;o podem diminuir a concentra&ccedil;&atilde;o desses aeross&oacute;is, j&aacute; que a ventila&ccedil;&atilde;o induz a movimenta&ccedil;&atilde;o do ar.&nbsp;<\/p>\r\n\r\n\r\n\r\n<p>A descoberta do MIT &eacute; que a inclus&atilde;o de uma ventila&ccedil;&atilde;o no teto potencializa esse processo. Uma simples abertura no ambiente pode aumentar a circula&ccedil;&atilde;o de ar, portanto o cen&aacute;rio ideal envolve o ar fresco entrando em uma sala de aula perto do n&iacute;vel do solo e subindo cada vez mais, at&eacute; sair da sala pelas aberturas do teto.&nbsp;<\/p>\r\n\r\n\r\n\r\n<p>Como o movimento do ar na horizontal pode espalhar as part&iacute;culas de respira&ccedil;&atilde;o entre os alunos sentados, o movimento vertical p&otilde;e o ar para circular de forma que ele saia da sala sem que ele passe pelos alunos sentados, refor&ccedil;ando a seguran&ccedil;a do local.&nbsp;<\/p>\r\n\r\n\r\n\r\n<p>Para ter mais seguran&ccedil;a de que o ar est&aacute; em movimento e que os aeross&oacute;is n&atilde;o est&atilde;o concentrados, o MIT estuda incluir um defletor dentro da janela aberta para direcionar o ar para o ch&atilde;o. Esse aparelho cria uma ventila&ccedil;&atilde;o de deslocamento, de modo que o ar sempre entre fresco dentro da sala e n&atilde;o crie uma dispers&atilde;o dos aeross&oacute;is entre os alunos.&nbsp;<\/p>\r\n\r\n\r\n\r\n<p>O estudo refor&ccedil;a o uso de m&aacute;scaras mesmo com distanciamento social e a import&acirc;ncia de elas estarem ajustadas ao rosto para diminuir a velocidade de expira&ccedil;&atilde;o, que &eacute; de 1 metro por segundo, sendo que a tosse cria velocidades ainda mais altas. Com o uso de m&aacute;scara, essas velocidades se mant&ecirc;m baixas, e &eacute; mais f&aacute;cil e mais seguro fazer a troca de ar do ambiente sem espalhar aeross&oacute;is.&nbsp;<\/p>\r\n\r\n\r\n\r\n<h2 class=\"wp-block-heading\"><strong>Monitoramento de casos suspeitos de covid-19<\/strong><\/h2>\r\n\r\n\r\n\r\n<p>No Reino Unido, escolas que implementaram o programa de teste r&aacute;pido mesmo em casos assintom&aacute;ticos est&atilde;o sendo consideradas ambientes de baixo risco de contamina&ccedil;&atilde;o, de acordo com avalia&ccedil;&atilde;o feita pela <a href=\"https:\/\/www.bmj.com\/content\/374\/bmj.n2008\" target=\"_blank\" rel=\"noreferrer noopener nofollow\">London School of Hygiene and Tropical Medicine<\/a> e pela Public Health England.&nbsp;&nbsp;<\/p>\r\n\r\n\r\n\r\n<p>O estudo analisou a preval&ecirc;ncia da infec&ccedil;&atilde;o por Sars-CoV-2 entre uma amostra de 12.485 alunos e 3.819 funcion&aacute;rios e demonstrou que as medidas de higieniza&ccedil;&atilde;o e teste r&aacute;pido puderam garantir um maior controle da infec&ccedil;&atilde;o dentro do ambiente escolar do que na comunidade.<\/p>\r\n\r\n\r\n\r\n<p>Em S&atilde;o Paulo, n&atilde;o h&aacute; obrigatoriedade de testes r&aacute;pidos nas escolas para rastreamento da covid-19. A recomenda&ccedil;&atilde;o &eacute; que o exame PCR seja aplicado apenas para alunos sintom&aacute;ticos, entre o terceiro e s&eacute;timo dia de in&iacute;cio dos sintomas. Contudo, h&aacute; escolas particulares da capital que aderiram &agrave; testagem dos alunos com periodicidade semanal ou quinzenal para rastreamento de casos assintom&aacute;ticos ou para diagn&oacute;stico precoce.&nbsp;<\/p>\r\n\r\n\r\n\r\n<p>Em caso de qualquer sintoma, como febre, tosse seca, cansa&ccedil;o, seja no estudante, familiar ou pessoa que teve contato nos &uacute;ltimos 14 dias com quem testou positivo para covid-19, a recomenda&ccedil;&atilde;o &eacute; praticar o isolamento e buscar informa&ccedil;&otilde;es de profissionais de sa&uacute;de para avaliar os sintomas e fazer o teste, seguindo as recomenda&ccedil;&otilde;es de cada munic&iacute;pio.&nbsp;<\/p>\r\n\r\n\r\n\r\n<p>No caso da cidade de S&atilde;o Paulo, a sugest&atilde;o de afastamento &eacute; 20 dias ap&oacute;s os sintomas ou diagn&oacute;stico de covid-19 ou ap&oacute;s 10 dias com teste negativo, desde que a pessoa passe 24 horas sem febre ou outros sintomas. Em ambos os casos, &eacute; importante a media&ccedil;&atilde;o e avalia&ccedil;&atilde;o de um profissional de sa&uacute;de.&nbsp;<\/p>\r\n\r\n\r\n\r\n<p>&Eacute; importante tamb&eacute;m comunicar a comunidade escolar e seguir os protocolos de cada escola para rastreamento e diagn&oacute;stico precoce.<\/p>\r\n\r\n\r\n\r\n<p><strong>Veja tamb&eacute;m<\/strong>: <a href=\"https:\/\/alice.com.br\/blog\/sua-saude\/vacina-criancas-covid\/\" target=\"_blank\" rel=\"noreferrer noopener\">Por que &eacute; importante vacinar as crian&ccedil;as contra a covid-19?<\/a><\/p>\r\n\r\n\r\n\r\n<html><body><h2>Alice tem o plano de sa&uacute;de certo para a sua empresa!<\/h2>\n<p>Alice &eacute; uma empresa de tecnologia que oferece planos de sa&uacute;de empresarial e tem a miss&atilde;o de tornar o mundo mais saud&aacute;vel. Nossa plataforma de cuidado cont&iacute;nuo garante que os nossos membros recebam o cuidado certo, na hora certa e no lugar certo, proporcionando uma experi&ecirc;ncia excepcional para eles.<\/p>\n<p>Nossos planos t&ecirc;m cobertura nacional completa, assim como o atendimento e a experi&ecirc;ncia &uacute;nica do Alice Agora, parceiro de sa&uacute;de confi&aacute;vel para todas as horas, direto no app. Fale com o Time de Sa&uacute;de 24\/7, receba resposta em at&eacute; 60 segundos e, se precisar, j&aacute; fa&ccedil;a uma consulta virtual com nossa equipe m&eacute;dica.<\/p>\n<p>Alice tamb&eacute;m tem suporte completo ao seu RH, com dados estrat&eacute;gicos para sua gest&atilde;o &ndash; desde reports de sa&uacute;de populacional at&eacute; de custo de cuidado &ndash;, onboarding exclusivo e account manager dedicado.<\/p>\n<p>Veja como Alice cuida do seu time e do seu or&ccedil;amento.<\/p>\n<html><body><div class=\"cta cta--post--slim_withlogo\">\n\t\t\t\t\t\t\t\t\t<a href=\"https:\/\/alice.com.br\/simulador\">\n\t\t\t\t\t\t\t\t\t<div class=\"logo\">\n\t\t\t\t\t\t\t\t\t\t<img src=\"https:\/\/alice.com.br\/blog\/wp-content\/themes\/arada\/dist\/images\/alice.svg\" width=\"288\" height=\"150\" aria-label=\"hidden\">\n\t\t\t\t\t\t\t\t\t<\/div>\n\t\t\t\t\t\t\t\t\t<span class=\"title\">Fa&ccedil;a uma Cota&ccedil;&atilde;o<\/span><span class=\"icon icon--arrow_right\"><\/span><\/a>\n\t\t\t\t\t\t\t\t<\/div><\/body><\/html><\/body><\/html><\/body><\/html>\n","protected":false},"excerpt":{"rendered":"Uso de m\u00e1scaras e ventila\u00e7\u00e3o s\u00e3o essenciais para manter a sala de aula livre de infec\u00e7\u00f5es por coronav\u00edrus. Confira mais detalhes.","protected":false},"author":5,"featured_media":7414,"comment_status":"closed","ping_status":"closed","sticky":false,"template":"","format":"standard","meta":{"_acf_changed":false,"footnotes":""},"categories":[5],"tags":[92,141],"class_list":["post-7324","post","type-post","status-publish","format-standard","has-post-thumbnail","hentry","category-sua-saude","tag-bem-estar","tag-covid-19"],"acf":[],"_links":{"self":[{"href":"https:\/\/alice.com.br\/blog\/wp-json\/wp\/v2\/posts\/7324","targetHints":{"allow":["GET"]}}],"collection":[{"href":"https:\/\/alice.com.br\/blog\/wp-json\/wp\/v2\/posts"}],"about":[{"href":"https:\/\/alice.com.br\/blog\/wp-json\/wp\/v2\/types\/post"}],"author":[{"embeddable":true,"href":"https:\/\/alice.com.br\/blog\/wp-json\/wp\/v2\/users\/5"}],"replies":[{"embeddable":true,"href":"https:\/\/alice.com.br\/blog\/wp-json\/wp\/v2\/comments?post=7324"}],"version-history":[{"count":6,"href":"https:\/\/alice.com.br\/blog\/wp-json\/wp\/v2\/posts\/7324\/revisions"}],"predecessor-version":[{"id":20427,"href":"https:\/\/alice.com.br\/blog\/wp-json\/wp\/v2\/posts\/7324\/revisions\/20427"}],"wp:featuredmedia":[{"embeddable":true,"href":"https:\/\/alice.com.br\/blog\/wp-json\/wp\/v2\/media\/7414"}],"wp:attachment":[{"href":"https:\/\/alice.com.br\/blog\/wp-json\/wp\/v2\/media?parent=7324"}],"wp:term":[{"taxonomy":"category","embeddable":true,"href":"https:\/\/alice.com.br\/blog\/wp-json\/wp\/v2\/categories?post=7324"},{"taxonomy":"post_tag","embeddable":true,"href":"https:\/\/alice.com.br\/blog\/wp-json\/wp\/v2\/tags?post=7324"}],"curies":[{"name":"wp","href":"https:\/\/api.w.org\/{rel}","templated":true}]}}