{"id":7346,"date":"2022-08-03T09:00:00","date_gmt":"2022-08-03T12:00:00","guid":{"rendered":"http:\/\/blog.alice.com.br\/?p=3615"},"modified":"2025-08-21T11:06:59","modified_gmt":"2025-08-21T14:06:59","slug":"puberdade-precoce-saiba-o-que-e-e-como-ajudar","status":"publish","type":"post","link":"https:\/\/alice.com.br\/blog\/sua-saude\/puberdade-precoce-saiba-o-que-e-e-como-ajudar\/","title":{"rendered":"Puberdade precoce: saiba o que \u00e9 e como ajudar"},"content":{"rendered":"<html><body><p>Na adolesc&ecirc;ncia, os horm&ocirc;nios est&atilde;o a todo vapor e modificam a apar&ecirc;ncia f&iacute;sica para possibilitar a transi&ccedil;&atilde;o entre a inf&acirc;ncia e a vida adulta.&nbsp;<\/p>\r\n\r\n\r\n\r\n<p>O in&iacute;cio dessa fase &eacute; chamado de puberdade, marcada principalmente pelo aparecimento dos seios nas meninas (broto mam&aacute;rio) e pelo aumento do p&ecirc;nis e dos test&iacute;culos nos garotos.&nbsp;<\/p>\r\n\r\n\r\n\r\n<p>No per&iacute;odo, tamb&eacute;m surgem p&ecirc;los na regi&atilde;o &iacute;ntima e nas axilas. Ocorre ainda a matura&ccedil;&atilde;o &oacute;ssea e a acelera&ccedil;&atilde;o do crescimento.<\/p>\r\n\r\n\r\n\r\n<p>As altera&ccedil;&otilde;es no organismo desencadeiam um processo de ressignifica&ccedil;&atilde;o da pr&oacute;pria imagem, o que pode causar inseguran&ccedil;a e ansiedade.&nbsp;<\/p>\r\n\r\n\r\n\r\n<p>Se essas mudan&ccedil;as ocorrem antes do esperado, podem afetar ainda mais a autoestima. Na puberdade precoce, a crian&ccedil;a passa por uma antecipa&ccedil;&atilde;o de viv&ecirc;ncias e precisa ser apoiada para se manter saud&aacute;vel e feliz.&nbsp;<\/p>\r\n\r\n\r\n\r\n<h2 class=\"wp-block-heading\">Puberdade precoce: o que &eacute;?&nbsp;<\/h2>\r\n\r\n\r\n\r\n<p>A puberdade precoce ocorre quando os sinais de desenvolvimento e matura&ccedil;&atilde;o sexual aparecem antes dos oito anos para as meninas e antes dos nove anos para os meninos.&nbsp;<\/p>\r\n\r\n\r\n\r\n<p>No g&ecirc;nero feminino, o primeiro sinal de in&iacute;cio da puberdade &eacute; o broto mam&aacute;rio (telarca). A primeira menstrua&ccedil;&atilde;o (menarca) normalmente ocorre dois anos depois, mas pode vir antes desse intervalo.<\/p>\r\n\r\n\r\n\r\n<p>J&aacute; entre os garotos, o aumento testicular costuma indicar o come&ccedil;o da puberdade.<\/p>\r\n\r\n\r\n\r\n<p>Estima-se que a preval&ecirc;ncia de puberdade precoce seja de 0,2% a 2%, dependendo da popula&ccedil;&atilde;o estudada, com varia&ccedil;&otilde;es &eacute;tnicas.&nbsp;<\/p>\r\n\r\n\r\n\r\n<p>A maioria dos casos diagnosticados ocorre em meninas. <a href=\"https:\/\/www.degruyter.com\/document\/doi\/10.1515\/jpem-2021-0565\/html\" target=\"_blank\" rel=\"noreferrer noopener nofollow\">Algumas pesquisas<\/a> sugerem que pode ter havido mais casos de puberdade precoce durante a pandemia da covid-19.&nbsp;<\/p>\r\n\r\n\r\n\r\n<h2 class=\"wp-block-heading\">Causas da puberdade precoce<\/h2>\r\n\r\n\r\n\r\n<p>Em meninas, 90% dos casos de puberdade precoce n&atilde;o t&ecirc;m causa definida. Nos meninos, em dois ter&ccedil;os dos casos pode haver algum dist&uacute;rbio ou doen&ccedil;a associada.&nbsp;<\/p>\r\n\r\n\r\n\r\n<p>Estudos indicam que fatores comportamentais e ambientais podem contribuir para a antecipa&ccedil;&atilde;o da matura&ccedil;&atilde;o f&iacute;sica e sexual, o que explicaria o<a href=\"https:\/\/pubmed.ncbi.nlm.nih.gov\/35029543\/\" target=\"_blank\" rel=\"noreferrer noopener nofollow\"> maior n&uacute;mero de diagn&oacute;sticos durante a pandemia<\/a>.<\/p>\r\n\r\n\r\n\r\n<p>Entre as principais causas, estariam o <a href=\"https:\/\/alice.com.br\/blog\/sua-saude\/sedentarismo-infantil-como-estimular-criancas-movimentar\/\" target=\"_blank\" rel=\"noreferrer noopener\">sedentarismo <\/a>por uso excessivo de telas e o <a href=\"https:\/\/alice.com.br\/blog\/sua-saude\/obesidade-esta-em-ritmo-de-crescimento-no-brasil-como-pr\" target=\"_blank\" rel=\"noreferrer noopener\">ganho de peso<\/a>.&nbsp;<\/p>\r\n\r\n\r\n\r\n<p>&ldquo;A alimenta&ccedil;&atilde;o inadequada, especialmente &agrave; base de fast food e <a href=\"https:\/\/alice.com.br\/blog\/sua-saude\/alimentos-ultraprocessados-o-que-sao-riscos\/\" target=\"_blank\" rel=\"noreferrer noopener\">alimentos ultraprocessados<\/a>, est&aacute; associada ao aumento da obesidade infantil, avan&ccedil;o de idade &oacute;ssea e maior chance de puberdade precoce ou antecipada&rdquo;, afirma a m&eacute;dica endocrinologista Larissa Curiati, da Comunidade de Sa&uacute;de da <a href=\"https:\/\/alice.com.br\/\" target=\"_blank\" rel=\"noreferrer noopener\">Alice<\/a>.&nbsp;<\/p>\r\n\r\n\r\n\r\n<p>A profissional explica que no ambiente h&aacute; diversos disruptores end&oacute;crinos capazes de interferir na a&ccedil;&atilde;o hormonal do organismo. Muitos deles s&atilde;o subst&acirc;ncias qu&iacute;micas presentes em produtos utilizados no cotidiano (artigos de higiene pessoal, recipientes de alimentos, pe&ccedil;as do vestu&aacute;rio, materiais eletr&ocirc;nicos) ou que s&atilde;o misturadas &agrave; &aacute;gua ou aos alimentos (como os pesticidas). Tamb&eacute;m podem agir pelo ar ou em contato com a pele.&nbsp;<\/p>\r\n\r\n\r\n\r\n<p>Os fitoestr&oacute;genos, subst&acirc;ncias produzidas naturalmente por plantas e encontradas principalmente na soja, s&atilde;o considerados potenciais desreguladores end&oacute;crinos.&nbsp;<\/p>\r\n\r\n\r\n\r\n<p>&ldquo;A rela&ccedil;&atilde;o do <a href=\"https:\/\/alice.com.br\/blog\/sua-saude\/consumo-soja-homens\/\" target=\"_blank\" rel=\"noreferrer noopener\">consumo de soja<\/a> com puberdade precoce em ambos os sexos e ginecomastia [incha&ccedil;o nas mamas] em meninos ainda &eacute; controversa na literatura. O que se sabe &eacute; que a soja cont&eacute;m fitoestr&oacute;genos que, quando consumidos em quantidades excessivas e por per&iacute;odo prolongado, podem apresentar algum efeito estrog&ecirc;nico [a&ccedil;&atilde;o do horm&ocirc;nio estrog&ecirc;nio, preponderante em mulheres] no organismo&rdquo;, esclarece Curiati.&nbsp;<\/p>\r\n\r\n\r\n\r\n<p>Para tentar evitar a a&ccedil;&atilde;o desses disruptores, a <a href=\"https:\/\/www.sbp.com.br\/fileadmin\/user_upload\/22886d-DC-DesreguladoresEndocri-_Infs_para_o_Pediatra.pdf\" target=\"_blank\" rel=\"noreferrer noopener nofollow\">Sociedade Brasileira de Pediatria<\/a> recomenda, entre outras medidas:<\/p>\r\n\r\n\r\n\r\n<ul class=\"wp-block-list\">\r\n<li>Deixar os sapatos do lado de fora de casa e lavar as m&atilde;os com frequ&ecirc;ncia;<\/li>\r\n\r\n\r\n\r\n<li>Dar prefer&ecirc;ncia aos alimentos org&acirc;nicos livres de agrot&oacute;xicos;<\/li>\r\n\r\n\r\n\r\n<li>Lavar e higienizar corretamente frutas e legumes;<\/li>\r\n\r\n\r\n\r\n<li>Priorizar comida caseira e reduzir a quantidade de fast food e alimentos processados;<\/li>\r\n\r\n\r\n\r\n<li>Evitar ingest&atilde;o de peixes de &aacute;gua doce e frutos do mar sem saber a proced&ecirc;ncia;<\/li>\r\n\r\n\r\n\r\n<li>Dar prefer&ecirc;ncia a recipientes de vidro, a&ccedil;o inoxid&aacute;vel e porcelana;<\/li>\r\n\r\n\r\n\r\n<li>N&atilde;o aquecer potes de pl&aacute;stico no micro-ondas;<\/li>\r\n\r\n\r\n\r\n<li>Evitar o consumo de bebidas quentes em recipientes pl&aacute;sticos;<\/li>\r\n\r\n\r\n\r\n<li>Fornecer &agrave;s crian&ccedil;as somente brinquedos com o selo do Inmetro;<\/li>\r\n\r\n\r\n\r\n<li>Dar prefer&ecirc;ncia aos produtos de higiene pessoal (cremes, desodorantes, protetores<\/li>\r\n\r\n\r\n\r\n<li>solares) sem parabenos;<\/li>\r\n\r\n\r\n\r\n<li>Evitar o uso de cosm&eacute;ticos (maquiagem e esmaltes) e observar a composi&ccedil;&atilde;o dos produtos voltados ao p&uacute;blico infantil.&nbsp;<\/li>\r\n<\/ul>\r\n\r\n\r\n\r\n<p>Esses cuidados podem ajudar a prevenir a puberdade precoce ou a estagn&aacute;-la.&nbsp;<\/p>\r\n\r\n\r\n\r\n<p>&ldquo;O importante &eacute; manter um estilo de vida saud&aacute;vel, com pr&aacute;tica de atividade f&iacute;sica regular, <a href=\"https:\/\/alice.com.br\/blog\/sua-saude\/como-montar-plano-alimentar\/\" target=\"_blank\" rel=\"noreferrer noopener\">alimenta&ccedil;&atilde;o saud&aacute;vel<\/a>, peso e &iacute;ndice de massa corporal adequados, e redu&ccedil;&atilde;o da exposi&ccedil;&atilde;o ao estresse e aos disruptores end&oacute;crinos&rdquo;, destaca a endocrinologista Larissa Curiati.&nbsp;<\/p>\r\n\r\n\r\n<div class=\"wp-block-image\">\r\n<figure class=\"aligncenter size-large is-resized\"><a href=\"https:\/\/alice.com.br\/ebook-alice-na-cozinha?utm_source=referral&amp;utm_medium=blog&amp;utm_campaign=montar-plano-alimentar\" target=\"_blank\" rel=\"https:\/\/alice.com.br\/ebook-alice-na-cozinha noreferrer noopener\"><figure class=\"wp-attachment-1938\" ><img loading=\"lazy\" decoding=\"async\" class=\"wp-image-1938\" src=\"https:\/\/alice.com.br\/blog\/wp-content\/uploads\/2022\/03\/banner_blog-ebook-1-1024x731.jpg\" alt=\"Ebook de receitas saud&aacute;veis Alice na cozinha\" width=\"512\" height=\"366\" srcset=\"https:\/\/alice.com.br\/blog\/wp-content\/uploads\/2022\/03\/banner_blog-ebook-1-1024x731.jpg 1024w, https:\/\/alice.com.br\/blog\/wp-content\/uploads\/2022\/03\/banner_blog-ebook-1-300x214.jpg 300w, https:\/\/alice.com.br\/blog\/wp-content\/uploads\/2022\/03\/banner_blog-ebook-1-768x548.jpg 768w, https:\/\/alice.com.br\/blog\/wp-content\/uploads\/2022\/03\/banner_blog-ebook-1-100x71.jpg 100w, https:\/\/alice.com.br\/blog\/wp-content\/uploads\/2022\/03\/banner_blog-ebook-1-150x107.jpg 150w, https:\/\/alice.com.br\/blog\/wp-content\/uploads\/2022\/03\/banner_blog-ebook-1.jpg 1080w\" sizes=\"auto, (max-width: 512px) 100vw, 512px\"><\/figure><\/a><\/figure>\r\n<\/div>\r\n\r\n\r\n<h2 class=\"wp-block-heading\">Como lidar com a puberdade precoce<\/h2>\r\n\r\n\r\n\r\n<p>A avalia&ccedil;&atilde;o da puberdade precoce pode envolver exames cl&iacute;nicos, de sangue e de imagem. Para detectar os primeiros sinais e chegar a um diagn&oacute;stico preciso, &eacute; muito importante que a crian&ccedil;a passe periodicamente por avalia&ccedil;&atilde;o m&eacute;dica.<\/p>\r\n\r\n\r\n\r\n<p>Com uma an&aacute;lise multidisciplinar, &eacute; poss&iacute;vel esclarecer d&uacute;vidas e determinar o melhor tratamento. Isso porque, al&eacute;m de afetar o crescimento (altura), a antecipa&ccedil;&atilde;o da puberdade &eacute; considerada fator de risco para o desenvolvimento de determinadas doen&ccedil;as no futuro.&nbsp;<\/p>\r\n\r\n\r\n\r\n<p>Quando necess&aacute;rios, medicamentos com a&ccedil;&atilde;o hormonal podem ser usados para desacelerar o amadurecimento f&iacute;sico. Tamb&eacute;m podem ser recomendadas mudan&ccedil;as na rotina e a ado&ccedil;&atilde;o de novos h&aacute;bitos (alimenta&ccedil;&atilde;o balanceada, pr&aacute;tica de exerc&iacute;cios f&iacute;sicos, adequa&ccedil;&atilde;o do sono, menor exposi&ccedil;&atilde;o a telas).<\/p>\r\n\r\n\r\n\r\n<p>Durante todo esse processo, &eacute; fundamental que a crian&ccedil;a encontre apoio psicol&oacute;gico para lidar com as altera&ccedil;&otilde;es f&iacute;sicas e as mudan&ccedil;as comportamentais t&iacute;picas da adolesc&ecirc;ncia, como varia&ccedil;&otilde;es de humor e curiosidade sexual.&nbsp;<\/p>\r\n\r\n\r\n\r\n<p>Pesquisadores acreditam que, do ponto de vista ps&iacute;quico, pode haver um processo de luto pela perda da inf&acirc;ncia e inseguran&ccedil;a diante das novas experi&ecirc;ncias para as quais a crian&ccedil;a ainda n&atilde;o se v&ecirc; totalmente preparada.&nbsp;<\/p>\r\n\r\n\r\n\r\n<p>Tamb&eacute;m podem ocorrer compara&ccedil;&otilde;es constantes entre as caracter&iacute;sticas f&iacute;sicas e a idade cronol&oacute;gica, tanto pela crian&ccedil;a, quanto pelos colegas, inibindo as intera&ccedil;&otilde;es sociais. Por isso, cuidadores e professores devem ficar atentos para que n&atilde;o haja isolamento nem bullying.&nbsp;<\/p>\r\n\r\n\r\n\r\n<p>Veja algumas dicas para m&atilde;es e pais ajudarem a crian&ccedil;a a lidar com a puberdade precoce:<\/p>\r\n\r\n\r\n\r\n<ul class=\"wp-block-list\">\r\n<li>Converse honestamente sobre o que est&aacute; ocorrendo no corpo da crian&ccedil;a;<\/li>\r\n\r\n\r\n\r\n<li>Explique que a puberdade se iniciou antes, mas chega para todos;&nbsp;<\/li>\r\n\r\n\r\n\r\n<li>Incentive a crian&ccedil;a a se aceitar e a valorizar as qualidades que possui;<\/li>\r\n\r\n\r\n\r\n<li>Para aumentar a autoestima, d&ecirc; feedbacks positivos e contraponha coment&aacute;rios negativos que ela possa ter ouvido;&nbsp;<\/li>\r\n\r\n\r\n\r\n<li>Tente estabelecer um di&aacute;logo aberto sobre comportamentos, valores e escolhas;<\/li>\r\n\r\n\r\n\r\n<li>Coloque-se &agrave; disposi&ccedil;&atilde;o para esclarecer d&uacute;vidas, inclusive as de cunho sexual, e fale dos assuntos com naturalidade;<\/li>\r\n\r\n\r\n\r\n<li>Incentive a crian&ccedil;a a falar dos sentimentos e a perceber que todos passam por mudan&ccedil;as, dilemas e desafios;<\/li>\r\n\r\n\r\n\r\n<li>Oriente sobre medidas de autocuidado (uso de absorventes, desodorante etc.);<\/li>\r\n\r\n\r\n\r\n<li>Para ficar mais confort&aacute;vel com o corpo, saia com ela para comprar novas roupas, acess&oacute;rios e produtos de higiene, se puder;<\/li>\r\n\r\n\r\n\r\n<li>Use livros e filmes para falar sobre as mudan&ccedil;as no corpo e na mente;<\/li>\r\n\r\n\r\n\r\n<li>Incentive a participa&ccedil;&atilde;o em atividades que possam aumentar a autoestima (esportes, artes, oficinas, lazer);<\/li>\r\n\r\n\r\n\r\n<li>Caso a crian&ccedil;a n&atilde;o queria se abrir, procure apoio profissional de um psic&oacute;logo.&nbsp;<\/li>\r\n<\/ul>\r\n\r\n\r\n<div class=\"wp-block-image\">\r\n<figure class=\"aligncenter size-full is-resized\"><a href=\"https:\/\/alice.com.br\/blog\/conteudos-especiais\/baixar-planilha-corrida-iniciantes\/\" target=\"_blank\" rel=\"noreferrer noopener\"><figure class=\"wp-attachment-6927\" ><img loading=\"lazy\" decoding=\"async\" class=\"wp-image-6927\" src=\"https:\/\/alice.com.br\/blog\/wp-content\/uploads\/2022\/11\/Planilha-de-corrida-para-iniciantes-Banner-1.jpg\" alt=\"Planilha de corrida para iniciantes Banner\" width=\"405\" height=\"290\" srcset=\"https:\/\/alice.com.br\/blog\/wp-content\/uploads\/2022\/11\/Planilha-de-corrida-para-iniciantes-Banner-1.jpg 810w, https:\/\/alice.com.br\/blog\/wp-content\/uploads\/2022\/11\/Planilha-de-corrida-para-iniciantes-Banner-1-300x214.jpg 300w, https:\/\/alice.com.br\/blog\/wp-content\/uploads\/2022\/11\/Planilha-de-corrida-para-iniciantes-Banner-1-768x549.jpg 768w, https:\/\/alice.com.br\/blog\/wp-content\/uploads\/2022\/11\/Planilha-de-corrida-para-iniciantes-Banner-1-100x71.jpg 100w, https:\/\/alice.com.br\/blog\/wp-content\/uploads\/2022\/11\/Planilha-de-corrida-para-iniciantes-Banner-1-150x107.jpg 150w\" sizes=\"auto, (max-width: 405px) 100vw, 405px\"><\/figure><\/a><\/figure>\r\n<\/div>\r\n\r\n\r\n<html><body><h2>Alice tem o plano de sa&uacute;de certo para a sua empresa!<\/h2>\n<p>Alice &eacute; uma empresa de tecnologia que oferece planos de sa&uacute;de empresarial e tem a miss&atilde;o de tornar o mundo mais saud&aacute;vel. Nossa plataforma de cuidado cont&iacute;nuo garante que os nossos membros recebam o cuidado certo, na hora certa e no lugar certo, proporcionando uma experi&ecirc;ncia excepcional para eles.<\/p>\n<p>Nossos planos t&ecirc;m cobertura nacional completa, assim como o atendimento e a experi&ecirc;ncia &uacute;nica do Alice Agora, parceiro de sa&uacute;de confi&aacute;vel para todas as horas, direto no app. Fale com o Time de Sa&uacute;de 24\/7, receba resposta em at&eacute; 60 segundos e, se precisar, j&aacute; fa&ccedil;a uma consulta virtual com nossa equipe m&eacute;dica.<\/p>\n<p>Alice tamb&eacute;m tem suporte completo ao seu RH, com dados estrat&eacute;gicos para sua gest&atilde;o &ndash; desde reports de sa&uacute;de populacional at&eacute; de custo de cuidado &ndash;, onboarding exclusivo e account manager dedicado.<\/p>\n<p>Veja como Alice cuida do seu time e do seu or&ccedil;amento.<\/p>\n<html><body><div class=\"cta cta--post--slim_withlogo\">\n\t\t\t\t\t\t\t\t\t<a href=\"https:\/\/alice.com.br\/simulador\">\n\t\t\t\t\t\t\t\t\t<div class=\"logo\">\n\t\t\t\t\t\t\t\t\t\t<img src=\"https:\/\/alice.com.br\/blog\/wp-content\/themes\/arada\/dist\/images\/alice.svg\" width=\"288\" height=\"150\" aria-label=\"hidden\">\n\t\t\t\t\t\t\t\t\t<\/div>\n\t\t\t\t\t\t\t\t\t<span class=\"title\">Fa&ccedil;a uma Cota&ccedil;&atilde;o<\/span><span class=\"icon icon--arrow_right\"><\/span><\/a>\n\t\t\t\t\t\t\t\t<\/div><\/body><\/html><\/body><\/html><\/body><\/html>\n","protected":false},"excerpt":{"rendered":"Puberdade precoce antecipa mudan\u00e7as f\u00edsicas e emocionais, podendo impactar autoestima e sa\u00fade. Saiba causas, cuidados e como apoiar crian\u00e7as nesse processo.","protected":false},"author":5,"featured_media":7460,"comment_status":"closed","ping_status":"closed","sticky":false,"template":"","format":"standard","meta":{"_acf_changed":false,"footnotes":""},"categories":[5],"tags":[92],"class_list":["post-7346","post","type-post","status-publish","format-standard","has-post-thumbnail","hentry","category-sua-saude","tag-bem-estar"],"acf":[],"_links":{"self":[{"href":"https:\/\/alice.com.br\/blog\/wp-json\/wp\/v2\/posts\/7346","targetHints":{"allow":["GET"]}}],"collection":[{"href":"https:\/\/alice.com.br\/blog\/wp-json\/wp\/v2\/posts"}],"about":[{"href":"https:\/\/alice.com.br\/blog\/wp-json\/wp\/v2\/types\/post"}],"author":[{"embeddable":true,"href":"https:\/\/alice.com.br\/blog\/wp-json\/wp\/v2\/users\/5"}],"replies":[{"embeddable":true,"href":"https:\/\/alice.com.br\/blog\/wp-json\/wp\/v2\/comments?post=7346"}],"version-history":[{"count":9,"href":"https:\/\/alice.com.br\/blog\/wp-json\/wp\/v2\/posts\/7346\/revisions"}],"predecessor-version":[{"id":19501,"href":"https:\/\/alice.com.br\/blog\/wp-json\/wp\/v2\/posts\/7346\/revisions\/19501"}],"wp:featuredmedia":[{"embeddable":true,"href":"https:\/\/alice.com.br\/blog\/wp-json\/wp\/v2\/media\/7460"}],"wp:attachment":[{"href":"https:\/\/alice.com.br\/blog\/wp-json\/wp\/v2\/media?parent=7346"}],"wp:term":[{"taxonomy":"category","embeddable":true,"href":"https:\/\/alice.com.br\/blog\/wp-json\/wp\/v2\/categories?post=7346"},{"taxonomy":"post_tag","embeddable":true,"href":"https:\/\/alice.com.br\/blog\/wp-json\/wp\/v2\/tags?post=7346"}],"curies":[{"name":"wp","href":"https:\/\/api.w.org\/{rel}","templated":true}]}}