{"id":7547,"date":"2021-11-18T20:07:39","date_gmt":"2021-11-18T20:07:39","guid":{"rendered":"http:\/\/blog.alice.com.br\/uncategorized\/cuidado-saude-pessoas-com-prostata\/"},"modified":"2025-08-21T11:07:09","modified_gmt":"2025-08-21T14:07:09","slug":"cuidado-saude-pessoas-com-prostata","status":"publish","type":"post","link":"https:\/\/alice.com.br\/blog\/sua-saude\/cuidado-saude-pessoas-com-prostata\/","title":{"rendered":"Como cuidar da pr\u00f3stata: para todas as pessoas com pr\u00f3stata"},"content":{"rendered":"<html><body><p>Todos os anos, a campanha <strong>Novembro Azul<\/strong> busca orientar a popula&ccedil;&atilde;o masculina sobre os cuidados com a sa&uacute;de. O objetivo principal &eacute; conscientizar sobre o c&acirc;ncer de pr&oacute;stata.&nbsp;<\/p>\r\n\r\n\r\n\r\n<p>A pr&oacute;stata &eacute; uma gl&acirc;ndula do sistema reprodutor masculino que fica abaixo da bexiga. Ela n&atilde;o est&aacute; presente apenas nos <strong>homens cis<\/strong>, que se identificam como homens e foram designados como homens no nascimento.<\/p>\r\n\r\n\r\n\r\n<p>Al&eacute;m deles, as pessoas que t&ecirc;m pr&oacute;stata s&atilde;o:<\/p>\r\n\r\n\r\n\r\n<p>&ndash; <strong>travestis: <\/strong>s&atilde;o pessoas que vivem uma constru&ccedil;&atilde;o de g&ecirc;nero feminino, oposta &agrave; designa&ccedil;&atilde;o de sexo atribu&iacute;da no nascimento, de acordo com a Antra (Associa&ccedil;&atilde;o Nacional de Travestis e Transexuais). Esse processo &eacute; seguido de uma constru&ccedil;&atilde;o f&iacute;sica, de car&aacute;ter permanente, que se identifica na vida social, familiar, cultural e interpessoal, por meio dessa identidade;<\/p>\r\n\r\n\r\n\r\n<p>&ndash;&nbsp;<strong>mulheres trans: <\/strong>mulheres que apresentam uma identidade de g&ecirc;nero diferente da que foi designada no nascimento, segundo a Antra;<\/p>\r\n\r\n\r\n\r\n<p>&ndash; <strong>pessoas n&atilde;o bin&aacute;rias <\/strong>(cuja identidade de g&ecirc;nero n&atilde;o se limita a masculino ou feminino) que foram designadas com o sexo masculino no nascimento;<\/p>\r\n\r\n\r\n\r\n<p><strong>&ndash; algumas pessoas intersexo, <\/strong>nascidas com alguma varia&ccedil;&atilde;o natural nas caracter&iacute;sticas do corpo atribu&iacute;das ao sexo (genit&aacute;lia, cromossomos, resposta hormonal), de tal forma que n&atilde;o s&atilde;o contempladas pelas concep&ccedil;&otilde;es bin&aacute;rias do que seria tipicamente masculino ou feminino, de acordo com a Sociedade Brasileira de Medicina de Fam&iacute;lia e Comunidade.<\/p>\r\n\r\n\r\n\r\n<p>De acordo com o urologista Willy Baccaglini, da comunidade de sa&uacute;de da <a href=\"https:\/\/alice.com.br\/\" target=\"_blank\" rel=\"noopener\"><strong>Alice<\/strong><\/a>, todas as pessoas com pr&oacute;stata precisam cuidar da sa&uacute;de de forma integral e abrangente.<\/p>\r\n\r\n\r\n\r\n<p>&ldquo;A quest&atilde;o fisiol&oacute;gica n&atilde;o tem a ver com a identidade de g&ecirc;nero. O fato de voc&ecirc; ter uma pr&oacute;stata faz com que voc&ecirc; tenha que procurar um acompanhamento e um cuidado espec&iacute;fico para o seu pr&oacute;prio corpo, independentemente de quais mudan&ccedil;as voc&ecirc; tenha feito&rdquo;, enfatiza.&nbsp;<\/p>\r\n\r\n\r\n\r\n<p>H&aacute; estudos que apontam a rela&ccedil;&atilde;o entre o<a href=\"https:\/\/alice.com.br\/blog\/sua-saude\/como-parar-de-fumar-dicas\/\" target=\"_blank\" rel=\"noreferrer noopener\"> tabagismo<\/a> e o excesso de gordura corporal como fatores de risco para o desenvolvimento de formas agressivas do c&acirc;ncer de pr&oacute;stata.<\/p>\r\n\r\n\r\n\r\n<p>&ldquo;Assim, entendemos que a preven&ccedil;&atilde;o do desenvolvimento desse tipo de c&acirc;ncer passa pela ado&ccedil;&atilde;o de bons h&aacute;bitos alimentares e do estilo de vida em geral&rdquo;, completa o m&eacute;dico Rafael Pereira, do Time de Sa&uacute;de da Alice.<\/p>\r\n\r\n\r\n\r\n<p>O rastreamento do c&acirc;ncer de pr&oacute;stata pode ser considerado a partir dos 50 anos. Evid&ecirc;ncias cient&iacute;ficas apontam, no entanto, para limita&ccedil;&otilde;es dos exames dispon&iacute;veis.&nbsp;<\/p>\r\n\r\n\r\n\r\n<p>Por isso, &eacute; importante consultar o <a href=\"\/gestora-de-saude\/time-de-saude\/\" target=\"_blank\" rel=\"noreferrer noopener\"><strong>Time de Sa&uacute;de<\/strong><\/a> ou profissional de confian&ccedil;a para avaliar os poss&iacute;veis benef&iacute;cios e <a href=\"https:\/\/alice.com.br\/blog\/sua-saude\/como-identificar-cancer-de-prostata\/\" target=\"_blank\" rel=\"noreferrer noopener\">riscos dos exames<\/a>.&nbsp;<\/p>\r\n\r\n\r\n\r\n<p>Devido a fatores gen&eacute;ticos, essa avalia&ccedil;&atilde;o com profissional de sa&uacute;de se torna mais importante se a pessoa com pr&oacute;stata teve pai ou irm&atilde;o que recebeu diagn&oacute;stico de c&acirc;ncer na gl&acirc;ndula antes dos 60 anos.<\/p>\r\n\r\n\r\n\r\n<p><strong>Leia mais:<\/strong> <a href=\"https:\/\/alice.com.br\/blog\/sua-saude\/homem-cuidados-saude-novembro-azul\/\" target=\"_blank\" rel=\"noreferrer noopener\">Homens, vamos cuidar da sa&uacute;de para al&eacute;m do Novembro Azul<\/a><\/p>\r\n\r\n\r\n\r\n<h2 class=\"wp-block-heading\"><strong>A pr&oacute;stata em mulheres trans<\/strong><\/h2>\r\n\r\n\r\n\r\n<p><a href=\"https:\/\/www.thelancet.com\/journals\/lanonc\/article\/PIIS1470-2045(15)00249-1\/fulltext\" target=\"_blank\" rel=\"noreferrer noopener nofollow\">Artigo cient&iacute;fico publicado pela Revista Lancet<\/a> alerta sobre os riscos de c&acirc;ncer em pessoas trans. &ldquo;Homens e mulheres transg&ecirc;neros permanecem suscet&iacute;veis a c&acirc;nceres de &oacute;rg&atilde;os reprodutivos que n&atilde;o est&atilde;o mais alinhados com seu g&ecirc;nero. Aqueles que foram submetidos &agrave; cirurgia de redesigna&ccedil;&atilde;o de sexo podem n&atilde;o estar cientes da possibilidade cont&iacute;nua de c&acirc;ncer reprodutivo devido ao tecido residual que permanece ap&oacute;s a cirurgia&rdquo;, refor&ccedil;am os cientistas.<\/p>\r\n\r\n\r\n\r\n<p>Mulheres trans que fazem a cirurgia reconstrutiva genital n&atilde;o t&ecirc;m a pr&oacute;stata removida devido &agrave; possibilidade de efeitos colaterais, como problemas urin&aacute;rios e danos aos nervos.<\/p>\r\n\r\n\r\n\r\n<p>A pr&oacute;stata tem como principal fun&ccedil;&atilde;o, juntamente com as ves&iacute;culas seminais, produzir o s&ecirc;men, que faz o transporte de espermatoz&oacute;ides.&nbsp;<\/p>\r\n\r\n\r\n\r\n<p>Esse fluido pode continuar sendo produzido por mulheres trans na excita&ccedil;&atilde;o sexual, mas, como os test&iacute;culos foram removidos, n&atilde;o h&aacute; produ&ccedil;&atilde;o de esperma.&nbsp;<\/p>\r\n\r\n\r\n\r\n<p>Os casos de c&acirc;ncer de pr&oacute;stata em mulheres trans s&atilde;o pouco frequentes, conforme registram pesquisas. Um <a href=\"https:\/\/academic.oup.com\/jcem\/article\/105\/9\/e3293\/5864158\" target=\"_blank\" rel=\"noreferrer noopener nofollow\">estudo feito na Holanda<\/a> com 2.281 mulheres trans, que foram acompanhadas por 14 anos em m&eacute;dia, identificou seis casos.&nbsp;<\/p>\r\n\r\n\r\n\r\n<p>&ldquo;Isso resultou em um risco menor de c&acirc;ncer de pr&oacute;stata em mulheres trans do que em homens holandeses&rdquo;, registra o estudo.<\/p>\r\n\r\n\r\n\r\n<h2 class=\"wp-block-heading\"><strong>Barreiras emocionais no acolhimento de trans<\/strong><\/h2>\r\n\r\n\r\n\r\n<p>Estudo publicado na <a href=\"https:\/\/www.nature.com\/articles\/s41598-021-81411-4\" target=\"_blank\" rel=\"noreferrer noopener nofollow\">Revista Nature<\/a> estimou que, no Brasil, h&aacute; tr&ecirc;s milh&otilde;es de pessoas trans ou n&atilde;o bin&aacute;rias.&nbsp;<\/p>\r\n\r\n\r\n\r\n<p>No grupo transg&ecirc;nero, 85% dos homens trans e 50% das mulheres trans relataram sofrimento devido &agrave;s caracter&iacute;sticas corporais relacionadas ao g&ecirc;nero.&nbsp;<\/p>\r\n\r\n\r\n\r\n<p><a href=\"https:\/\/www.sciencedirect.com\/science\/article\/abs\/pii\/S0090429517309068\" target=\"_blank\" rel=\"noreferrer noopener nofollow\">Outra pesquisa<\/a> identificou as principais dificuldades enfrentadas pelas mulheres trans na preven&ccedil;&atilde;o ao c&acirc;ncer de pr&oacute;stata:<\/p>\r\n\r\n\r\n\r\n<p>&ldquo;As barreiras ao cuidado da popula&ccedil;&atilde;o feminina transg&ecirc;nero incluem o acesso a recursos, d&eacute;ficits de conhecimento m&eacute;dico, &eacute;tica dos cuidados m&eacute;dicos relacionados &agrave; transi&ccedil;&atilde;o, diagn&oacute;stico versus patologiza&ccedil;&atilde;o de pacientes transg&ecirc;neros, restri&ccedil;&otilde;es financeiras do paciente e determinantes do sistema de sa&uacute;de.&rdquo;<\/p>\r\n\r\n\r\n\r\n<p>Para o enfermeiro Jo&atilde;o Bragiola, do Time de Sa&uacute;de da <strong>Alice<\/strong>, todo paciente deve ser bem acolhido e receber atendimento multidisciplinar.&nbsp;<\/p>\r\n\r\n\r\n\r\n<p>&ldquo;&Eacute; importante se desvincular de uma perspectiva heterocisnormativa, baseada no sexo biol&oacute;gico, para oferecer um atendimento transinclusivo, em que direitos b&aacute;sicos n&atilde;o sejam negligenciados, como, por exemplo, chamar pelo nome social ou respeitar o uso do banheiro conforme a identifica&ccedil;&atilde;o de g&ecirc;nero. O atendimento precisa ser destitu&iacute;do de preconceito; &eacute; preciso entender que existem outras perspectivas de ser e de existir&rdquo;, afirma.<\/p>\r\n\r\n\r\n\r\n<p>Esse posicionamento coincide com as <a href=\"https:\/\/pubmed.ncbi.nlm.nih.gov\/30322726\/\" target=\"_blank\" rel=\"noreferrer noopener nofollow\">conclus&otilde;es de pesquisadores<\/a> que analisaram o atendimento oferecido &agrave;s mulheres trans.&nbsp;<\/p>\r\n\r\n\r\n\r\n<p>Ap&oacute;s revisarem artigos da literatura m&eacute;dica, diretrizes e pr&aacute;ticas relacionadas ao tema, eles constataram que, al&eacute;m de protocolos em linguagem adequada, &ldquo;melhor treinamento e compreens&atilde;o s&atilde;o necess&aacute;rios para garantir que todas as necessidades de sa&uacute;de [das mulheres trans] sejam atendidas da melhor forma poss&iacute;vel&rdquo;.&nbsp;&nbsp;<\/p>\r\n<html><body><div class=\"cta cta--post--slim_withlogo\">\n\t\t\t\t\t\t\t\t\t<a href=\"https:\/\/alice.com.br\/\">\n\t\t\t\t\t\t\t\t\t<div class=\"logo\">\n\t\t\t\t\t\t\t\t\t\t<img src=\"https:\/\/alice.com.br\/blog\/wp-content\/themes\/arada\/dist\/images\/alice.svg\" width=\"288\" height=\"150\" aria-label=\"hidden\">\n\t\t\t\t\t\t\t\t\t<\/div>\n\t\t\t\t\t\t\t\t\t<span class=\"title\">Conhe&ccedil;a a Alice<\/span><span class=\"icon icon--arrow_right\"><\/span><\/a>\n\t\t\t\t\t\t\t\t<\/div><\/body><\/html><\/body><\/html>\n","protected":false},"excerpt":{"rendered":"Al\u00e9m dos homens cis, as travestis, mulheres trans e algumas pessoas intersexo ou n\u00e3o bin\u00e1rias tamb\u00e9m s\u00e3o alvo da campanha Novembro Azul.\r\n","protected":false},"author":5,"featured_media":7658,"comment_status":"closed","ping_status":"closed","sticky":false,"template":"","format":"standard","meta":{"_acf_changed":false,"footnotes":""},"categories":[5],"tags":[92,128],"class_list":["post-7547","post","type-post","status-publish","format-standard","has-post-thumbnail","hentry","category-sua-saude","tag-bem-estar","tag-comportamento"],"acf":[],"_links":{"self":[{"href":"https:\/\/alice.com.br\/blog\/wp-json\/wp\/v2\/posts\/7547","targetHints":{"allow":["GET"]}}],"collection":[{"href":"https:\/\/alice.com.br\/blog\/wp-json\/wp\/v2\/posts"}],"about":[{"href":"https:\/\/alice.com.br\/blog\/wp-json\/wp\/v2\/types\/post"}],"author":[{"embeddable":true,"href":"https:\/\/alice.com.br\/blog\/wp-json\/wp\/v2\/users\/5"}],"replies":[{"embeddable":true,"href":"https:\/\/alice.com.br\/blog\/wp-json\/wp\/v2\/comments?post=7547"}],"version-history":[{"count":7,"href":"https:\/\/alice.com.br\/blog\/wp-json\/wp\/v2\/posts\/7547\/revisions"}],"predecessor-version":[{"id":19502,"href":"https:\/\/alice.com.br\/blog\/wp-json\/wp\/v2\/posts\/7547\/revisions\/19502"}],"wp:featuredmedia":[{"embeddable":true,"href":"https:\/\/alice.com.br\/blog\/wp-json\/wp\/v2\/media\/7658"}],"wp:attachment":[{"href":"https:\/\/alice.com.br\/blog\/wp-json\/wp\/v2\/media?parent=7547"}],"wp:term":[{"taxonomy":"category","embeddable":true,"href":"https:\/\/alice.com.br\/blog\/wp-json\/wp\/v2\/categories?post=7547"},{"taxonomy":"post_tag","embeddable":true,"href":"https:\/\/alice.com.br\/blog\/wp-json\/wp\/v2\/tags?post=7547"}],"curies":[{"name":"wp","href":"https:\/\/api.w.org\/{rel}","templated":true}]}}