{"id":7556,"date":"2021-10-01T06:26:43","date_gmt":"2021-10-01T06:26:43","guid":{"rendered":"http:\/\/blog.alice.com.br\/uncategorized\/outubro-rosa-cancer-mama-comunidade-trans\/"},"modified":"2026-02-09T15:16:04","modified_gmt":"2026-02-09T18:16:04","slug":"outubro-rosa-cancer-mama-comunidade-trans","status":"publish","type":"post","link":"https:\/\/alice.com.br\/blog\/sua-saude\/outubro-rosa-cancer-mama-comunidade-trans\/","title":{"rendered":"Outubro Rosa mais inclusivo: o cuidado para al\u00e9m da mama cis"},"content":{"rendered":"<html><body><p>O c&acirc;ncer de mama &eacute; o protagonista dos debates de sa&uacute;de do <strong>Outubro Rosa<\/strong>. Uma causa leg&iacute;tima: esse tipo de tumor &eacute; o mais recorrente entre as mulheres, com risco estimado de 61,61 casos novos a cada 100 mil brasileiras, de acordo com o Instituto Nacional do C&acirc;ncer.&nbsp;<\/p>\r\n\r\n\r\n\r\n<p>A data atrai as mulheres para compreender o valor da sa&uacute;de, fazer o check-up de outras condi&ccedil;&otilde;es e at&eacute; reverter o estresse emocional que &eacute; passar por diferentes procedimentos, muitas vezes desnecess&aacute;rios, e bi&oacute;psias potencialmente invasivas.&nbsp;<\/p>\r\n\r\n\r\n\r\n<p>Por&eacute;m, as campanhas, mensagens de conscientiza&ccedil;&atilde;o e os pr&oacute;prios servi&ccedil;os de sa&uacute;de seguem uma comunica&ccedil;&atilde;o e uma pr&aacute;tica cisnormativas &ndash; focada em pessoas cisg&ecirc;nero.<\/p>\r\n\r\n\r\n\r\n<p>Segundo a <a href=\"https:\/\/antrabrasil.org\/2021\/02\/21\/nota-antra-luto-por-lorena-e-saude-trans\/\" target=\"_blank\" rel=\"noreferrer noopener nofollow\">Antra<\/a> (Associa&ccedil;&atilde;o Nacional de Travestis e Transexuais), as popula&ccedil;&otilde;es transg&ecirc;nero e n&atilde;o-bin&aacute;ria n&atilde;o se sentem representadas no acolhimento, rastreamento e, especialmente, na coordena&ccedil;&atilde;o do cuidado de sa&uacute;de &ndash; que vai al&eacute;m do c&acirc;ncer de mama.&nbsp;<\/p>\r\n\r\n\r\n\r\n<p>A mastologista e ginecologista Nat&aacute;lia Cordeiro, da <a href=\"https:\/\/alice.com.br\/\" target=\"_blank\" rel=\"noreferrer noopener\">comunidade de sa&uacute;de da Alice<\/a> e do Ambulat&oacute;rio de Mastologia voltado para Pessoas Transg&ecirc;nero da Unifesp, aponta como o impacto das campanhas de Outubro Rosa &eacute; sentido dentro do consult&oacute;rio.&nbsp;<\/p>\r\n\r\n\r\n\r\n<p>&ldquo;As mamas s&atilde;o parte da afirma&ccedil;&atilde;o de g&ecirc;nero; seja para um homem ou mulher trans, a regi&atilde;o tem um significado profundo. &Eacute; preciso encontrar um caminho para que o cuidado chegue at&eacute; as pessoas e que v&aacute; al&eacute;m da afirma&ccedil;&atilde;o. Que haja cuidado a longo prazo, a preven&ccedil;&atilde;o de doen&ccedil;as ou at&eacute; mesmo contra m&eacute;todos inseguros como a aplica&ccedil;&atilde;o de silicone industrial&rdquo;, destaca a mastologista.&nbsp;&nbsp;<\/p>\r\n\r\n\r\n\r\n<p>A dificuldade das pessoas trans no cuidado &agrave; sa&uacute;de de modo geral n&atilde;o &eacute; exclusiva do Brasil.&nbsp;<\/p>\r\n\r\n\r\n\r\n<p>Em artigo publicado em julho de 2021, a revista cient&iacute;fica <a href=\"https:\/\/jamanetwork.com\/journals\/jamapediatrics\/article-abstract\/2782148?guestAccessKey=3c2adf6f-1efe-4613-a27c-122c9a986bf1&amp;utm\" target=\"_blank\" rel=\"noreferrer noopener nofollow\">JAMA<\/a> alerta para a vulnerabilidade e inseguran&ccedil;a de jovens trans no acesso a servi&ccedil;os de sa&uacute;de, o que culmina com o aumento de interven&ccedil;&otilde;es inseguras e que podem prejudicar a sa&uacute;de.&nbsp;<\/p>\r\n\r\n\r\n\r\n<p><strong>Para entender mais:<\/strong><\/p>\r\n\r\n\r\n\r\n<ul class=\"wp-block-list\">\r\n<li>Transg&ecirc;nero (trans) &eacute; a pessoa que n&atilde;o se identifica com o g&ecirc;nero que lhe foi atribu&iacute;do ao nascer.&nbsp;<\/li>\r\n\r\n\r\n\r\n<li>N&atilde;o-bin&aacute;ria &eacute; uma pessoa que n&atilde;o se identifica com identidade de g&ecirc;nero masculino ou feminino.<\/li>\r\n<\/ul>\r\n\r\n\r\n\r\n<ul class=\"wp-block-list\">\r\n<li>Cisg&ecirc;nero (cis) &eacute; a pessoa que se identifica, em todos os aspectos, com o seu g&ecirc;nero de nascimento.<\/li>\r\n\r\n\r\n\r\n<li>Cisnormativo &eacute; um termo utilizado quando se coloca os g&ecirc;neros cis em uma posi&ccedil;&atilde;o privilegiada.<\/li>\r\n<\/ul>\r\n\r\n\r\n\r\n<h2 class=\"wp-block-heading\">A import&acirc;ncia da aten&ccedil;&atilde;o prim&aacute;ria para pessoas trans<\/h2>\r\n\r\n\r\n\r\n<p>Pesquisa publicada no <a href=\"https:\/\/www.thelancet.com\/journals\/landia\/article\/PIIS2213-8587(21)00185-6\/fulltext#%20\" target=\"_blank\" rel=\"noreferrer noopener nofollow\">The Lancet<\/a> em 2021 ressalta que o cuidado a pessoas trans precisa ser mais inclusivo e representativo.&nbsp;<\/p>\r\n\r\n\r\n\r\n<p>Pesquisadores da Holanda acompanharam, por quase cinco d&eacute;cadas, pessoas transg&ecirc;nero que receberam tratamento hormonal. O objetivo era medir a mortalidade pelo uso de horm&ocirc;nios. Contudo, os resultados tomaram outro caminho.<\/p>\r\n\r\n\r\n\r\n<p>O que os cientistas descobriram &eacute; que o risco de morte entre pessoas trans &eacute; o dobro do que entre as cisg&ecirc;nero por doen&ccedil;as cardiovasculares, suic&iacute;dio, doen&ccedil;as relacionadas ao HIV, entre outras. Todas essas causas de morte poderiam ser evitadas com um maior acesso &agrave; aten&ccedil;&atilde;o prim&aacute;ria de sa&uacute;de.<\/p>\r\n\r\n\r\n\r\n<p>De acordo com uma pesquisa das <a href=\"https:\/\/unaids.org.br\/2020\/01\/mais-de-90-da-populacao-trans-ja-sofreu-discriminacao-na-vida\/\" target=\"_blank\" rel=\"noreferrer noopener nofollow\">Na&ccedil;&otilde;es Unidas,<\/a> realizada em sete capitais brasileiras, 31,9% das pessoas trans relataram ter vivido alguma situa&ccedil;&atilde;o ruim com algum profissional de sa&uacute;de.&nbsp;<\/p>\r\n\r\n\r\n\r\n<p>O enfermeiro da Alice Jo&atilde;o Bragiola estudou as barreiras de acesso da pessoa trans na aten&ccedil;&atilde;o b&aacute;sica. Apesar dos gargalos no sistema de sa&uacute;de, ele defende que simples atitudes de enfermeiros e outros profissionais de sa&uacute;de podem melhorar o acolhimento.&nbsp;<\/p>\r\n\r\n\r\n\r\n<p>&ldquo;A escuta emp&aacute;tica e conversar sobre as necessidades de sa&uacute;de de um indiv&iacute;duo s&atilde;o fatores primordiais para qualquer acolhimento em sa&uacute;de, mas para a inclus&atilde;o &eacute; preciso fazer mais. &Eacute; preciso criar um lugar seguro&rdquo;, argumenta.<\/p>\r\n\r\n\r\n\r\n<p>De acordo com Bragiola, banheiro unissex, uso do nome social e acolhimento sem ju&iacute;zo de valor s&atilde;o fatores que favorecem a promo&ccedil;&atilde;o &agrave; sa&uacute;de das pessoas trans.&nbsp;<\/p>\r\n\r\n\r\n\r\n<p>A pr&aacute;tica de um acolhimento inclusivo contribui com um atendimento totalmente focado nas necessidades da pessoa, promovendo sua sa&uacute;de.<\/p>\r\n\r\n\r\n\r\n<h2 class=\"wp-block-heading\">Rastreamento do c&acirc;ncer de mama na comunidade trans<\/h2>\r\n\r\n\r\n\r\n<p>A literatura cient&iacute;fica n&atilde;o tem um protocolo de rastreamento e preven&ccedil;&atilde;o do c&acirc;ncer de mama para a comunidade transexual. H&aacute; hip&oacute;teses e protocolos adaptados de car&aacute;ter experimental e regionalizado, que visam acolher o p&uacute;blico transg&ecirc;nero e suas condi&ccedil;&otilde;es de sa&uacute;de.&nbsp;<\/p>\r\n\r\n\r\n\r\n<p>Um estudo realizado pela University Medical Center, na Holanda, com mais de 2.260 mulheres trans, demonstrou que h&aacute; um risco maior de que mulheres trans, ap&oacute;s tratamento hormonal, tenham a longo prazo risco de c&acirc;ncer de mama em compara&ccedil;&atilde;o &agrave; popula&ccedil;&atilde;o masculina cisg&ecirc;nero.&nbsp;<\/p>\r\n\r\n\r\n\r\n<p>A mastologista Nat&aacute;lia Cordeiro explica que esse &eacute; um processo a longo prazo e n&atilde;o um efeito colateral da terapia de horm&ocirc;nio.&nbsp;<\/p>\r\n\r\n\r\n\r\n<p>&ldquo;O que acontece &eacute; que ap&oacute;s dois anos de terapia, a mulher transexual desenvolve uma quantidade de tecido mam&aacute;rio similar &agrave; de uma mulher cisg&ecirc;nero. Tendo esse tecido, &eacute; comum que esse risco aumente em compara&ccedil;&atilde;o a um homem cisg&ecirc;nero.&rdquo;<\/p>\r\n\r\n\r\n\r\n<p>Cordeiro complementa que os estudos iniciais apontam que ap&oacute;s cinco anos de uso da terapia hormonal, a mulher trans deve seguir o acompanhamento de rastreamento de acordo com os protocolos de sa&uacute;de da aten&ccedil;&atilde;o b&aacute;sica, como <a href=\"https:\/\/www.google.com\/url?sa=E&amp;source=gmail&amp;q=https:\/\/alice.com.br\/blog\/sua-saude\/qual-idade-ideal-fazer-mamografia\/\">exame f&iacute;sico da mama<\/a>, ultrassonografia e exame de mamografia, de acordo com a idade.&nbsp;<\/p>\r\n\r\n\r\n\r\n<p>O mesmo estudo realizado pela University Medical Center tamb&eacute;m avaliou a sa&uacute;de de 1.229 homens trans e demostrou que a m&eacute;dia de casos de c&acirc;ncer foi menor em compara&ccedil;&atilde;o &agrave;s mulheres cisg&ecirc;nero.&nbsp;<\/p>\r\n\r\n\r\n\r\n<p>A mastologista explica que o menor risco em homens trans est&aacute; associado &agrave; mastectomia, por&eacute;m a retirada de mamas n&atilde;o &eacute; fator de exclus&atilde;o para manter a preven&ccedil;&atilde;o.&nbsp;<\/p>\r\n\r\n\r\n\r\n<p>&ldquo;A aus&ecirc;ncia de tecido mam&aacute;rio cria uma hip&oacute;tese de que o c&acirc;ncer de mama seja menos incidente; por esse motivo, a neoplasia &eacute; rara em homens cis, mas os estudos ainda s&atilde;o iniciais na popula&ccedil;&atilde;o trans.&rdquo;<\/p>\r\n\r\n\r\n\r\n<h2 class=\"wp-block-heading\">Uso de binder<\/h2>\r\n\r\n\r\n\r\n<p>O binder, faixa ou colete que deixa a apar&ecirc;ncia do peito liso, &eacute; um acess&oacute;rio utilizado h&aacute; mais de uma d&eacute;cada por pessoas em processo de transi&ccedil;&atilde;o ou que n&atilde;o se sentem confort&aacute;veis com suas mamas.&nbsp;&nbsp;<\/p>\r\n\r\n\r\n\r\n<p>M&eacute;dicos relatam os benef&iacute;cios do uso do binder, como o potencial de aumentar autoestima, diminuir a taxa de suic&iacute;dio e viol&ecirc;ncia.&nbsp;<\/p>\r\n\r\n\r\n\r\n<p>Contudo, para minimizar os riscos f&iacute;sicos, &eacute; importante o uso do material adequado e dar descanso para as mamas para evitar complica&ccedil;&otilde;es.&nbsp;<\/p>\r\n\r\n\r\n\r\n<p>&ldquo;Os benef&iacute;cios do binder s&atilde;o maiores do que os riscos. Por&eacute;m, n&atilde;o &eacute; indicado o uso de fita crepe e esparadrapo. E, tamb&eacute;m, tenha consci&ecirc;ncia da quantidade de horas para intercalar os descansos&rdquo;, frisa a mastologista.&nbsp;<\/p>\r\n\r\n\r\n\r\n<html><body><h2>Alice tem o plano de sa&uacute;de certo para a sua empresa!<\/h2>\n<p>Alice &eacute; uma empresa de tecnologia que oferece planos de sa&uacute;de empresarial e tem a miss&atilde;o de tornar o mundo mais saud&aacute;vel. Nossa plataforma de cuidado cont&iacute;nuo garante que os nossos membros recebam o cuidado certo, na hora certa e no lugar certo, proporcionando uma experi&ecirc;ncia excepcional para eles.<\/p>\n<p>Nossos planos t&ecirc;m cobertura nacional completa, assim como o atendimento e a experi&ecirc;ncia &uacute;nica do Alice Agora, parceiro de sa&uacute;de confi&aacute;vel para todas as horas, direto no app. Fale com o Time de Sa&uacute;de 24\/7, receba resposta em at&eacute; 60 segundos e, se precisar, j&aacute; fa&ccedil;a uma consulta virtual com nossa equipe m&eacute;dica.<\/p>\n<p>Alice tamb&eacute;m tem suporte completo ao seu RH, com dados estrat&eacute;gicos para sua gest&atilde;o &ndash; desde reports de sa&uacute;de populacional at&eacute; de custo de cuidado &ndash;, onboarding exclusivo e account manager dedicado.<\/p>\n<p>Veja como Alice cuida do seu time e do seu or&ccedil;amento.<\/p>\n<html><body><div class=\"cta cta--post--slim_withlogo\">\n\t\t\t\t\t\t\t\t\t<a href=\"https:\/\/alice.com.br\/simulador\">\n\t\t\t\t\t\t\t\t\t<div class=\"logo\">\n\t\t\t\t\t\t\t\t\t\t<img src=\"https:\/\/alice.com.br\/blog\/wp-content\/themes\/arada\/dist\/images\/alice.svg\" width=\"288\" height=\"150\" aria-label=\"hidden\">\n\t\t\t\t\t\t\t\t\t<\/div>\n\t\t\t\t\t\t\t\t\t<span class=\"title\">Fa&ccedil;a uma Cota&ccedil;&atilde;o<\/span><span class=\"icon icon--arrow_right\"><\/span><\/a>\n\t\t\t\t\t\t\t\t<\/div><\/body><\/html><\/body><\/html><\/body><\/html>\n","protected":false},"excerpt":{"rendered":"Acesso \u00e0 sa\u00fade contribui para coordena\u00e7\u00e3o do cuidado de pessoas trans a longo prazo e diminui efeitos da discrimina\u00e7\u00e3o.","protected":false},"author":5,"featured_media":7643,"comment_status":"closed","ping_status":"closed","sticky":false,"template":"","format":"standard","meta":{"_acf_changed":false,"footnotes":""},"categories":[5],"tags":[92],"class_list":["post-7556","post","type-post","status-publish","format-standard","has-post-thumbnail","hentry","category-sua-saude","tag-bem-estar"],"acf":[],"_links":{"self":[{"href":"https:\/\/alice.com.br\/blog\/wp-json\/wp\/v2\/posts\/7556","targetHints":{"allow":["GET"]}}],"collection":[{"href":"https:\/\/alice.com.br\/blog\/wp-json\/wp\/v2\/posts"}],"about":[{"href":"https:\/\/alice.com.br\/blog\/wp-json\/wp\/v2\/types\/post"}],"author":[{"embeddable":true,"href":"https:\/\/alice.com.br\/blog\/wp-json\/wp\/v2\/users\/5"}],"replies":[{"embeddable":true,"href":"https:\/\/alice.com.br\/blog\/wp-json\/wp\/v2\/comments?post=7556"}],"version-history":[{"count":7,"href":"https:\/\/alice.com.br\/blog\/wp-json\/wp\/v2\/posts\/7556\/revisions"}],"predecessor-version":[{"id":20418,"href":"https:\/\/alice.com.br\/blog\/wp-json\/wp\/v2\/posts\/7556\/revisions\/20418"}],"wp:featuredmedia":[{"embeddable":true,"href":"https:\/\/alice.com.br\/blog\/wp-json\/wp\/v2\/media\/7643"}],"wp:attachment":[{"href":"https:\/\/alice.com.br\/blog\/wp-json\/wp\/v2\/media?parent=7556"}],"wp:term":[{"taxonomy":"category","embeddable":true,"href":"https:\/\/alice.com.br\/blog\/wp-json\/wp\/v2\/categories?post=7556"},{"taxonomy":"post_tag","embeddable":true,"href":"https:\/\/alice.com.br\/blog\/wp-json\/wp\/v2\/tags?post=7556"}],"curies":[{"name":"wp","href":"https:\/\/api.w.org\/{rel}","templated":true}]}}