{"id":7569,"date":"2022-07-22T15:21:52","date_gmt":"2022-07-22T18:21:52","guid":{"rendered":"http:\/\/blog.alice.com.br\/?p=3472"},"modified":"2025-08-21T11:21:36","modified_gmt":"2025-08-21T14:21:36","slug":"obesidade-esta-em-ritmo-de-crescimento-no-brasil-como-preveni-la","status":"publish","type":"post","link":"https:\/\/alice.com.br\/blog\/sua-saude\/obesidade-esta-em-ritmo-de-crescimento-no-brasil-como-preveni-la\/","title":{"rendered":"Obesidade em ritmo de crescimento no Brasil. Como preveni-la?"},"content":{"rendered":"<html><body><p>Uma proje&ccedil;&atilde;o feita pela Federa&ccedil;&atilde;o Mundial de Obesidade apontou que 30% da popula&ccedil;&atilde;o brasileira ter&aacute; obesidade em 2030. Hoje, esse &iacute;ndice &eacute; de 21%.&nbsp;<\/p>\r\n\r\n\r\n\r\n<p>A previs&atilde;o &eacute; um reflexo de h&aacute;bitos pouco saud&aacute;veis. Segundo a pesquisa Vigitel, do Minist&eacute;rio da Sa&uacute;de, s&oacute; 22,5% dos brasileiros seguem a recomenda&ccedil;&atilde;o da OMS (Organiza&ccedil;&atilde;o Mundial da Sa&uacute;de) de comer pelo menos 400 g de frutas e hortali&ccedil;as todos os dias.&nbsp;<\/p>\r\n\r\n\r\n\r\n<p>Al&eacute;m disso, 18,2% dos brasileiros consomem cinco ou mais grupos de alimentos ultraprocessados, e 14% ingerem refrigerantes cinco ou mais vezes por semana.<\/p>\r\n\r\n\r\n\r\n<p>Para completar, <a href=\"https:\/\/alice.com.br\/blog\/sua-saude\/dia-saude-dicas-simples-praticas-para-melhorar\/\" target=\"_blank\" rel=\"noreferrer noopener\">tem ca&iacute;do a frequ&ecirc;ncia de consumo regular de feij&atilde;o<\/a> no pa&iacute;s. A taxa de adultos que dizem comer feij&atilde;o em ao menos cinco dias por semana caiu de 66,8%, em 2007, para 58,3% em 2020.<\/p>\r\n\r\n\r\n\r\n<p>Os n&iacute;veis de <a href=\"https:\/\/alice.com.br\/blog\/sua-saude\/exercicio-fisico-para-mulheres\/\" target=\"_blank\" rel=\"noreferrer noopener\">pr&aacute;tica de atividade f&iacute;sica tamb&eacute;m est&atilde;o aqu&eacute;m<\/a> do ideal&nbsp; &ndash;48,2% da popula&ccedil;&atilde;o n&atilde;o pratica quantidade suficiente para sair do sedentarismo, e 66% passam, no m&iacute;nimo, tr&ecirc;s horas do tempo livre diante da televis&atilde;o, do computador, do tablet ou do celular.<\/p>\r\n\r\n\r\n\r\n<p>&ldquo;Esse contexto de atividade f&iacute;sica insuficiente e consumo alimentar inadequado, com um amplo acesso a comidas ultraprocessadas, contribui para o aumento da obesidade no Brasil&rdquo;, aponta a nutricionista Priscila Giacomo Fassini, da <a href=\"https:\/\/alice.com.br\/\" target=\"_blank\" rel=\"noreferrer noopener\">Comunidade de Sa&uacute;de da Alice<\/a>.<\/p>\r\n\r\n\r\n\r\n<p>Ela ressalta que a obesidade &eacute; fruto da intera&ccedil;&atilde;o entre fatores gen&eacute;ticos, ambientais e comportamentais. Por isso mesmo, a preven&ccedil;&atilde;o e o tratamento devem ser multidisciplinares.&nbsp;<\/p>\r\n\r\n\r\n\r\n<h2 class=\"wp-block-heading\">Como prevenir a obesidade<\/h2>\r\n\r\n\r\n\r\n<p>O cuidado deve come&ccedil;ar cedo. &Eacute; importante que os h&aacute;bitos saud&aacute;veis estejam presentes na inf&acirc;ncia para que perdurem na adolesc&ecirc;ncia e na vida adulta.&nbsp;<\/p>\r\n\r\n\r\n\r\n<p>&ldquo;&Eacute; importante limitar o ganho de peso por meio de h&aacute;bitos alimentares, de estilo de vida saud&aacute;vel e da pr&aacute;tica de atividade f&iacute;sica. Estudos mostraram que fatores gen&eacute;ticos predisp&otilde;em os indiv&iacute;duos &agrave; obesidade, mas essa suscetibilidade pode ser atenuada por escolhas de vida mais equilibradas&rdquo;, diz Priscila Fassini.&nbsp;<\/p>\r\n\r\n\r\n\r\n<p><strong>Dicas pr&aacute;ticas&nbsp;<\/strong><\/p>\r\n\r\n\r\n\r\n<ul class=\"wp-block-list\">\r\n<li>Prefira alimentos integrais, frutas, legumes, verduras, gorduras e prote&iacute;nas de boa qualidade (como azeite e carnes magras)<\/li>\r\n\r\n\r\n\r\n<li>Coma de forma <a href=\"https:\/\/alice.com.br\/blog\/sua-saude\/tudo-que-a-ciencia-ja-sabe-sobre-a-pratica-do-mindfulness\/\" target=\"_blank\" rel=\"noreferrer noopener\">mindful<\/a>, prestando aten&ccedil;&atilde;o aos alimentos, sem se distrair com telas&nbsp;<\/li>\r\n\r\n\r\n\r\n<li>D&ecirc; prefer&ecirc;ncia &agrave; prepara&ccedil;&atilde;o e ao consumo dos alimentos em casa, para escolher bons ingredientes e evitar por&ccedil;&otilde;es grandes em restaurantes&nbsp;<\/li>\r\n\r\n\r\n\r\n<li>Evite bebidas a&ccedil;ucaradas e alco&oacute;licas; prefira &aacute;gua<\/li>\r\n\r\n\r\n\r\n<li>Evite adquirir alimentos ultraprocessados, carnes gordurosas e processadas, doces e gr&atilde;os refinados<\/li>\r\n\r\n\r\n\r\n<li><a href=\"https:\/\/alice.com.br\/blog\/sua-saude\/alimentacao-intuitiva-sinais-fome-e-saciedade\/\">Reconhe&ccedil;a sinais de fome e saciedade&nbsp;<\/a><\/li>\r\n\r\n\r\n\r\n<li>Mantenha-se em movimento e aumente seu n&iacute;vel de atividade f&iacute;sica de acordo com o aconselhamento de um(a) preparador(a) f&iacute;sico(a)<\/li>\r\n\r\n\r\n\r\n<li>Estabele&ccedil;a uma meta de cada vez<\/li>\r\n\r\n\r\n\r\n<li>Limite o tempo de tela e o tempo em que fica sentado. Fa&ccedil;a pequenas pausas ativas ao longo do dia&nbsp;<\/li>\r\n\r\n\r\n\r\n<li>Procure ter noites reparadoras de sono e reduzir seu n&iacute;vel de estresse &ndash;e n&atilde;o desconte o cansa&ccedil;o e o nervosismo na comida<\/li>\r\n<\/ul>\r\n\r\n\r\n<div class=\"wp-block-image\">\r\n<figure class=\"aligncenter size-large is-resized\"><a href=\"https:\/\/alice.com.br\/blog\/conteudos-especiais\/modelo-de-plano-alimentar-semanal-gratuito\/\" target=\"_blank\" rel=\"noreferrer noopener\"><figure class=\"wp-attachment-8541\" ><img loading=\"lazy\" decoding=\"async\" class=\"wp-image-8541\" src=\"https:\/\/alice.com.br\/blog\/wp-content\/uploads\/2022\/08\/plano-alimentar-semanal-banner-1024x731.jpg\" alt=\"planner plano alimentar semanal\" width=\"512\" height=\"366\" srcset=\"https:\/\/alice.com.br\/blog\/wp-content\/uploads\/2022\/08\/plano-alimentar-semanal-banner-1024x731.jpg 1024w, https:\/\/alice.com.br\/blog\/wp-content\/uploads\/2022\/08\/plano-alimentar-semanal-banner-300x214.jpg 300w, https:\/\/alice.com.br\/blog\/wp-content\/uploads\/2022\/08\/plano-alimentar-semanal-banner-768x548.jpg 768w, https:\/\/alice.com.br\/blog\/wp-content\/uploads\/2022\/08\/plano-alimentar-semanal-banner-100x71.jpg 100w, https:\/\/alice.com.br\/blog\/wp-content\/uploads\/2022\/08\/plano-alimentar-semanal-banner-150x107.jpg 150w, https:\/\/alice.com.br\/blog\/wp-content\/uploads\/2022\/08\/plano-alimentar-semanal-banner.jpg 1080w\" sizes=\"auto, (max-width: 512px) 100vw, 512px\"><\/figure><\/a><\/figure>\r\n<\/div>\r\n\r\n\r\n<h2 class=\"wp-block-heading\">Como tratar a obesidade<\/h2>\r\n\r\n\r\n\r\n<p>Fuja das dietas radicais que prometem perda de peso r&aacute;pido. Infelizmente, n&atilde;o h&aacute; f&oacute;rmula m&aacute;gica para tratar a obesidade.&nbsp;<\/p>\r\n\r\n\r\n\r\n<p>A Abeso (Associa&ccedil;&atilde;o Brasileira para o Estudo da Obesidade e S&iacute;ndrome Metab&oacute;lica) recomenda um tratamento que envolva alimenta&ccedil;&atilde;o, atividade f&iacute;sica e modifica&ccedil;&atilde;o comportamental.&nbsp;<\/p>\r\n\r\n\r\n\r\n<p>E, para construir um novo estilo de vida, &eacute; essencial aliar individualidade, respeito e humanidade, segundo Priscila Fassini.<\/p>\r\n\r\n\r\n\r\n<p>&ldquo;A mudan&ccedil;a de estilo de vida &eacute; a primeira estrat&eacute;gia a ser incentivada para o tratamento da obesidade, por se tratar de uma abordagem que promove transforma&ccedil;&otilde;es entre o indiv&iacute;duo e a sua rela&ccedil;&atilde;o com o alimento, al&eacute;m da atividade f&iacute;sica e de outros h&aacute;bitos do estilo de vida. Ela tamb&eacute;m promove uma melhor manuten&ccedil;&atilde;o do peso a longo prazo, quando realizada da maneira adequada e com acompanhamento profissional.&rdquo;<\/p>\r\n\r\n\r\n\r\n<p>A constru&ccedil;&atilde;o de novos h&aacute;bitos demanda tempo e dedica&ccedil;&atilde;o. O desafio &eacute; identificar os gatilhos que se tornam barreiras para alcan&ccedil;ar objetivos, sejam eles pequenos ou grandes, assim como entender os insights que ajudam a criar estrat&eacute;gias de resili&ecirc;ncia para enfrentar essas barreiras.<\/p>\r\n\r\n\r\n\r\n<p><strong>Leia tamb&eacute;m:<\/strong> <a href=\"http:\/\/alice.com.br\/blog\/mente\/estagios-motivacao-mudanca-comportamento\/\">Os 6 est&aacute;gios de motiva&ccedil;&atilde;o para a mudan&ccedil;a de comportamento<\/a><\/p>\r\n\r\n\r\n\r\n<p>Tratamentos medicamentosos devem ser discutidos e prescritos por profissionais da sa&uacute;de, assim como a cirurgia bari&aacute;trica, indicada para casos graves.&nbsp;&nbsp;<\/p>\r\n\r\n\r\n\r\n<h3 class=\"wp-block-heading\">Perda de peso saud&aacute;vel<\/h3>\r\n\r\n\r\n\r\n<p>O <a href=\"https:\/\/alice.com.br\/blog\/sua-saude\/emagrecimento-saudavel-dieta-radical\/\" target=\"_blank\" rel=\"noreferrer noopener\">emagrecimento saud&aacute;vel<\/a> envolve a perda de 5% a 10% do peso ao longo de seis meses.&nbsp;<\/p>\r\n\r\n\r\n\r\n<p>Um dos grandes desafios depois &eacute; como manter o peso, que envolve seguir as recomenda&ccedil;&otilde;es pr&aacute;ticas j&aacute; listadas acima.&nbsp;<\/p>\r\n\r\n\r\n\r\n<p>&ldquo;Uma necessidade ainda n&atilde;o atendida no tratamento da obesidade &eacute; evitar a recidiva de peso a longo prazo, visto que, em geral, 80% dos pacientes recuperam o peso perdido ap&oacute;s a interven&ccedil;&atilde;o dietoter&aacute;pica. A recupera&ccedil;&atilde;o do peso &eacute; esperada, especialmente quando o tratamento &eacute; descontinuado&rdquo;, afirma Fassini.<\/p>\r\n\r\n\r\n\r\n<h2 class=\"wp-block-heading\">Como a obesidade &eacute; identificada<\/h2>\r\n\r\n\r\n\r\n<p>O&nbsp; IMC (&Iacute;ndice de Massa Corporal) &eacute; o par&acirc;metro adotado pela OMS (Organiza&ccedil;&atilde;o Mundial de Sa&uacute;de) para classificar o peso das pessoas.<\/p>\r\n\r\n\r\n\r\n<p>Ele &eacute; calculado dividindo o peso pela altura elevada ao quadrado. Basta voc&ecirc; multiplicar sua altura por ela mesma e depois dividir seu peso pelo resultado da conta.<\/p>\r\n\r\n\r\n\r\n<p>Um exemplo: se a pessoa tem 1,70 m e 80 kg, vai multiplicar 1,70 x 1,70 = 2,89. E depois dividir o peso por esse valor: 80 \/ 2,89 = 27<\/p>\r\n\r\n\r\n\r\n<p>As classifica&ccedil;&otilde;es de acordo com o IMC s&atilde;o:<\/p>\r\n\r\n\r\n\r\n<p><strong>Peso considerado normal<\/strong>: IMC entre 18,5 e 24,9<\/p>\r\n\r\n\r\n\r\n<p><strong>Sobrepeso<\/strong>: IMC entre 25 e 29,9<\/p>\r\n\r\n\r\n\r\n<p><strong>Obesidade<\/strong>: IMC igual ou maior a 30&nbsp;<\/p>\r\n\r\n\r\n\r\n<p>Dentro dessa categoria de obesidade, ainda h&aacute; as seguintes classifica&ccedil;&otilde;es:&nbsp;<\/p>\r\n\r\n\r\n\r\n<p><strong>Grau 1<\/strong>: pessoas com IMC entre 30 e 34,9<\/p>\r\n\r\n\r\n\r\n<p><strong>Grau 2:<\/strong> de 35 a 39,9&nbsp;<\/p>\r\n\r\n\r\n\r\n<p><strong>Grau 3<\/strong>: IMC igual ou acima de 40<\/p>\r\n\r\n\r\n\r\n<p>Fassini, por&eacute;m, faz um alerta sobre o uso exclusivo do IMC no diagn&oacute;stico. &ldquo;Esse crit&eacute;rio &eacute; inadequado para diagnosticar a obesidade com precis&atilde;o, uma vez que ele n&atilde;o distingue a composi&ccedil;&atilde;o corporal e a distribui&ccedil;&atilde;o da gordura corporal do indiv&iacute;duo, que &eacute; um determinante do risco metab&oacute;lico&rdquo;, afirma.<\/p>\r\n\r\n\r\n\r\n<p>A alternativa para ter uma avalia&ccedil;&atilde;o mais assertiva do quadro &eacute; utilizar t&eacute;cnicas para a avalia&ccedil;&atilde;o da composi&ccedil;&atilde;o corporal de acordo com a especificidade de cada indiv&iacute;duo.<\/p>\r\n\r\n\r\n\r\n<h2 class=\"wp-block-heading\">Riscos da obesidade&nbsp;<\/h2>\r\n\r\n\r\n\r\n<p>O IMC elevado &eacute; reconhecido como um importante fator de risco para doen&ccedil;as cardiovasculares e renais, diabetes, alguns c&acirc;nceres e dist&uacute;rbios musculoesquel&eacute;ticos, dentre outras, segundo Fassini.<\/p>\r\n\r\n\r\n\r\n<p>Al&eacute;m disso, estudos j&aacute; identificaram rela&ccedil;&atilde;o entre o aumento do IMC e alta taxa de mortalidade em pessoas com IMC igual ou superior a 25.&nbsp;&nbsp;&nbsp;<\/p>\r\n\r\n\r\n<div class=\"wp-block-image\">\r\n<figure class=\"aligncenter size-full is-resized\"><a href=\"https:\/\/alice.com.br\/blog\/conteudos-especiais\/baixar-planilha-corrida-iniciantes\/\" target=\"_blank\" rel=\"noreferrer noopener\"><figure class=\"wp-attachment-6927\" ><img loading=\"lazy\" decoding=\"async\" class=\"wp-image-6927\" src=\"https:\/\/alice.com.br\/blog\/wp-content\/uploads\/2022\/11\/Planilha-de-corrida-para-iniciantes-Banner-1.jpg\" alt=\"Planilha de corrida para iniciantes Banner\" width=\"405\" height=\"290\" srcset=\"https:\/\/alice.com.br\/blog\/wp-content\/uploads\/2022\/11\/Planilha-de-corrida-para-iniciantes-Banner-1.jpg 810w, https:\/\/alice.com.br\/blog\/wp-content\/uploads\/2022\/11\/Planilha-de-corrida-para-iniciantes-Banner-1-300x214.jpg 300w, https:\/\/alice.com.br\/blog\/wp-content\/uploads\/2022\/11\/Planilha-de-corrida-para-iniciantes-Banner-1-768x549.jpg 768w, https:\/\/alice.com.br\/blog\/wp-content\/uploads\/2022\/11\/Planilha-de-corrida-para-iniciantes-Banner-1-100x71.jpg 100w, https:\/\/alice.com.br\/blog\/wp-content\/uploads\/2022\/11\/Planilha-de-corrida-para-iniciantes-Banner-1-150x107.jpg 150w\" sizes=\"auto, (max-width: 405px) 100vw, 405px\"><\/figure><\/a><\/figure>\r\n<\/div>\r\n\r\n\r\n<html><body><h2>Alice tem o plano de sa&uacute;de certo para a sua empresa!<\/h2>\n<p>Alice &eacute; uma empresa de tecnologia que oferece planos de sa&uacute;de empresarial e tem a miss&atilde;o de tornar o mundo mais saud&aacute;vel. Nossa plataforma de cuidado cont&iacute;nuo garante que os nossos membros recebam o cuidado certo, na hora certa e no lugar certo, proporcionando uma experi&ecirc;ncia excepcional para eles.<\/p>\n<p>Nossos planos t&ecirc;m cobertura nacional completa, assim como o atendimento e a experi&ecirc;ncia &uacute;nica do Alice Agora, parceiro de sa&uacute;de confi&aacute;vel para todas as horas, direto no app. Fale com o Time de Sa&uacute;de 24\/7, receba resposta em at&eacute; 60 segundos e, se precisar, j&aacute; fa&ccedil;a uma consulta virtual com nossa equipe m&eacute;dica.<\/p>\n<p>Alice tamb&eacute;m tem suporte completo ao seu RH, com dados estrat&eacute;gicos para sua gest&atilde;o &ndash; desde reports de sa&uacute;de populacional at&eacute; de custo de cuidado &ndash;, onboarding exclusivo e account manager dedicado.<\/p>\n<p>Veja como Alice cuida do seu time e do seu or&ccedil;amento.<\/p>\n<html><body><div class=\"cta cta--post--slim_withlogo\">\n\t\t\t\t\t\t\t\t\t<a href=\"https:\/\/alice.com.br\/simulador\">\n\t\t\t\t\t\t\t\t\t<div class=\"logo\">\n\t\t\t\t\t\t\t\t\t\t<img src=\"https:\/\/alice.com.br\/blog\/wp-content\/themes\/arada\/dist\/images\/alice.svg\" width=\"288\" height=\"150\" aria-label=\"hidden\">\n\t\t\t\t\t\t\t\t\t<\/div>\n\t\t\t\t\t\t\t\t\t<span class=\"title\">Fa&ccedil;a uma Cota&ccedil;&atilde;o<\/span><span class=\"icon icon--arrow_right\"><\/span><\/a>\n\t\t\t\t\t\t\t\t<\/div><\/body><\/html><\/body><\/html><\/body><\/html>\n","protected":false},"excerpt":{"rendered":"At\u00e9 2030, 30% dos brasileiros podem ter obesidade. Saiba causas, riscos e como prevenir com h\u00e1bitos saud\u00e1veis e acompanhamento profissional.","protected":false},"author":5,"featured_media":7725,"comment_status":"closed","ping_status":"closed","sticky":false,"template":"","format":"standard","meta":{"_acf_changed":false,"footnotes":""},"categories":[5],"tags":[75,130,92,126],"class_list":["post-7569","post","type-post","status-publish","format-standard","has-post-thumbnail","hentry","category-sua-saude","tag-alimentacao","tag-atividade-fisica","tag-bem-estar","tag-emagrecimento"],"acf":[],"_links":{"self":[{"href":"https:\/\/alice.com.br\/blog\/wp-json\/wp\/v2\/posts\/7569","targetHints":{"allow":["GET"]}}],"collection":[{"href":"https:\/\/alice.com.br\/blog\/wp-json\/wp\/v2\/posts"}],"about":[{"href":"https:\/\/alice.com.br\/blog\/wp-json\/wp\/v2\/types\/post"}],"author":[{"embeddable":true,"href":"https:\/\/alice.com.br\/blog\/wp-json\/wp\/v2\/users\/5"}],"replies":[{"embeddable":true,"href":"https:\/\/alice.com.br\/blog\/wp-json\/wp\/v2\/comments?post=7569"}],"version-history":[{"count":7,"href":"https:\/\/alice.com.br\/blog\/wp-json\/wp\/v2\/posts\/7569\/revisions"}],"predecessor-version":[{"id":19523,"href":"https:\/\/alice.com.br\/blog\/wp-json\/wp\/v2\/posts\/7569\/revisions\/19523"}],"wp:featuredmedia":[{"embeddable":true,"href":"https:\/\/alice.com.br\/blog\/wp-json\/wp\/v2\/media\/7725"}],"wp:attachment":[{"href":"https:\/\/alice.com.br\/blog\/wp-json\/wp\/v2\/media?parent=7569"}],"wp:term":[{"taxonomy":"category","embeddable":true,"href":"https:\/\/alice.com.br\/blog\/wp-json\/wp\/v2\/categories?post=7569"},{"taxonomy":"post_tag","embeddable":true,"href":"https:\/\/alice.com.br\/blog\/wp-json\/wp\/v2\/tags?post=7569"}],"curies":[{"name":"wp","href":"https:\/\/api.w.org\/{rel}","templated":true}]}}