{"id":9525,"date":"2022-12-02T12:32:45","date_gmt":"2022-12-02T15:32:45","guid":{"rendered":"https:\/\/blog.alice.com.br\/?p=9525"},"modified":"2025-08-21T11:22:54","modified_gmt":"2025-08-21T14:22:54","slug":"o-que-causa-insonia-e-tratamentos","status":"publish","type":"post","link":"https:\/\/alice.com.br\/blog\/sua-saude\/o-que-causa-insonia-e-tratamentos\/","title":{"rendered":"Quais as causas da ins\u00f4nia, sintomas, tipos e como trat\u00e1-la?"},"content":{"rendered":"<html><body><p>Se o corpo d&aacute; sinais de cansa&ccedil;o, &eacute; porque precisa repousar para recarregar as energias. Seguindo essa l&oacute;gica, bastaria deitar e dormir bem, certo? Mas as coisas nem sempre s&atilde;o t&atilde;o simples assim &mdash; do contr&aacute;rio, n&atilde;o existiria ins&ocirc;nia.<\/p>\r\n\r\n\r\n\r\n<p>Na rela&ccedil;&atilde;o entre o corpo f&iacute;sico e a mente, a sobrecarga do cotidiano pode estar acompanhada de preocupa&ccedil;&otilde;es e quest&otilde;es a resolver, desencadeando um ciclo vicioso de ansiedade e alerta.&nbsp;<\/p>\r\n\r\n\r\n\r\n<h2 class=\"wp-block-heading\">O que &eacute; ins&ocirc;nia?<\/h2>\r\n\r\n\r\n\r\n<p>A sequ&ecirc;ncia de dias de exaust&atilde;o e noites com dificuldade para dormir resulta em ins&ocirc;nia. O dist&uacute;rbio &eacute; caracterizado pela insatisfa&ccedil;&atilde;o persistente com a quantidade e a qualidade do sono.<\/p>\r\n\r\n\r\n\r\n<p>O corpo de cada pessoa pede horas de sono variadas. Por&eacute;m, de acordo com o NHS (National Health Service do Reino Unido), essa &eacute; a m&eacute;dia:<\/p>\r\n\r\n\r\n\r\n<ul class=\"wp-block-list\">\r\n<li>Adultos precisam de 7 a 9 horas;<\/li>\r\n\r\n\r\n\r\n<li>Crian&ccedil;as precisam de 7 a 13 horas;<\/li>\r\n\r\n\r\n\r\n<li>Beb&ecirc;s precisam de 12 a 17 horas.<\/li>\r\n<\/ul>\r\n\r\n\r\n\r\n<h2 class=\"wp-block-heading\">Tipos de ins&ocirc;nia<\/h2>\r\n\r\n\r\n\r\n<p>A <a href=\"https:\/\/www.ucsfhealth.org\/conditions\/insomnia\" target=\"_blank\" rel=\"noreferrer noopener nofollow\">University of California San Francisco<\/a>, nos Estados Unidos, classifica o dist&uacute;rbio do sono em tr&ecirc;s categorias:<\/p>\r\n\r\n\r\n\r\n<h3 class=\"wp-block-heading\">Intermitente<\/h3>\r\n\r\n\r\n\r\n<p>Quando os epis&oacute;dios de ins&ocirc;nia v&atilde;o e vem com certa periodicidade.<\/p>\r\n\r\n\r\n\r\n<h3 class=\"wp-block-heading\">Transiente<\/h3>\r\n\r\n\r\n\r\n<p>Quando a ins&ocirc;nia aparece em poucas noites e depois passa.<\/p>\r\n\r\n\r\n\r\n<h3 class=\"wp-block-heading\">Cr&ocirc;nica<\/h3>\r\n\r\n\r\n\r\n<p>Quando h&aacute; ins&ocirc;nia na maior parte das noites, com dura&ccedil;&atilde;o de um m&ecirc;s ou mais.<\/p>\r\n\r\n\r\n\r\n<h2 class=\"wp-block-heading\">Quais as causas da ins&ocirc;nia?<\/h2>\r\n\r\n\r\n\r\n<p>De acordo com a Associa&ccedil;&atilde;o Brasileira do Sono, a ins&ocirc;nia surge, essencialmente, de um evento estressor. Por h&aacute;bitos ruins e associa&ccedil;&otilde;es mentais negativas, ela pode persistir e at&eacute; se tornar cr&ocirc;nica.&nbsp;<\/p>\r\n\r\n\r\n\r\n<p>&ldquo;Mas ela tamb&eacute;m costuma estar ligada a outras condi&ccedil;&otilde;es cl&iacute;nicas, manifestando-se inicialmente como &lsquo;sintoma&rsquo; e, em um momento posterior, como &lsquo;transtorno&rsquo;&rdquo;, <a href=\"https:\/\/absono.com.br\/wp-content\/uploads\/2021\/03\/consenso_insonia_sono_diagnostico_tratamento.pdf\" target=\"_blank\" rel=\"noreferrer noopener nofollow\">consta nesta cartilha da Associa&ccedil;&atilde;o<\/a>.<\/p>\r\n\r\n\r\n\r\n<p>A avalia&ccedil;&atilde;o do que pode estar causando o dist&uacute;rbio leva em conta o estado de sa&uacute;de da pessoa, sua rotina individual e as condi&ccedil;&otilde;es do ambiente em que ela dorme.<\/p>\r\n\r\n\r\n\r\n<p>Um dos objetivos &eacute; avaliar os ritmos circadianos, que correspondem &agrave;s mudan&ccedil;as f&iacute;sicas, mentais e <a href=\"https:\/\/alice.com.br\/blog\/sua-saude\/estagios-motivacao-mudanca-comportamento\/\" target=\"_blank\" rel=\"noreferrer noopener\">comportamentais <\/a>realizadas num ciclo de 24 horas. Esse processo interno &eacute; regulado princi palmente pela luz natural e afeta a temperatura do corpo, o metabolismo, os horm&ocirc;nios e o sono.&nbsp;<\/p>\r\n\r\n\r\n\r\n<p>Um <a href=\"https:\/\/onlinelibrary.wiley.com\/doi\/abs\/10.1002\/ana.23945\" target=\"_blank\" rel=\"noreferrer noopener nofollow\">estudo realizado em S&atilde;o Paulo<\/a> com 1.042 pessoas apontou, pelos crit&eacute;rios cl&iacute;nicos, preval&ecirc;ncia de 15% de ins&ocirc;nia. Com base em exames, o &iacute;ndice subiu para 32%.<\/p>\r\n\r\n\r\n\r\n<h3 class=\"wp-block-heading\">Causas m&eacute;dicas<\/h3>\r\n\r\n\r\n\r\n<p>O dist&uacute;rbio &eacute; mais comum em mulheres do que em homens. Acredita-se que haja influ&ecirc;ncia hormonal, uma vez que a maior preval&ecirc;ncia no g&ecirc;nero feminino come&ccedil;a desde a puberdade.&nbsp;<\/p>\r\n\r\n\r\n\r\n<p>O n&uacute;mero de diagn&oacute;sticos tamb&eacute;m &eacute; maior em idosos, que costumam ter o sono mais fragmentado e apresentar mais doen&ccedil;as associadas.&nbsp;<\/p>\r\n\r\n\r\n\r\n<p>Essas s&atilde;o algumas das condi&ccedil;&otilde;es m&eacute;dicas mais ligadas &agrave; ins&ocirc;nia, segundo o NHS:<\/p>\r\n\r\n\r\n\r\n<ul class=\"wp-block-list\">\r\n<li>Condi&ccedil;&otilde;es de sa&uacute;de mental, como esquizofrenia ou transtorno bipolar;<\/li>\r\n\r\n\r\n\r\n<li>Alzheimer ou Parkinson;<\/li>\r\n\r\n\r\n\r\n<li>S&iacute;ndrome das pernas inquietas;<\/li>\r\n\r\n\r\n\r\n<li><a href=\"https:\/\/alice.com.br\/blog\/sua-saude\/exame-de-tireoide-quando-fazer\/\" target=\"_blank\" rel=\"noreferrer noopener\">Hipertireoidismo<\/a>;&nbsp;<\/li>\r\n\r\n\r\n\r\n<li>Menopausa;<\/li>\r\n\r\n\r\n\r\n<li>Dores cr&ocirc;nicas;<\/li>\r\n\r\n\r\n\r\n<li>Sonambulismo;<\/li>\r\n\r\n\r\n\r\n<li>Apneia do sono;<\/li>\r\n\r\n\r\n\r\n<li>Narcolepsia;<\/li>\r\n<\/ul>\r\n\r\n\r\n\r\n<h3 class=\"wp-block-heading\">Causas psicol&oacute;gicas e comportamentais<\/h3>\r\n\r\n\r\n\r\n<p>Tamb&eacute;m existe a possibilidade de a ins&ocirc;nia estar associada a casos de depress&atilde;o e de <a href=\"https:\/\/alice.com.br\/blog\/sua-saude\/crise-de-ansiedade-sinais-e-como-lidar\/\" target=\"_blank\" rel=\"noreferrer noopener\">transtorno de ansiedade<\/a> &mdash; pode se tratar de uma rela&ccedil;&atilde;o bidirecional, em que uma condi&ccedil;&atilde;o leva &agrave; outra.&nbsp;<\/p>\r\n\r\n\r\n\r\n<p>O terror noturno {inquieta&ccedil;&atilde;o, pesadelos e confus&atilde;o mental que n&atilde;o s&atilde;o lembrados no dia seguinte} tamb&eacute;m pode estar associado &agrave;s noites maldormidas.<\/p>\r\n\r\n\r\n\r\n<p>Quando falamos em quest&otilde;es comportamentais, tamb&eacute;m podemos citar como causas da ins&ocirc;nia:<\/p>\r\n\r\n\r\n\r\n<ul class=\"wp-block-list\">\r\n<li>Estresse;<\/li>\r\n\r\n\r\n\r\n<li>Barulho;<\/li>\r\n\r\n\r\n\r\n<li>Um quarto quente ou frio demais;<\/li>\r\n\r\n\r\n\r\n<li>Cama desconfort&aacute;vel;<\/li>\r\n\r\n\r\n\r\n<li>Consumo de &aacute;lcool, cafe&iacute;na ou nicotina;<\/li>\r\n\r\n\r\n\r\n<li>Uso de drogas recreacionais, como coca&iacute;na e ecstasy;<\/li>\r\n\r\n\r\n\r\n<li>Jet lag;<\/li>\r\n\r\n\r\n\r\n<li>Turnos de trabalho que n&atilde;o facilitam o adormecimento {como quem trabalha at&eacute; tarde ou faz expediente de madrugada}.<\/li>\r\n<\/ul>\r\n\r\n\r\n<div class=\"wp-block-image\">\r\n<figure class=\"aligncenter size-large is-resized\"><a href=\"https:\/\/alice.com.br\/blog\/conteudos-especiais\/modelo-de-plano-alimentar-semanal-gratuito\/\" target=\"_blank\" rel=\"noreferrer noopener\"><figure class=\"wp-attachment-8541\" ><img loading=\"lazy\" decoding=\"async\" class=\"wp-image-8541\" src=\"https:\/\/alice.com.br\/blog\/wp-content\/uploads\/2022\/08\/plano-alimentar-semanal-banner-1024x731.jpg\" alt=\"planner plano alimentar semanal\" width=\"512\" height=\"366\" srcset=\"https:\/\/alice.com.br\/blog\/wp-content\/uploads\/2022\/08\/plano-alimentar-semanal-banner-1024x731.jpg 1024w, https:\/\/alice.com.br\/blog\/wp-content\/uploads\/2022\/08\/plano-alimentar-semanal-banner-300x214.jpg 300w, https:\/\/alice.com.br\/blog\/wp-content\/uploads\/2022\/08\/plano-alimentar-semanal-banner-768x548.jpg 768w, https:\/\/alice.com.br\/blog\/wp-content\/uploads\/2022\/08\/plano-alimentar-semanal-banner-100x71.jpg 100w, https:\/\/alice.com.br\/blog\/wp-content\/uploads\/2022\/08\/plano-alimentar-semanal-banner-150x107.jpg 150w, https:\/\/alice.com.br\/blog\/wp-content\/uploads\/2022\/08\/plano-alimentar-semanal-banner.jpg 1080w\" sizes=\"auto, (max-width: 512px) 100vw, 512px\"><\/figure><\/a><\/figure>\r\n<\/div>\r\n\r\n\r\n<h2 class=\"wp-block-heading\">Existem fatores de risco que contribuem para a ins&ocirc;nia?<\/h2>\r\n\r\n\r\n\r\n<p>Levando em considera&ccedil;&atilde;o as causas acima, pode-se dizer que algumas pessoas est&atilde;o mais propensas a terem ins&ocirc;nia, <a href=\"https:\/\/www.mayoclinic.org\/diseases-conditions\/insomnia\/symptoms-causes\/syc-20355167\" target=\"_blank\" rel=\"noreferrer noopener nofollow\">de acordo com a Mayo Clinic<\/a>:<\/p>\r\n\r\n\r\n\r\n<ul class=\"wp-block-list\">\r\n<li>Mulheres;<\/li>\r\n\r\n\r\n\r\n<li>Pessoas acima de 60 anos;<\/li>\r\n\r\n\r\n\r\n<li>Pessoas com transtornos de sa&uacute;de mental;<\/li>\r\n\r\n\r\n\r\n<li>Pessoas sob muito estresse;<\/li>\r\n\r\n\r\n\r\n<li>Pessoas sem uma rotina regular, que sempre trocam de turno de trabalho ou viajam para outros fuso-hor&aacute;rios.<\/li>\r\n<\/ul>\r\n\r\n\r\n\r\n<h2 class=\"wp-block-heading\">Principais sintomas da ins&ocirc;nia<\/h2>\r\n\r\n\r\n\r\n<p>Ser&aacute; que a falta de sono &eacute; a &uacute;nica manifesta&ccedil;&atilde;o da ins&ocirc;nia? Conhe&ccedil;a outras:<\/p>\r\n\r\n\r\n\r\n<ul class=\"wp-block-list\">\r\n<li>Dificuldade de cair no sono;<\/li>\r\n\r\n\r\n\r\n<li>Acordar no meio da noite;<\/li>\r\n\r\n\r\n\r\n<li>Acordar cedo demais e n&atilde;o conseguir voltar a dormir;<\/li>\r\n\r\n\r\n\r\n<li>N&atilde;o sentir que descansou bem depois de uma noite inteira de sono;<\/li>\r\n\r\n\r\n\r\n<li>Cansa&ccedil;o ou sonol&ecirc;ncia diurna;<\/li>\r\n\r\n\r\n\r\n<li>Dificuldade de tirar um cochilo de dia, apesar do cansa&ccedil;o;<\/li>\r\n\r\n\r\n\r\n<li>Irritabilidade;&nbsp;<\/li>\r\n\r\n\r\n\r\n<li>Depress&atilde;o ou ansiedade;<\/li>\r\n\r\n\r\n\r\n<li>Dificuldade de prestar aten&ccedil;&atilde;o e de focar;<\/li>\r\n\r\n\r\n\r\n<li><a href=\"https:\/\/alice.com.br\/blog\/sua-saude\/por-que-esquecemos-detalhes-de-algumas-lembrancas\/\" target=\"_blank\" rel=\"noreferrer noopener\">Mem&oacute;ria prejudicada<\/a>;<\/li>\r\n\r\n\r\n\r\n<li>Aumento nos erros e acidentes;<\/li>\r\n\r\n\r\n\r\n<li>Preocupar-se com o sono {&ldquo;ser&aacute; que essa noite vou <a href=\"https:\/\/alice.com.br\/blog\/sua-saude\/dicas-para-dormir-melhor\/\" target=\"_blank\" rel=\"noreferrer noopener\">dormir bem<\/a>?&rdquo;}.<\/li>\r\n<\/ul>\r\n\r\n\r\n\r\n<h2 class=\"wp-block-heading\">Como &eacute; feito o diagn&oacute;stico da ins&ocirc;nia?<\/h2>\r\n\r\n\r\n\r\n<p>Ele &eacute; feito com base nos sintomas apresentados. Se a lista bater, &eacute; ins&ocirc;nia. O papel do profissional da sa&uacute;de aqui &eacute; investigar as poss&iacute;veis causas do dist&uacute;rbio do sono para seguir com o tratamento.<\/p>\r\n\r\n\r\n\r\n<h2 class=\"wp-block-heading\">Qual o tratamento para ins&ocirc;nia?<\/h2>\r\n\r\n\r\n\r\n<p>A primeira medida para tentar acabar com a ins&ocirc;nia &eacute; <a href=\"https:\/\/alice.com.br\/blog\/sua-saude\/dormir-cabelo-umido-faz-mal-10-habitos-de-sono\/\" target=\"_blank\" rel=\"noreferrer noopener\">adequar o estilo de vida<\/a>. Para isso, &eacute; preciso adotar recomenda&ccedil;&otilde;es de higiene do sono, como fazer exerc&iacute;cios regulares, controlar o estresse, reduzir ru&iacute;dos e a luminosidade no ambiente, adotar atividades relaxantes antes do hor&aacute;rio programado para dormir e evitar &aacute;lcool, cafe&iacute;na e outros estimulantes no per&iacute;odo noturno. Voc&ecirc; ver&aacute; mais dicas de <a href=\"https:\/\/alice.com.br\/blog\/podcasts\/rituais-de-higiene-do-sono\/\" target=\"_blank\" rel=\"noreferrer noopener\">higiene do sono<\/a> mais abaixo.<\/p>\r\n\r\n\r\n\r\n<p>Quando somente a adequa&ccedil;&atilde;o da rotina n&atilde;o &eacute; suficiente, &eacute; poss&iacute;vel recorrer a outras formas de tratamento.&nbsp;<\/p>\r\n\r\n\r\n\r\n<p>&ldquo;Com o diagn&oacute;stico de ins&ocirc;nia e os fatores associados esclarecidos, o tratamento envolve primordialmente medidas comportamentais, como <a href=\"https:\/\/alice.com.br\/blog\/sua-saude\/o-que-e-terapia-cognitivo-comportamental-tcc\/\" target=\"_blank\" rel=\"noreferrer noopener\">terapia cognitivo comportamental<\/a> e terapia de aceita&ccedil;&atilde;o e compromisso. Em alguns casos, pode ser necess&aacute;rio o uso de medicamentos&rdquo;, afirma a m&eacute;dica Fernanda Haddad.<\/p>\r\n\r\n\r\n\r\n<h3 class=\"wp-block-heading\">Terapia cognitivo comportamental no tratamento da ins&ocirc;nia<\/h3>\r\n\r\n\r\n\r\n<p>A terapia cognitivo comportamental para o sono &eacute; realizada em sess&otilde;es com psic&oacute;logo para trabalhar pensamentos e comportamentos negativos em rela&ccedil;&atilde;o ao sono. Busca-se avaliar as dificuldades para dormir e incorporar atitudes assertivas, al&eacute;m de t&eacute;cnicas de relaxamento e de controle de est&iacute;mulos.&nbsp;<\/p>\r\n\r\n\r\n\r\n<p>Outra forma de tratar a ins&ocirc;nia &eacute; a terapia de aceita&ccedil;&atilde;o e compromisso. Essa t&eacute;cnica pode ser bastante &uacute;til para pessoas que t&ecirc;m dificuldade de se desconectar mentalmente das atividades di&aacute;rias, sobretudo as do trabalho.&nbsp;<\/p>\r\n\r\n\r\n\r\n<p>A proposta &eacute; compreender a tens&atilde;o associada ao momento em que se tenta dormir. Em vez de buscar controlar o desconforto, prioriza-se o sentimento de aceita&ccedil;&atilde;o na tentativa de diminuir a excita&ccedil;&atilde;o fisiol&oacute;gica por ele causada.&nbsp;&nbsp;<\/p>\r\n\r\n\r\n\r\n<p>As sess&otilde;es procuram direcionar e adequar atitudes que geram sofrimento para comportamentos mais condizentes com os valores pessoais. O objetivo &eacute; tentar incorporar aos pensamentos um sentido para a pr&oacute;pria exist&ecirc;ncia e aplic&aacute;-lo no dia a dia, de modo a restabelecer uma rotina saud&aacute;vel, com noites tranquilas de sono.&nbsp;&nbsp;&nbsp;<\/p>\r\n\r\n\r\n\r\n<p>Para os pesquisadores do tema, do ponto de vista psicol&oacute;gico &eacute; muito importante buscar disposi&ccedil;&atilde;o para administrar conflitos, uma vez que a personalidade e a forma como se lida com determinadas situa&ccedil;&otilde;es podem deflagrar os sinais de estresse que comprometem o sono.&nbsp;<\/p>\r\n\r\n\r\n\r\n<p>&ldquo;Para isso, o <a href=\"https:\/\/alice.com.br\/blog\/videos\/como-pedir-ajuda\/\" target=\"_blank\" rel=\"noreferrer noopener\">autoconhecimento<\/a> &eacute; a melhor chave para express&atilde;o e manejo das necessidades, condi&ccedil;&otilde;es b&aacute;sicas para o acesso &agrave; tranquilidade mental e estado de entrega, estes sim, intr&iacute;nsecos ao processo de dormir&rdquo;, destaca <a href=\"https:\/\/absono.com.br\/wp-content\/uploads\/2021\/03\/cartilha_sono_normal_2021.pdf\" target=\"_blank\" rel=\"noreferrer noopener nofollow\">cartilha da Associa&ccedil;&atilde;o Brasileira do Sono<\/a>.&nbsp;&nbsp;<\/p>\r\n\r\n\r\n\r\n<h3 class=\"wp-block-heading\">Existe preven&ccedil;&atilde;o para a ins&ocirc;nia?<\/h3>\r\n\r\n\r\n\r\n<p>Al&eacute;m de cuidar das condi&ccedil;&otilde;es que facilitam a ins&ocirc;nia, como depress&atilde;o e ansiedade, e fugir dos fatores de risco, como abuso de &aacute;lcool e <a href=\"https:\/\/alice.com.br\/blog\/sua-saude\/como-parar-de-fumar-dicas\/\" target=\"_blank\" rel=\"noreferrer noopener\">tabagismo<\/a>, voc&ecirc; pode ouvir a palavra da higiene do sono.&nbsp;<\/p>\r\n\r\n\r\n\r\n<h2 class=\"wp-block-heading\">Como dormir melhor? Dicas de higiene do sono<\/h2>\r\n\r\n\r\n\r\n<ol class=\"wp-block-list\">\r\n<li>Ter hor&aacute;rios regulares para dormir e acordar<\/li>\r\n\r\n\r\n\r\n<li>Manter <a href=\"https:\/\/alice.com.br\/blog\/sua-saude\/planilha-de-corrida-para-iniciantes\/\" target=\"_blank\" rel=\"noreferrer noopener\">atividade f&iacute;sica regular<\/a>, mas evitar exerc&iacute;cios pr&oacute;ximo ao hor&aacute;rio de dormir<\/li>\r\n\r\n\r\n\r\n<li>Encontrar maneiras de aliviar o estresse (atividades prazerosas, medita&ccedil;&atilde;o)<\/li>\r\n\r\n\r\n\r\n<li><a href=\"https:\/\/alice.com.br\/blog\/sua-saude\/como-montar-plano-alimentar\/\" target=\"_blank\" rel=\"noreferrer noopener\">Alimentar-se de forma leve e saud&aacute;vel<\/a> no jantar<\/li>\r\n\r\n\r\n\r\n<li>Evitar alimentos e bebidas estimulantes no fim do dia<\/li>\r\n\r\n\r\n\r\n<li>Deixar as telas (celulares, tablets, TV e afins) de lado duas horas antes de ir para a cama<\/li>\r\n\r\n\r\n\r\n<li>Reduzir a <a href=\"https:\/\/alice.com.br\/blog\/sua-saude\/modo-noturno-celular-qualidade-sono\/\" target=\"_blank\" rel=\"noreferrer noopener\">luminosidade do ambient<\/a>e no per&iacute;odo noturno<\/li>\r\n\r\n\r\n\r\n<li>Fazer atividades relaxantes antes de dormir (banho, leitura, m&uacute;sica)<\/li>\r\n\r\n\r\n\r\n<li>Deitar na cama somente no hor&aacute;rio de dormir<\/li>\r\n<\/ol>\r\n\r\n\r\n<div class=\"wp-block-image\">\r\n<figure class=\"aligncenter size-large is-resized\"><a href=\"https:\/\/alice.com.br\/blog\/conteudos-especiais\/planner-controle-de-habitos-gratis\/\" target=\"_blank\" rel=\"noreferrer noopener\"><figure class=\"wp-attachment-10142\" ><img loading=\"lazy\" decoding=\"async\" class=\"wp-image-10142\" src=\"https:\/\/alice.com.br\/blog\/wp-content\/uploads\/2022\/12\/Planner-de-Controle-de-Habitos_Banner-para-LP-1024x731.jpg\" alt=\"Planner de Controle de H&aacute;bitos\" width=\"512\" height=\"366\" srcset=\"https:\/\/alice.com.br\/blog\/wp-content\/uploads\/2022\/12\/Planner-de-Controle-de-Habitos_Banner-para-LP-1024x731.jpg 1024w, https:\/\/alice.com.br\/blog\/wp-content\/uploads\/2022\/12\/Planner-de-Controle-de-Habitos_Banner-para-LP-300x214.jpg 300w, https:\/\/alice.com.br\/blog\/wp-content\/uploads\/2022\/12\/Planner-de-Controle-de-Habitos_Banner-para-LP-768x548.jpg 768w, https:\/\/alice.com.br\/blog\/wp-content\/uploads\/2022\/12\/Planner-de-Controle-de-Habitos_Banner-para-LP-100x71.jpg 100w, https:\/\/alice.com.br\/blog\/wp-content\/uploads\/2022\/12\/Planner-de-Controle-de-Habitos_Banner-para-LP-150x107.jpg 150w, https:\/\/alice.com.br\/blog\/wp-content\/uploads\/2022\/12\/Planner-de-Controle-de-Habitos_Banner-para-LP.jpg 1080w\" sizes=\"auto, (max-width: 512px) 100vw, 512px\"><\/figure><\/a><\/figure>\r\n<\/div>\r\n\r\n\r\n<html><body><h2>Alice tem o plano de sa&uacute;de certo para a sua empresa!<\/h2>\n<p>Alice &eacute; uma empresa de tecnologia que oferece planos de sa&uacute;de empresarial e tem a miss&atilde;o de tornar o mundo mais saud&aacute;vel. Nossa plataforma de cuidado cont&iacute;nuo garante que os nossos membros recebam o cuidado certo, na hora certa e no lugar certo, proporcionando uma experi&ecirc;ncia excepcional para eles.<\/p>\n<p>Nossos planos t&ecirc;m cobertura nacional completa, assim como o atendimento e a experi&ecirc;ncia &uacute;nica do Alice Agora, parceiro de sa&uacute;de confi&aacute;vel para todas as horas, direto no app. Fale com o Time de Sa&uacute;de 24\/7, receba resposta em at&eacute; 60 segundos e, se precisar, j&aacute; fa&ccedil;a uma consulta virtual com nossa equipe m&eacute;dica.<\/p>\n<p>Alice tamb&eacute;m tem suporte completo ao seu RH, com dados estrat&eacute;gicos para sua gest&atilde;o &ndash; desde reports de sa&uacute;de populacional at&eacute; de custo de cuidado &ndash;, onboarding exclusivo e account manager dedicado.<\/p>\n<p>Veja como Alice cuida do seu time e do seu or&ccedil;amento.<\/p>\n<html><body><div class=\"cta cta--post--slim_withlogo\">\n\t\t\t\t\t\t\t\t\t<a href=\"https:\/\/alice.com.br\/simulador\">\n\t\t\t\t\t\t\t\t\t<div class=\"logo\">\n\t\t\t\t\t\t\t\t\t\t<img src=\"https:\/\/alice.com.br\/blog\/wp-content\/themes\/arada\/dist\/images\/alice.svg\" width=\"288\" height=\"150\" aria-label=\"hidden\">\n\t\t\t\t\t\t\t\t\t<\/div>\n\t\t\t\t\t\t\t\t\t<span class=\"title\">Fa&ccedil;a uma Cota&ccedil;&atilde;o<\/span><span class=\"icon icon--arrow_right\"><\/span><\/a>\n\t\t\t\t\t\t\t\t<\/div><\/body><\/html><\/body><\/html><\/body><\/html>\n","protected":false},"excerpt":{"rendered":"Dificuldade para dormir prejudica n\u00e3o s\u00f3 o descanso noturno, mas tamb\u00e9m as atividades do dia a dia; veja o que causa ins\u00f4nia e como trat\u00e1-la.\r\n","protected":false},"author":5,"featured_media":7171,"comment_status":"closed","ping_status":"closed","sticky":false,"template":"","format":"standard","meta":{"_acf_changed":false,"footnotes":""},"categories":[5],"tags":[92],"class_list":["post-9525","post","type-post","status-publish","format-standard","has-post-thumbnail","hentry","category-sua-saude","tag-bem-estar"],"acf":[],"_links":{"self":[{"href":"https:\/\/alice.com.br\/blog\/wp-json\/wp\/v2\/posts\/9525","targetHints":{"allow":["GET"]}}],"collection":[{"href":"https:\/\/alice.com.br\/blog\/wp-json\/wp\/v2\/posts"}],"about":[{"href":"https:\/\/alice.com.br\/blog\/wp-json\/wp\/v2\/types\/post"}],"author":[{"embeddable":true,"href":"https:\/\/alice.com.br\/blog\/wp-json\/wp\/v2\/users\/5"}],"replies":[{"embeddable":true,"href":"https:\/\/alice.com.br\/blog\/wp-json\/wp\/v2\/comments?post=9525"}],"version-history":[{"count":12,"href":"https:\/\/alice.com.br\/blog\/wp-json\/wp\/v2\/posts\/9525\/revisions"}],"predecessor-version":[{"id":19526,"href":"https:\/\/alice.com.br\/blog\/wp-json\/wp\/v2\/posts\/9525\/revisions\/19526"}],"wp:featuredmedia":[{"embeddable":true,"href":"https:\/\/alice.com.br\/blog\/wp-json\/wp\/v2\/media\/7171"}],"wp:attachment":[{"href":"https:\/\/alice.com.br\/blog\/wp-json\/wp\/v2\/media?parent=9525"}],"wp:term":[{"taxonomy":"category","embeddable":true,"href":"https:\/\/alice.com.br\/blog\/wp-json\/wp\/v2\/categories?post=9525"},{"taxonomy":"post_tag","embeddable":true,"href":"https:\/\/alice.com.br\/blog\/wp-json\/wp\/v2\/tags?post=9525"}],"curies":[{"name":"wp","href":"https:\/\/api.w.org\/{rel}","templated":true}]}}