{"id":21,"name":"Amanda Mill\u00e9o","url":"","description":"Jornalista especialista em Sa\u00fade e Ci\u00eancias, mestre em Comunica\u00e7\u00e3o pela Universidade Federal do Paran\u00e1, pesquisadora do movimento antivacinas. Tamb\u00e9m \u00e9 membra da Rede Brasileira de Jornalistas e Comunicadores de Ci\u00eancia (RedeComCi\u00eancia). Atua na produ\u00e7\u00e3o de conte\u00fados na Alice.","link":"https:\/\/alice.com.br\/blog\/author\/amandamilleo\/","slug":"amandamilleo","avatar_urls":{"24":"https:\/\/secure.gravatar.com\/avatar\/b0d340e5e65ad23176bd9b7e099a5704db67567f480ccbdf95dd599cfb1328b1?s=24&d=mm&r=g","48":"https:\/\/secure.gravatar.com\/avatar\/b0d340e5e65ad23176bd9b7e099a5704db67567f480ccbdf95dd599cfb1328b1?s=48&d=mm&r=g","96":"https:\/\/secure.gravatar.com\/avatar\/b0d340e5e65ad23176bd9b7e099a5704db67567f480ccbdf95dd599cfb1328b1?s=96&d=mm&r=g"},"meta":{"web_stories_tracking_optin":false,"web_stories_media_optimization":true,"web_stories_onboarding":{"safeZone":true}},"acf":[],"_links":{"self":[{"href":"https:\/\/alice.com.br\/blog\/wp-json\/wp\/v2\/users\/21","targetHints":{"allow":["GET"]}}],"collection":[{"href":"https:\/\/alice.com.br\/blog\/wp-json\/wp\/v2\/users"}]}}